{"id":224802,"date":"2023-12-24T00:02:00","date_gmt":"2023-12-23T23:02:00","guid":{"rendered":"https:\/\/www.leccecronaca.it\/?p=224802"},"modified":"2023-12-24T13:33:34","modified_gmt":"2023-12-24T12:33:34","slug":"novita-editoriali-la-storia-di-zelia","status":"publish","type":"post","link":"https:\/\/www.leccecronaca.it\/index.php\/2023\/12\/24\/novita-editoriali-la-storia-di-zelia\/","title":{"rendered":"NOVITA\u2019 EDITORIALI \/ LA STORIA DI ZELIA"},"content":{"rendered":"\n<p><img decoding=\"async\" loading=\"lazy\" width=\"1280\" height=\"720\" class=\"wp-image-224804\" style=\"width: 1200px;\" src=\"https:\/\/www.leccecronaca.it\/wordpress\/wp-content\/uploads\/2023\/12\/maxresdefault.jpg\" alt=\"\" srcset=\"https:\/\/www.leccecronaca.it\/wordpress\/wp-content\/uploads\/2023\/12\/maxresdefault.jpg 1280w, https:\/\/www.leccecronaca.it\/wordpress\/wp-content\/uploads\/2023\/12\/maxresdefault-300x169.jpg 300w, https:\/\/www.leccecronaca.it\/wordpress\/wp-content\/uploads\/2023\/12\/maxresdefault-1024x576.jpg 1024w, https:\/\/www.leccecronaca.it\/wordpress\/wp-content\/uploads\/2023\/12\/maxresdefault-768x432.jpg 768w\" sizes=\"(max-width: 1280px) 100vw, 1280px\" \/>di <strong>Raffaele Polo <\/strong>______<\/p>\n\n\n\n<p>Per il suo dodicesimo compleanno \u017delja vorrebbe solo un regalo: riavere accanto a s\u00e9 suo padre, che \u00e8 scomparso alcuni mesi prima in un incidente stradale. Non si capacita della sua assenza e preferisce estraniarsi dalla realt\u00e0 e rifugiarsi nel suo mondo, per non dare ascolto a niente e a nessuno. \u00c8 nel dolore e nella disperazione che un giorno, durante una delle tante &#8220;fughe&#8221; al cimitero, incontra Vuk, un ragazzo insolito che sembra vivere l\u00ec e la introduce nel suo mondo isolato nel quale tutto \u00e8 possibile, anche vedere chi non c\u2019\u00e8 pi\u00f9. Vuk non la tormenta di domande come la mamma, la zia e il suo migliore amico Luka, ma vuole solo passare del tempo con lei e divertirsi. \u00c8 un mondo seducente, accomodante ma pericoloso allo stesso tempo, nel quale Vuk vorrebbe \u017delja accanto per sempre&#8230;<br><br><\/p>\n\n\n\n<p>Nel 2021 questo libro \u00e8 stato inserito tra le migliori novit\u00e0, a livello mondiale, del prestigioso catalogo White Ravens della Jugendbibliothek di Monaco e ha ottenuto diversi premi in patria: dal Premio Zabavnik come miglior libro per ragazzi nel 2020 al Premio della citt\u00e0 di Ni\u0161 \u201cMaleni Cvet\u201d.&nbsp; <\/p>\n\n\n\n<p>Sar\u00e0 in libreria dal 19 gennaio 2024, per i tipi di Besa Muci, <strong><em>&#8220;<\/em><\/strong><em><strong>Dietro il cancello&#8221;<\/strong><\/em>, il romanzo con cui la giovane scrittrice e drammaturga <strong>Aleksandra Jovanovi\u0107 <\/strong>(nella foto) ha registrato il suo esordio dirompente in Serbia. Un libro straordinario con una storia intensa e commovente dedicata ai lettori middle-grade e che arriva al pubblico italiano grazie alla traduzione di Maria Teresa Albano.<\/p>\n\n\n\n<p>Aleksandra Jovanovi\u0107 \u00e8 nata a Vranje, in Serbia, nel 1996. Laureata in Drammaturgia, attualmente frequenta un dottorato di ricerca. Ha debuttato con la raccolta di poesie Jagma che ha ricevuto il Mladi Dis Award, dal nome del grande poeta serbo. Lavora per il teatro e il cinema dove ha all\u2019attivo numerose drammaturgie e sceneggiature.<\/p>\n\n\n\n<p><img decoding=\"async\" loading=\"lazy\" width=\"800\" height=\"533\" class=\"wp-image-224803\" style=\"width: 1200px;\" src=\"https:\/\/www.leccecronaca.it\/wordpress\/wp-content\/uploads\/2023\/12\/dietro-il-cancello.jpg\" alt=\"\" srcset=\"https:\/\/www.leccecronaca.it\/wordpress\/wp-content\/uploads\/2023\/12\/dietro-il-cancello.jpg 800w, https:\/\/www.leccecronaca.it\/wordpress\/wp-content\/uploads\/2023\/12\/dietro-il-cancello-300x200.jpg 300w, https:\/\/www.leccecronaca.it\/wordpress\/wp-content\/uploads\/2023\/12\/dietro-il-cancello-768x512.jpg 768w\" sizes=\"(max-width: 800px) 100vw, 800px\" \/><\/p>\n<fb:like href='https:\/\/www.leccecronaca.it\/index.php\/2023\/12\/24\/novita-editoriali-la-storia-di-zelia\/' send='true' layout='button_count' show_faces='true' width='450' height='65' action='recommend' colorscheme='light' font='lucida grande'><\/fb:like><span class=\"fb_share\"><fb:like href=\"https:\/\/www.leccecronaca.it\/index.php\/2023\/12\/24\/novita-editoriali-la-storia-di-zelia\/\" layout=\"button_count\"><\/fb:like><\/span>","protected":false},"excerpt":{"rendered":"<p>di Raffaele Polo ______ Per il suo dodicesimo compleanno \u017delja vorrebbe solo un regalo: riavere accanto a s\u00e9 suo padre, che \u00e8 scomparso alcuni mesi prima in un incidente stradale. Non si capacita della sua assenza e preferisce estraniarsi dalla realt\u00e0 e rifugiarsi nel suo mondo, per non dare ascolto a niente e a nessuno. [&hellip;]<\/p>\n","protected":false},"author":4,"featured_media":224804,"comment_status":"open","ping_status":"closed","sticky":false,"template":"","format":"standard","meta":[],"categories":[31,57],"tags":[],"_links":{"self":[{"href":"https:\/\/www.leccecronaca.it\/index.php\/wp-json\/wp\/v2\/posts\/224802"}],"collection":[{"href":"https:\/\/www.leccecronaca.it\/index.php\/wp-json\/wp\/v2\/posts"}],"about":[{"href":"https:\/\/www.leccecronaca.it\/index.php\/wp-json\/wp\/v2\/types\/post"}],"author":[{"embeddable":true,"href":"https:\/\/www.leccecronaca.it\/index.php\/wp-json\/wp\/v2\/users\/4"}],"replies":[{"embeddable":true,"href":"https:\/\/www.leccecronaca.it\/index.php\/wp-json\/wp\/v2\/comments?post=224802"}],"version-history":[{"count":2,"href":"https:\/\/www.leccecronaca.it\/index.php\/wp-json\/wp\/v2\/posts\/224802\/revisions"}],"predecessor-version":[{"id":224824,"href":"https:\/\/www.leccecronaca.it\/index.php\/wp-json\/wp\/v2\/posts\/224802\/revisions\/224824"}],"wp:featuredmedia":[{"embeddable":true,"href":"https:\/\/www.leccecronaca.it\/index.php\/wp-json\/wp\/v2\/media\/224804"}],"wp:attachment":[{"href":"https:\/\/www.leccecronaca.it\/index.php\/wp-json\/wp\/v2\/media?parent=224802"}],"wp:term":[{"taxonomy":"category","embeddable":true,"href":"https:\/\/www.leccecronaca.it\/index.php\/wp-json\/wp\/v2\/categories?post=224802"},{"taxonomy":"post_tag","embeddable":true,"href":"https:\/\/www.leccecronaca.it\/index.php\/wp-json\/wp\/v2\/tags?post=224802"}],"curies":[{"name":"wp","href":"https:\/\/api.w.org\/{rel}","templated":true}]}}