{"id":224849,"date":"2023-12-24T21:24:51","date_gmt":"2023-12-24T20:24:51","guid":{"rendered":"https:\/\/www.leccecronaca.it\/?p=224849"},"modified":"2023-12-24T21:24:55","modified_gmt":"2023-12-24T20:24:55","slug":"il-nostro-cuore-stasera-e-a-betlemme","status":"publish","type":"post","link":"https:\/\/www.leccecronaca.it\/index.php\/2023\/12\/24\/il-nostro-cuore-stasera-e-a-betlemme\/","title":{"rendered":"&#8220;Il nostro\u00a0cuore\u00a0stasera \u00e8 a\u00a0Betlemme&#8221;"},"content":{"rendered":"\n<p><img decoding=\"async\" loading=\"lazy\" width=\"500\" height=\"261\" class=\"wp-image-224850\" style=\"width: 3000px;\" src=\"https:\/\/www.leccecronaca.it\/wordpress\/wp-content\/uploads\/2023\/12\/6958363802952479866.jpg\" alt=\"\" srcset=\"https:\/\/www.leccecronaca.it\/wordpress\/wp-content\/uploads\/2023\/12\/6958363802952479866.jpg 500w, https:\/\/www.leccecronaca.it\/wordpress\/wp-content\/uploads\/2023\/12\/6958363802952479866-300x157.jpg 300w\" sizes=\"(max-width: 500px) 100vw, 500px\" \/>(Rdl) ______\u00a0\u00a0<em><strong>&#8220;Siamo vicini ai nostri fratelli e sorelle che soffrono per la guerra: pensiamo alla Palestina, a Israele, all\u2019Ucraina. Pensiamo anche a coloro che soffrono per la miseria, la fame, le schiavit\u00f9. Il Dio che ha preso per s\u00e9 un cuore umano infonda umanit\u00e0 nei cuori degli uomini!&#8221;<\/strong><\/em><\/p>\n\n\n\n<p>Lo ha detto questa mattina Papa Francesco, durante la cerimonia  dell\u2019Angelus.<\/p>\n\n\n\n<p>Qesta sera, durante la Messa di Natale (nella foto), ha aggiunto: <\/p>\n\n\n\n<p><em><strong>&#8220;Il nostro\u00a0cuore\u00a0stasera \u00e8 a\u00a0Betlemme, dove ancora il Principe della pace viene rifiutato dalla logica perdente della guerra, con il ruggire delle armi che anche oggi gli impedisce di trovare alloggio nel mondo&#8221;.<\/strong><\/em><\/p>\n<fb:like href='https:\/\/www.leccecronaca.it\/index.php\/2023\/12\/24\/il-nostro-cuore-stasera-e-a-betlemme\/' send='true' layout='button_count' show_faces='true' width='450' height='65' action='recommend' colorscheme='light' font='lucida grande'><\/fb:like><span class=\"fb_share\"><fb:like href=\"https:\/\/www.leccecronaca.it\/index.php\/2023\/12\/24\/il-nostro-cuore-stasera-e-a-betlemme\/\" layout=\"button_count\"><\/fb:like><\/span>","protected":false},"excerpt":{"rendered":"<p>(Rdl) ______\u00a0\u00a0&#8220;Siamo vicini ai nostri fratelli e sorelle che soffrono per la guerra: pensiamo alla Palestina, a Israele, all\u2019Ucraina. Pensiamo anche a coloro che soffrono per la miseria, la fame, le schiavit\u00f9. Il Dio che ha preso per s\u00e9 un cuore umano infonda umanit\u00e0 nei cuori degli uomini!&#8221; Lo ha detto questa mattina Papa Francesco, [&hellip;]<\/p>\n","protected":false},"author":4,"featured_media":224850,"comment_status":"open","ping_status":"closed","sticky":false,"template":"","format":"standard","meta":[],"categories":[1],"tags":[],"_links":{"self":[{"href":"https:\/\/www.leccecronaca.it\/index.php\/wp-json\/wp\/v2\/posts\/224849"}],"collection":[{"href":"https:\/\/www.leccecronaca.it\/index.php\/wp-json\/wp\/v2\/posts"}],"about":[{"href":"https:\/\/www.leccecronaca.it\/index.php\/wp-json\/wp\/v2\/types\/post"}],"author":[{"embeddable":true,"href":"https:\/\/www.leccecronaca.it\/index.php\/wp-json\/wp\/v2\/users\/4"}],"replies":[{"embeddable":true,"href":"https:\/\/www.leccecronaca.it\/index.php\/wp-json\/wp\/v2\/comments?post=224849"}],"version-history":[{"count":1,"href":"https:\/\/www.leccecronaca.it\/index.php\/wp-json\/wp\/v2\/posts\/224849\/revisions"}],"predecessor-version":[{"id":224851,"href":"https:\/\/www.leccecronaca.it\/index.php\/wp-json\/wp\/v2\/posts\/224849\/revisions\/224851"}],"wp:featuredmedia":[{"embeddable":true,"href":"https:\/\/www.leccecronaca.it\/index.php\/wp-json\/wp\/v2\/media\/224850"}],"wp:attachment":[{"href":"https:\/\/www.leccecronaca.it\/index.php\/wp-json\/wp\/v2\/media?parent=224849"}],"wp:term":[{"taxonomy":"category","embeddable":true,"href":"https:\/\/www.leccecronaca.it\/index.php\/wp-json\/wp\/v2\/categories?post=224849"},{"taxonomy":"post_tag","embeddable":true,"href":"https:\/\/www.leccecronaca.it\/index.php\/wp-json\/wp\/v2\/tags?post=224849"}],"curies":[{"name":"wp","href":"https:\/\/api.w.org\/{rel}","templated":true}]}}