{"id":224880,"date":"2023-12-26T12:46:46","date_gmt":"2023-12-26T11:46:46","guid":{"rendered":"https:\/\/www.leccecronaca.it\/?p=224880"},"modified":"2023-12-26T12:52:34","modified_gmt":"2023-12-26T11:52:34","slug":"annelise-addolorato-e-antonella-rizzo-a-lecce-venerdi-29","status":"publish","type":"post","link":"https:\/\/www.leccecronaca.it\/index.php\/2023\/12\/26\/annelise-addolorato-e-antonella-rizzo-a-lecce-venerdi-29\/","title":{"rendered":"ANNELISE ADDOLORATO E ANTONELLA RIZZO A LECCE VENERDI\u2019 29"},"content":{"rendered":"\n<p><img decoding=\"async\" loading=\"lazy\" width=\"497\" height=\"655\" class=\"wp-image-224881\" style=\"width: 1500px;\" src=\"https:\/\/www.leccecronaca.it\/wordpress\/wp-content\/uploads\/2023\/12\/aa.jpg\" alt=\"\" srcset=\"https:\/\/www.leccecronaca.it\/wordpress\/wp-content\/uploads\/2023\/12\/aa.jpg 497w, https:\/\/www.leccecronaca.it\/wordpress\/wp-content\/uploads\/2023\/12\/aa-228x300.jpg 228w\" sizes=\"(max-width: 497px) 100vw, 497px\" \/>Per la Rassegna Le Mani e l&#8217;Ascolto il 29 dicembre 2023 ore 19,00 presso il Fondo Verri, via S. Maria del Paradiso 8 (Lecce) Annelisa Addolorato (foto sopra) autrice per i Quaderni del Bardo Edizioni del volume \u201cI Mandala di Luce\u201d e Antonella Rizzo (foto sotto) autrice per i Quaderni del Bardo Edizioni de \u201cL&#8217;ora del sole medio\u201d\u00a0 dialogheranno sul loro modo di fare e intendere poesia.<\/p>\n\n\n\n<p><img decoding=\"async\" loading=\"lazy\" width=\"1536\" height=\"2048\" class=\"wp-image-224882\" style=\"width: 1500px;\" src=\"https:\/\/www.leccecronaca.it\/wordpress\/wp-content\/uploads\/2023\/12\/ar.jpg\" alt=\"\" srcset=\"https:\/\/www.leccecronaca.it\/wordpress\/wp-content\/uploads\/2023\/12\/ar.jpg 1536w, https:\/\/www.leccecronaca.it\/wordpress\/wp-content\/uploads\/2023\/12\/ar-225x300.jpg 225w, https:\/\/www.leccecronaca.it\/wordpress\/wp-content\/uploads\/2023\/12\/ar-768x1024.jpg 768w, https:\/\/www.leccecronaca.it\/wordpress\/wp-content\/uploads\/2023\/12\/ar-1152x1536.jpg 1152w\" sizes=\"(max-width: 1536px) 100vw, 1536px\" \/><\/p>\n\n\n\n<p>Introduce e coordina l&#8217;editore Stefano Donno. <\/p>\n\n\n\n<p>Letture a cura di Paola Leone&nbsp; ( regista e pedagogista teatrale).&nbsp;<\/p>\n\n\n\n<p>Due poetesse, due visioni per versi del mondo, un dialogo poetico autentico. \u00c8 il progetto che vedr\u00e0 protagoniste Annelisa Addolorato e Antonella Rizzo, che si alterneranno nella reciproca presentazione delle rispettive raccolte poetiche, &#8220;I Mandala di Luce&#8221; e &#8220;L&#8217;ora del sole medio&#8221;.<\/p>\n\n\n\n<p>Annelisa Addolorato, artista internazionale, titolare del marchio italiano NPS: navigli poetry slam, ha pubblicato &#8220;I Mandala di Luce&#8221; per i Quaderni del Bardo Edizioni di Stefano Donno. La raccolta \u00e8 composta da poesie e prose che catturano la meraviglia e la percezione di simboli, immagini e colori, in un ritmo del fare, del dire e dell&#8217;agire poetico magico, mistico, ancestrale.. Antonella Rizzo, autrice di &#8220;L&#8217;ora del sole medio&#8221;, sempre per i Quaderni del Bardo Edizioni di Stefano Donno, scrive: &#8220;L&#8217;ora del sole medio \u00e8 il momento della scrittura senza ombra durante il quale \u00e8 impossibile nascondersi. \u00c8 la fine di ogni fine, un&#8217;apocalisse di luce in cui i dettagli sono al pari del tutto e dicono di pi\u00f9. La raccolta \u00e8 la resa di uno stato di fine che si ripete ogni giorno, all&#8217;ora del sole medio&#8221;. Le due poetesse, pur non conoscendosi, hanno accettato di presentare l&#8217;una il libro dell&#8217;altra, dando vita a un dialogo poetico intenso e autentico.<\/p>\n\n\n\n<p><img decoding=\"async\" loading=\"lazy\" width=\"667\" height=\"1000\" class=\"wp-image-224883\" style=\"width: 800px;\" src=\"https:\/\/www.leccecronaca.it\/wordpress\/wp-content\/uploads\/2023\/12\/addolorato-1.jpg\" alt=\"\" srcset=\"https:\/\/www.leccecronaca.it\/wordpress\/wp-content\/uploads\/2023\/12\/addolorato-1.jpg 667w, https:\/\/www.leccecronaca.it\/wordpress\/wp-content\/uploads\/2023\/12\/addolorato-1-200x300.jpg 200w\" sizes=\"(max-width: 667px) 100vw, 667px\" \/><\/p>\n\n\n\n<p><strong>I Mandala di Luce di Annelisa Addolorato (I Quaderni&nbsp; del Bardo Edizioni di Stefano Donno)<\/strong>&nbsp;&#8211;&nbsp;<em>La cura della casa \u00e8 come la costruzione di un meraviglioso Mandala, un giardino mutante di cui prendersi cura. Curiosa, viaggiatrice, cura la natura con amore viscerale: la Terra siamo noi, energia vitale e cosmica. La pagina diventa sessione di arte marziale pratica con alternanza esatta di racconti, frasi poetiche e riflessioni. Il libro scorre con la caratteristica leggera nota di melanconia esistenziale giapponese, stile Mieko Kawakami, ben descrivendo la struggente presenza dell\u2019essere e dell\u2019amare. (Serena Rossi)<\/em><\/p>\n\n\n\n<p><em>Annelisa Addolorato nei suoi testi cattura Meraviglia e Percezione di simboli, immagini, colori, in un ritmo del fare, del dire e dell\u2019agire poetico magico, mistico, ancestrale. Un dimensionare l\u2019esprit po\u00e9tique in raffinate poesie e prose che si nutrono di un mondo interiore multipolare e decentralizzato, ma vivissimo in un Silenzio abissale, che splende e risplende di luce propria. (Stefano Donno)<\/em><\/p>\n\n\n\n<p>Pubblica da anni libri di poesia&amp;arte, tra cui: Guardando la mar \u2013 Il nostro Chi (IQdB\/Amazon, Lecce 2022); i tre libri con testo a fronte: My voice seeks You (italiano\/inglese, New York), La palabra \u2018lasca\u2019 (italiano\/spagnolo, Madrid) e Mariposas y falenas (italiano\/spagnolo, Madrid); libri adottati come testi di studio universitario Viaje entre palabras (Madrid), Generaci\u00f3n Tuteo e La parola danzante (Milano), tra altri titoli. Ha tradotto molti testi e libri di poesia. On line si possono ascoltare sue poesie, le tracce dei suoi audiolibri in italiano e spagnolo LA FORMA DELLA TIGRE. Suoi scritti di narrativa e sull\u2019arte sono presenti in rete e, su antologie varie tradotti in molte lingue, tra cui: hindi, coreano, giapponese, inglese, spagnolo, rumeno, tedesco, turco. Partecipa e contribuisce come artista e creativa a progetti&amp;festival letterari\/artistici\/culturali in Italia e nel mondo. Scrive post di attualit\u00e0 e poesia PAESAGGI DELL\u2019ANIMA. PAESAGGI DEL SUD (nella rivista on line Il pensiero mediterraneo); scrive i post mensili della rubrica LA SPAGNA IN LETTERE (nel blog poetico La Poesia e lo Spirito); \u00e8 co-ideatrice del progetto creativo Migra.Azioni, insieme alla artista S. Rossi; forma parte della redazione della collana poetica De luz, piedra y espejo (edita dall\u2019Universit\u00e0 di Al- cal\u00e1 di Henares); Premio Letterario Internazionale Citt\u00e0 di Pomezia; Festival Kritya.<\/p>\n\n\n\n<p>Info link<\/p>\n\n\n\n<p><a href=\"https:\/\/iqdbcasaeditrice.blogspot.com\/2023\/10\/i-mandala-di-luce-di-annelisa-addolorato.html\">https:\/\/iqdbcasaeditrice.blogspot.com\/2023\/10\/i-mandala-di-luce-di-annelisa-addolorato.html<\/a><\/p>\n\n\n\n<p><strong>L\u2019ora del sole medio: raccolta di apocalissi minime (I Quaderni del Bardo Edizioni di Stefano Donno)<\/strong>&nbsp;&#8211; \u201cL\u2019ora del sole medio \u00e8 il momento della scrittura senza ombra durante il quale \u00e8 impossibile nascondersi. \u00c8 la fine di ogni fine, un\u2019apocalisse di luce in cui i dettagli sono al pari del tutto e dicono di pi\u00f9. La raccolta \u00e8 la resa di uno stato di fine che si ripete ogni giorno, all\u2019ora del sole medio.<\/p>\n\n\n\n<p>(Antonella Rizzo)<img decoding=\"async\" loading=\"lazy\" width=\"971\" height=\"1500\" class=\"wp-image-224884\" style=\"width: 800px;\" src=\"https:\/\/www.leccecronaca.it\/wordpress\/wp-content\/uploads\/2023\/12\/rizzo-cover.jpg\" alt=\"\" srcset=\"https:\/\/www.leccecronaca.it\/wordpress\/wp-content\/uploads\/2023\/12\/rizzo-cover.jpg 971w, https:\/\/www.leccecronaca.it\/wordpress\/wp-content\/uploads\/2023\/12\/rizzo-cover-194x300.jpg 194w, https:\/\/www.leccecronaca.it\/wordpress\/wp-content\/uploads\/2023\/12\/rizzo-cover-663x1024.jpg 663w, https:\/\/www.leccecronaca.it\/wordpress\/wp-content\/uploads\/2023\/12\/rizzo-cover-768x1186.jpg 768w\" sizes=\"(max-width: 971px) 100vw, 971px\" \/><\/p>\n\n\n\n<p>(\u2026) I poeti sono come gli angeli, non cambiano mai, \u00e8 la tonalit\u00e0 del canto a cambiare con la forma del mondo. Nell\u2019ora del sole medio ci sono solo naufraghi e migranti in lento movimento, impiccagioni, mute di cani rabbiosi, terra secca e raccolti perduti. C\u2019\u00e8 una guerra, lontana o forse vicinissima, c\u2019\u00e8 il segno di qualcosa che ha colpito i corpi con l\u2019ineluttabile e cieca democrazia del male e del dolore. Non c\u2019\u00e8 ombra, tutto \u00e8 luce accecante. (\u2026) Ignazio Licata<\/p>\n\n\n\n<p>(\u2026) L\u2019essenza di questo lavoro si rivela come una disamina della verit\u00e0, di uno sguardo interiore in grado di leggere noi stessi non tramite il riflesso, ma attraverso la lente della distanza. Come se non ci riguardasse, come se non ci appartenessimo e, al contempo, come se fosse l\u2019unico modo possibile per potersi appartenere davvero, per raggiungere la consapevolezza di ogni passo che tracciamo o abbiamo tracciato (\u2026). Dario Talarico<\/p>\n\n\n\n<p>Antonella Rizzo, nata nel Salento, vicino a un limone dai frutti neri, compie studi classici e umanistici. Approda alla ricerca accademica che lascia per una scelta di indipendenza. Dopo un lungo dialogo con il Senegal e con le comunit\u00e0 migranti, arriva a Milano dove insegna in scuole di periferia, scrive poesia e continua il suo lavoro di ricerca sulle identit\u00e0 plurali, diasporiche, che ammira come paesaggi.<\/p>\n\n\n\n<p>Info link<\/p>\n\n\n\n<p><a href=\"https:\/\/iqdbcasaeditrice.blogspot.com\/2023\/10\/lora-del-sole-medio-raccolta-di.html\">https:\/\/iqdbcasaeditrice.blogspot.com\/2023\/10\/lora-del-sole-medio-raccolta-di.html<\/a><\/p>\n<fb:like href='https:\/\/www.leccecronaca.it\/index.php\/2023\/12\/26\/annelise-addolorato-e-antonella-rizzo-a-lecce-venerdi-29\/' send='true' layout='button_count' show_faces='true' width='450' height='65' action='recommend' colorscheme='light' font='lucida grande'><\/fb:like><span class=\"fb_share\"><fb:like href=\"https:\/\/www.leccecronaca.it\/index.php\/2023\/12\/26\/annelise-addolorato-e-antonella-rizzo-a-lecce-venerdi-29\/\" layout=\"button_count\"><\/fb:like><\/span>","protected":false},"excerpt":{"rendered":"<p>Per la Rassegna Le Mani e l&#8217;Ascolto il 29 dicembre 2023 ore 19,00 presso il Fondo Verri, via S. Maria del Paradiso 8 (Lecce) Annelisa Addolorato (foto sopra) autrice per i Quaderni del Bardo Edizioni del volume \u201cI Mandala di Luce\u201d e Antonella Rizzo (foto sotto) autrice per i Quaderni del Bardo Edizioni de \u201cL&#8217;ora [&hellip;]<\/p>\n","protected":false},"author":4,"featured_media":224881,"comment_status":"open","ping_status":"closed","sticky":false,"template":"","format":"standard","meta":[],"categories":[31,75,57],"tags":[],"_links":{"self":[{"href":"https:\/\/www.leccecronaca.it\/index.php\/wp-json\/wp\/v2\/posts\/224880"}],"collection":[{"href":"https:\/\/www.leccecronaca.it\/index.php\/wp-json\/wp\/v2\/posts"}],"about":[{"href":"https:\/\/www.leccecronaca.it\/index.php\/wp-json\/wp\/v2\/types\/post"}],"author":[{"embeddable":true,"href":"https:\/\/www.leccecronaca.it\/index.php\/wp-json\/wp\/v2\/users\/4"}],"replies":[{"embeddable":true,"href":"https:\/\/www.leccecronaca.it\/index.php\/wp-json\/wp\/v2\/comments?post=224880"}],"version-history":[{"count":2,"href":"https:\/\/www.leccecronaca.it\/index.php\/wp-json\/wp\/v2\/posts\/224880\/revisions"}],"predecessor-version":[{"id":224887,"href":"https:\/\/www.leccecronaca.it\/index.php\/wp-json\/wp\/v2\/posts\/224880\/revisions\/224887"}],"wp:featuredmedia":[{"embeddable":true,"href":"https:\/\/www.leccecronaca.it\/index.php\/wp-json\/wp\/v2\/media\/224881"}],"wp:attachment":[{"href":"https:\/\/www.leccecronaca.it\/index.php\/wp-json\/wp\/v2\/media?parent=224880"}],"wp:term":[{"taxonomy":"category","embeddable":true,"href":"https:\/\/www.leccecronaca.it\/index.php\/wp-json\/wp\/v2\/categories?post=224880"},{"taxonomy":"post_tag","embeddable":true,"href":"https:\/\/www.leccecronaca.it\/index.php\/wp-json\/wp\/v2\/tags?post=224880"}],"curies":[{"name":"wp","href":"https:\/\/api.w.org\/{rel}","templated":true}]}}