{"id":224912,"date":"2023-12-26T21:41:27","date_gmt":"2023-12-26T20:41:27","guid":{"rendered":"https:\/\/www.leccecronaca.it\/?p=224912"},"modified":"2023-12-26T21:47:34","modified_gmt":"2023-12-26T20:47:34","slug":"addio-a-daniele","status":"publish","type":"post","link":"https:\/\/www.leccecronaca.it\/index.php\/2023\/12\/26\/addio-a-daniele\/","title":{"rendered":"ADDIO A DANIELE"},"content":{"rendered":"\n<p><img decoding=\"async\" loading=\"lazy\" width=\"1511\" height=\"2015\" class=\"wp-image-224915\" style=\"width: 1500px;\" src=\"https:\/\/www.leccecronaca.it\/wordpress\/wp-content\/uploads\/2023\/12\/246022842_1042550576560150_581089609661693353_n.jpg\" alt=\"\" srcset=\"https:\/\/www.leccecronaca.it\/wordpress\/wp-content\/uploads\/2023\/12\/246022842_1042550576560150_581089609661693353_n.jpg 1511w, https:\/\/www.leccecronaca.it\/wordpress\/wp-content\/uploads\/2023\/12\/246022842_1042550576560150_581089609661693353_n-225x300.jpg 225w, https:\/\/www.leccecronaca.it\/wordpress\/wp-content\/uploads\/2023\/12\/246022842_1042550576560150_581089609661693353_n-768x1024.jpg 768w, https:\/\/www.leccecronaca.it\/wordpress\/wp-content\/uploads\/2023\/12\/246022842_1042550576560150_581089609661693353_n-1152x1536.jpg 1152w\" sizes=\"(max-width: 1511px) 100vw, 1511px\" \/>(e.l.) ______\u00a0 Il giorno di Santo Stefano \u00e8 stato funestato nel Salento da un drammatico incidente stradale, avvenuto questo pomeriggio sulla litoraea San Cataldo &#8211; San Foca, localit\u00e0 Le Cesine.<\/p>\n\n\n\n<p>Il tragico bilancio \u00e8 di un morto e di un ferito grave.<\/p>\n\n\n\n<p>La vittima \u00e8 Daniele Lo Deserto, 62 anni, di Lecce, dipendente dell<strong>&#8216;<\/strong>\u00a0Asl.. Viaggiava su una Fiat Punto condotta dalla moglie Cosima Alemanno che, per cause ancora da accertare, \u00e8 uscita dalla carreggiata e si \u00e8 schiantata violentemente contro albero. <\/p>\n\n\n\n<p>Lui \u00e8 morto sul colpo. Lei \u00e8 stata trasportata all\u2019ospedale Vito Fazzi, dove si trova ricoverata in gravi condizioni.<\/p>\n\n\n\n<p>Indagini dei Carabieri in corso di svolgimento per accertare dinamica e cause di quanto accaduto.<\/p>\n<fb:like href='https:\/\/www.leccecronaca.it\/index.php\/2023\/12\/26\/addio-a-daniele\/' send='true' layout='button_count' show_faces='true' width='450' height='65' action='recommend' colorscheme='light' font='lucida grande'><\/fb:like><span class=\"fb_share\"><fb:like href=\"https:\/\/www.leccecronaca.it\/index.php\/2023\/12\/26\/addio-a-daniele\/\" layout=\"button_count\"><\/fb:like><\/span>","protected":false},"excerpt":{"rendered":"<p>(e.l.) ______\u00a0 Il giorno di Santo Stefano \u00e8 stato funestato nel Salento da un drammatico incidente stradale, avvenuto questo pomeriggio sulla litoraea San Cataldo &#8211; San Foca, localit\u00e0 Le Cesine. Il tragico bilancio \u00e8 di un morto e di un ferito grave. La vittima \u00e8 Daniele Lo Deserto, 62 anni, di Lecce, dipendente dell&#8216;\u00a0Asl.. Viaggiava [&hellip;]<\/p>\n","protected":false},"author":4,"featured_media":224915,"comment_status":"open","ping_status":"closed","sticky":false,"template":"","format":"standard","meta":[],"categories":[69],"tags":[],"_links":{"self":[{"href":"https:\/\/www.leccecronaca.it\/index.php\/wp-json\/wp\/v2\/posts\/224912"}],"collection":[{"href":"https:\/\/www.leccecronaca.it\/index.php\/wp-json\/wp\/v2\/posts"}],"about":[{"href":"https:\/\/www.leccecronaca.it\/index.php\/wp-json\/wp\/v2\/types\/post"}],"author":[{"embeddable":true,"href":"https:\/\/www.leccecronaca.it\/index.php\/wp-json\/wp\/v2\/users\/4"}],"replies":[{"embeddable":true,"href":"https:\/\/www.leccecronaca.it\/index.php\/wp-json\/wp\/v2\/comments?post=224912"}],"version-history":[{"count":2,"href":"https:\/\/www.leccecronaca.it\/index.php\/wp-json\/wp\/v2\/posts\/224912\/revisions"}],"predecessor-version":[{"id":224916,"href":"https:\/\/www.leccecronaca.it\/index.php\/wp-json\/wp\/v2\/posts\/224912\/revisions\/224916"}],"wp:featuredmedia":[{"embeddable":true,"href":"https:\/\/www.leccecronaca.it\/index.php\/wp-json\/wp\/v2\/media\/224915"}],"wp:attachment":[{"href":"https:\/\/www.leccecronaca.it\/index.php\/wp-json\/wp\/v2\/media?parent=224912"}],"wp:term":[{"taxonomy":"category","embeddable":true,"href":"https:\/\/www.leccecronaca.it\/index.php\/wp-json\/wp\/v2\/categories?post=224912"},{"taxonomy":"post_tag","embeddable":true,"href":"https:\/\/www.leccecronaca.it\/index.php\/wp-json\/wp\/v2\/tags?post=224912"}],"curies":[{"name":"wp","href":"https:\/\/api.w.org\/{rel}","templated":true}]}}