{"id":225498,"date":"2024-01-19T13:52:56","date_gmt":"2024-01-19T12:52:56","guid":{"rendered":"https:\/\/www.leccecronaca.it\/?p=225498"},"modified":"2024-01-19T13:54:49","modified_gmt":"2024-01-19T12:54:49","slug":"leditore-salentino-stefano-donno-presenta-una-sua-nuova-pubblicazione-di-rilievo-internazionale-tradotta-in-italiano-la-poetessa-americana-maria-bennet-di-perche-tu-ami","status":"publish","type":"post","link":"https:\/\/www.leccecronaca.it\/index.php\/2024\/01\/19\/leditore-salentino-stefano-donno-presenta-una-sua-nuova-pubblicazione-di-rilievo-internazionale-tradotta-in-italiano-la-poetessa-americana-maria-bennet-di-perche-tu-ami\/","title":{"rendered":"L&#8217;EDITORE SALENTINO STEFANO DONNO PRESENTA UNA SUA NUOVA PUBBLICAZIONE DI RILIEVO INTERNAZIONALE: TRADOTTA IN ITALIANO LA POETESSA AMERICANA MARIA BENNET DELLA RACCOLTA \u201cPerch\u00e9 tu ami\u201d"},"content":{"rendered":"\n<p><img decoding=\"async\" loading=\"lazy\" width=\"409\" height=\"640\" class=\"wp-image-225600\" style=\"width: 2500px;\" src=\"https:\/\/www.leccecronaca.it\/wordpress\/wp-content\/uploads\/2024\/01\/IMG_6114.jpg\" alt=\"\" srcset=\"https:\/\/www.leccecronaca.it\/wordpress\/wp-content\/uploads\/2024\/01\/IMG_6114.jpg 409w, https:\/\/www.leccecronaca.it\/wordpress\/wp-content\/uploads\/2024\/01\/IMG_6114-192x300.jpg 192w\" sizes=\"(max-width: 409px) 100vw, 409px\" \/><\/p>\n\n\n\n<p>di <strong>Stefano Donno<\/strong> ______<\/p>\n\n\n\n<p>Ecco la nuova pubblicazione di rilievo internazionale, questa volta u&#8217;autrice americana, <mark style=\"background-color:rgba(0, 0, 0, 0)\" class=\"has-inline-color has-vivid-red-color\"><strong>Maria Bennett<\/strong><\/mark>  (nella foto), per la nostra casa editrice <strong>I Quaderni del Bardo Edizioni:<\/strong> la raccolta di poesie <em><strong><mark style=\"background-color:rgba(0, 0, 0, 0);color:#c53232\" class=\"has-inline-color\">\u201cPerch\u00e9 tu ami\u201d<\/mark><\/strong><\/em>.\u00a0<\/p>\n\n\n\n<p><\/p>\n\n\n\n<p>&nbsp;Dalla prefazione di Annelisa Addolorato<strong>:<\/strong><\/p>\n\n\n\n<p>\u201cIl libro di Maria Bennett ha una fragranza floreale e una completezza culturale e cultuale, che ingloba, per esempio, misticismo di Rumi e tradizione poetica di Wordsworth, e che cita e celebra anche voci femminili come quella di Tillie Olsen. In un oceano sensorialmente molto ricco, la poetessa e il suo doppio &#8211; personaggio si sente, dice e vive cos\u00ec:<\/p>\n\n\n\n<p>\u201c<em>navigo<\/em><\/p>\n\n\n\n<p><em>leggera come un cigno<\/em><\/p>\n\n\n\n<p><em>in bilico tra ricordo e attesa<\/em>\u201d.<\/p>\n\n\n\n<p>Tra i versi di Bennett si fluttua tra menzioni di artisti e personalit\u00e0 come Anna Pavlova, Pablo Neruda, Buddha, Confucio, Montessori, Dante, fino ai supereroi come Wonder Woman e dichiarazioni d\u2019amore spontanee all\u2019\u201caltro\u201d e a una vita e una s\u00e9 stessa che negli occhi dell\u2019altro trova di volta in volta sfumature per riconoscersi, amarsi, procedere con la condivisione di sensazioni, tra studio e sentire&#8230; In una accoglienza morbida e in cui l\u2019affetto e l\u2019intelligenza pulsano insieme, nell\u2019integrit\u00e0 della persona.<\/p>\n\n\n\n<p>\u201c<em>Mi chiedo cosa tengo stretto<\/em><\/p>\n\n\n\n<p><em>quando tengo stretto<\/em><\/p>\n\n\n\n<p><em>te<\/em>\u201d.<\/p>\n\n\n\n<p>Questo \u00e8 un libro musicale e \u2018narrativo\u2019, che assume le voci di varie donne che sono una, di una donna che possono essere molte, ognuna col proprio sentiero, sentire, percorso, ruolo &#8211; a volte consapevolmente vissuto, a volte subito o scelto da \u2018altri\u2019. <\/p>\n\n\n\n<p>La musica \u00e8 soprattutto il Jazz, evocato e amato come colonna sonora di una vita al femminile, attraverso Lester Young, Miles Davis, Red Gardland (pianista, anche di Miles Davis), John Coltrane, Luis Armstrong. C\u2019\u00e8 anche Leonard Cohen e la \u2018magica\u2019 citt\u00e0 musicale di New Orleans. I suoi versi mi riportano, sia per contrasto formale, sia per affinit\u00e0 nella ricerca di un \u2018qui e ora\u2019 nella semplicit\u00e0 del vivere, a questi: \u201c<em>Ieri\/canzone\/domani\/discorso\/oggi\/tempo\/adesso\/presente<\/em>\u201d. E \u201c<em>\u2026ma\/tra muri\/di pietra serena\/tocco mani d\u2019acqua&#8230;<\/em>\u201d, cio\u00e8 i versi di Cristina Balzaretti, dal libro bilingue <em>Amo a te<\/em>, da me tradotto in spagnolo per LietoColle. <\/p>\n\n\n\n<p>Nella poesia di Bennett abbiamo la prova che si possa viaggiare tra continenti, culture, ma anche tra libri e nei meandri di se stesse, nel proprio quotidiano mutare, e anche in ogni gesto quotidiano, con i sensi spalancati. Ho scelto come copertina un quadro (originariamente realizzato sopra il pianale di una macchina da cucire Singer) di Patrizia Minardi, brindisina, dal momento che trovo traduca in immagini, cos\u00ec come io ho tradotto in italiano dall\u2019inglese i versi di Maria Bennett &#8211; dalla sua silloge originale <em>Because you love<\/em>, (Cross Cultural Communications, New York 2011)\u201d. <\/p>\n\n\n\n<p><\/p>\n\n\n\n<p><\/p>\n\n\n\n<p><strong>L\u2019autrice &#8211; Maria Bennett<\/strong> \u00e8 statunitense. \u00c8 giornalista, poetessa e traduttrice dallo spagnolo e dal portoghese. Ha lavorato come Docente universitaria, assistente di Inglese e di \u2018Inglese come seconda lingua\u2019 durante gli ultimi quarant\u2019anni presso le Universit\u00e0 di New York, presso l\u2019Universit\u00e0 dello Stato di New York e il College della Comunit\u00e0 di Westchester. Ha conseguido una laurea in Inglese presso la State University di New York, un Master in Letteratura Comparata presso la Penn State University, e un PhD presso la City University di New York. La sua tesi di dottorato \u00e8 successivamente apparsa come libro (Peter Lang Press) intitolato <em>The Unfractioned Idiom: Hart Crane and Modernism<\/em>. Suoi scritti sono apparsi sulle pagine di: <em>New York Daily News<\/em>, <em>Utne Reader<\/em>, <em>Westchester Magazine<\/em>, <em>Epicurean Magazine<\/em>, <em>Crab Creek Review<\/em>, <em>Esprit and Nexus presses<\/em>. Ha pubblicato la silloge poetica <em>Because You Love <\/em>(di cui questo libro, ovvero <em>Perch\u00e9 tu ami, <\/em>\u00e8 la traduzione italiana). Inoltre \u00e8 curatrice e traduttrice dei libri <em>My Voice Seeks You <\/em>(silloge di Annelisa Addolorato, Cross Cultural Communications Press) e <em>This Circular Dream <\/em>(silloge di Saeed Hooshangi, Feral Press). Attualmente \u00e8 mentore di studenti, all\u2019interno del programma di sviluppo di New York \u201cPartner nell\u2019educazione\u201d, un\u2019organizzazione che si occupa di facilitare l\u2019ingresso al College di giovani provenienti da situazioni di disagio socio-economico.<\/p>\n\n\n\n<p><\/p>\n\n\n\n<p><strong>La curatrice e traduttrice<\/strong><\/p>\n\n\n\n<p><strong>Annelisa Addolorato, Alias ANNE,<\/strong> nata in Italia e cresciuta in Spagna. Artista internazionale, titolare del marchio italiano Navigli Poetry Slam. Lingue principali: italiano, spagnolo, inglese.<\/p>\n\n\n\n<p>Mission: Benessere umano, sociale, globale, chang; pratica di scrittura, poesia, t\u2019ai ch\u2019i, shao lin. Poesia e Ch\u2019i, scrittura, meditazione in movimento, scrittura e luce (v. fotografia), metodologia a apprendimento ludico per infanzia &amp; et\u00e0 adulta; sostenibilit\u00e0 ambientale, ecologia, condivisione pacifica di saperi, valori culturali e umani, coesistenza ecosistemica, educazione alla pace e alla cultura nazionale e internazionale. Ch\u2019i Kung. Sue poesie, audiolibri, scritti di narrativa e sull\u2019arte sono presenti anche on line e tradotti in molte lingue. Scrive post di attualit\u00e0 e poesia PAESAGGI DELL\u2019ANIMA. PAESAGGI DEL SUD (nella rivista on line Il pensiero mediterraneo); scrive i post mensili della sua rubrica LA SPAGNA IN LETTERE (blog LPLS). Istruttrice Esperta e praticante di Kung Fu Chang (Acsi). Phd in Letteratura spagnola (Universit\u00e0 di Complutense, Madrid).<\/p>\n\n\n\n<p>Contatti:<\/p>\n\n\n\n<p>Instagram: <em>Anne Addolorato<\/em><\/p>\n\n\n\n<p>FB: <em>www.facebook.com\/laformadellatigre<\/em><strong><\/strong><\/p>\n\n\n\n<p><\/p>\n\n\n\n<p><strong>L\u2019autrice della immagine di copertina<\/strong><\/p>\n\n\n\n<p><strong>Patrizia Minardi<\/strong>, pittrice pugliese che risiede a Brindisi, in arte conosciuta come Patna\u00eff. Spumeggiante, fa del na\u00eff la cifra del suo lavoro. Dopo aver sperimentato svariate tecniche e stili, giunge alla pittura del cuore, quella na\u00eff, in una rielaborazione personale e creativa. Dal 1992 la troviamo in varie mostre collettive e personali con esperienze anche nel mondo della scenografia, in giro per l\u2019Italia. Vincitrice di vari premi, incluso uno sull\u2019isola di Capri. I suoi dipinti e le sue creazioni sprigionano vitalit\u00e0, sorrisi, luce e amore per la vita. Possono anche narrare la sua interiorit\u00e0, ricordi, magia, dolori e speranze. Nei social, contatto: Patrizia Minardi bijoux &amp; naif.<\/p>\n\n\n\n<p><img decoding=\"async\" loading=\"lazy\" width=\"1200\" height=\"1800\" class=\"wp-image-225499\" style=\"width: 1500px;\" src=\"https:\/\/www.leccecronaca.it\/wordpress\/wp-content\/uploads\/2024\/01\/Maria-Bennett_Prima-di-copertina_Perche-tu-ami.jpg\" alt=\"\" srcset=\"https:\/\/www.leccecronaca.it\/wordpress\/wp-content\/uploads\/2024\/01\/Maria-Bennett_Prima-di-copertina_Perche-tu-ami.jpg 1200w, https:\/\/www.leccecronaca.it\/wordpress\/wp-content\/uploads\/2024\/01\/Maria-Bennett_Prima-di-copertina_Perche-tu-ami-200x300.jpg 200w, https:\/\/www.leccecronaca.it\/wordpress\/wp-content\/uploads\/2024\/01\/Maria-Bennett_Prima-di-copertina_Perche-tu-ami-683x1024.jpg 683w, https:\/\/www.leccecronaca.it\/wordpress\/wp-content\/uploads\/2024\/01\/Maria-Bennett_Prima-di-copertina_Perche-tu-ami-768x1152.jpg 768w, https:\/\/www.leccecronaca.it\/wordpress\/wp-content\/uploads\/2024\/01\/Maria-Bennett_Prima-di-copertina_Perche-tu-ami-1024x1536.jpg 1024w\" sizes=\"(max-width: 1200px) 100vw, 1200px\" \/><\/p>\n\n\n\n<p><\/p>\n\n\n\n<p>Info link<\/p>\n\n\n\n<p><a href=\"https:\/\/iqdbcasaeditrice.blogspot.com\/2024\/01\/perche-tu-ami-di-maria-bennett.html\">https:\/\/iqdbcasaeditrice.blogspot.com\/2024\/01\/perche-tu-ami-di-maria-bennett.html<\/a><\/p>\n\n\n\n<p>Mail \u2013 <a href=\"mailto:iquadernidelbardoed@libero.it\">iquadernidelbardoed@libero.it<\/a><\/p>\n<fb:like href='https:\/\/www.leccecronaca.it\/index.php\/2024\/01\/19\/leditore-salentino-stefano-donno-presenta-una-sua-nuova-pubblicazione-di-rilievo-internazionale-tradotta-in-italiano-la-poetessa-americana-maria-bennet-di-perche-tu-ami\/' send='true' layout='button_count' show_faces='true' width='450' height='65' action='recommend' colorscheme='light' font='lucida grande'><\/fb:like><span class=\"fb_share\"><fb:like href=\"https:\/\/www.leccecronaca.it\/index.php\/2024\/01\/19\/leditore-salentino-stefano-donno-presenta-una-sua-nuova-pubblicazione-di-rilievo-internazionale-tradotta-in-italiano-la-poetessa-americana-maria-bennet-di-perche-tu-ami\/\" layout=\"button_count\"><\/fb:like><\/span>","protected":false},"excerpt":{"rendered":"<p>di Stefano Donno ______ Ecco la nuova pubblicazione di rilievo internazionale, questa volta u&#8217;autrice americana, Maria Bennett (nella foto), per la nostra casa editrice I Quaderni del Bardo Edizioni: la raccolta di poesie \u201cPerch\u00e9 tu ami\u201d.\u00a0 &nbsp;Dalla prefazione di Annelisa Addolorato: \u201cIl libro di Maria Bennett ha una fragranza floreale e una completezza culturale e [&hellip;]<\/p>\n","protected":false},"author":4,"featured_media":225600,"comment_status":"open","ping_status":"closed","sticky":false,"template":"","format":"standard","meta":[],"categories":[31,57],"tags":[],"_links":{"self":[{"href":"https:\/\/www.leccecronaca.it\/index.php\/wp-json\/wp\/v2\/posts\/225498"}],"collection":[{"href":"https:\/\/www.leccecronaca.it\/index.php\/wp-json\/wp\/v2\/posts"}],"about":[{"href":"https:\/\/www.leccecronaca.it\/index.php\/wp-json\/wp\/v2\/types\/post"}],"author":[{"embeddable":true,"href":"https:\/\/www.leccecronaca.it\/index.php\/wp-json\/wp\/v2\/users\/4"}],"replies":[{"embeddable":true,"href":"https:\/\/www.leccecronaca.it\/index.php\/wp-json\/wp\/v2\/comments?post=225498"}],"version-history":[{"count":3,"href":"https:\/\/www.leccecronaca.it\/index.php\/wp-json\/wp\/v2\/posts\/225498\/revisions"}],"predecessor-version":[{"id":225603,"href":"https:\/\/www.leccecronaca.it\/index.php\/wp-json\/wp\/v2\/posts\/225498\/revisions\/225603"}],"wp:featuredmedia":[{"embeddable":true,"href":"https:\/\/www.leccecronaca.it\/index.php\/wp-json\/wp\/v2\/media\/225600"}],"wp:attachment":[{"href":"https:\/\/www.leccecronaca.it\/index.php\/wp-json\/wp\/v2\/media?parent=225498"}],"wp:term":[{"taxonomy":"category","embeddable":true,"href":"https:\/\/www.leccecronaca.it\/index.php\/wp-json\/wp\/v2\/categories?post=225498"},{"taxonomy":"post_tag","embeddable":true,"href":"https:\/\/www.leccecronaca.it\/index.php\/wp-json\/wp\/v2\/tags?post=225498"}],"curies":[{"name":"wp","href":"https:\/\/api.w.org\/{rel}","templated":true}]}}