{"id":225549,"date":"2024-01-17T15:53:30","date_gmt":"2024-01-17T14:53:30","guid":{"rendered":"https:\/\/www.leccecronaca.it\/?p=225549"},"modified":"2024-01-17T16:06:11","modified_gmt":"2024-01-17T15:06:11","slug":"dichiarazione-congiunta-del-sindaco-salvemini-e-del-presidente-sticchi-damiani","status":"publish","type":"post","link":"https:\/\/www.leccecronaca.it\/index.php\/2024\/01\/17\/dichiarazione-congiunta-del-sindaco-salvemini-e-del-presidente-sticchi-damiani\/","title":{"rendered":"DICHIARAZIONE CONGIUNTA DEL SINDACO SALVEMINI E DEL PRESIDENTE STICCHI DAMIANI SUL NUOVO CENTRO SPORTIVO"},"content":{"rendered":"\n<p><img decoding=\"async\" loading=\"lazy\" width=\"1248\" height=\"738\" class=\"wp-image-225565\" style=\"width: 1500px;\" src=\"https:\/\/www.leccecronaca.it\/wordpress\/wp-content\/uploads\/2024\/01\/salvemini-sticchi-damiani.jpg\" alt=\"\" srcset=\"https:\/\/www.leccecronaca.it\/wordpress\/wp-content\/uploads\/2024\/01\/salvemini-sticchi-damiani.jpg 1248w, https:\/\/www.leccecronaca.it\/wordpress\/wp-content\/uploads\/2024\/01\/salvemini-sticchi-damiani-300x177.jpg 300w, https:\/\/www.leccecronaca.it\/wordpress\/wp-content\/uploads\/2024\/01\/salvemini-sticchi-damiani-1024x606.jpg 1024w, https:\/\/www.leccecronaca.it\/wordpress\/wp-content\/uploads\/2024\/01\/salvemini-sticchi-damiani-768x454.jpg 768w\" sizes=\"(max-width: 1248px) 100vw, 1248px\" \/><\/p>\n\n\n\n<p>Riceviamo e volentieri pubblichiamo. ______<\/p>\n\n\n\n<p>Ieri mattina alcuni giornali hanno parlato di una &#8220;guerra&#8221; in corso tra Comune e U.S. Lecce per la realizzazione del nuovo centro sportivo.<\/p>\n\n\n\n<p>Da parte nostra, intendiamo rassicurare la citt\u00e0 e i tifosi che non c&#8217;\u00e8 nessun conflitto aperto tra la societ\u00e0 e l\u2019amministrazione comunale. Che invece collaborano costantemente, nella gestione dello Stadio, dato in concessione decennale, nel lavoro per l\u2019ottenimento di un investimento pubblico per il restyling dell\u2019impianto.<\/p>\n\n\n\n<p>Il Comune di Lecce e l\u2019U.S. Lecce sono impegnate fianco a fianco nella sfida della Serie A e non possono permettersi di vivere un rapporto conflittuale invece di marciare unite, con il massimo impegno, nella stessa direzione.<\/p>\n\n\n\n<p>Ed \u00e8 bene ribadirlo congiuntamente.<\/p>\n\n\n\n<p>Sul nuovo centro sportivo si \u00e8 tenuto tra la Societ\u00e0 e il Comune un confronto, apertosi a fine novembre 2023, per verificare la percorribilit\u00e0 dell&#8217;investimento su terreni privati individuati dalla societ\u00e0. Nel corso del primo e al momento unico incontro tenuto in Comune \u00e8 emerso che l&#8217;area privata individuata dall&#8217;U.S. Lecce come prima opzione, seppur urbanisticamente idonea ai sensi del PRG vigente, \u00e8 sottoposta a vincoli e tutele sovraordinate dovute all&#8217;introduzione nel 2015 del Piano Paesaggistico Territoriale Regionale che l\u00ec individua aree a prati e pascoli naturali. Un inquadramento giudicato al momento quindi non adeguato rispetto alle necessit\u00e0 e ad un progetto attuabile in tempi ragionevoli.<\/p>\n\n\n\n<p>Con spirito collaborativo il Comune ha comunque messo a disposizione il proprio settore Urbanistica per ogni ulteriore approfondimento istruttorio da condividere con U.S. Lecce, da cui \u00e8 emerso, sempre da un primo esame, l&#8217;inesistenza di aree private idonee ad ospitare il progetto del centro sportivo sull&#8217;intero territorio comunale.<\/p>\n\n\n\n<p>Nessun conflitto, nessuno scontro, nessuna guerra. Ma dialogo e confronto finalizzato a dare informazioni, precisare contesti, condividere opportunit\u00e0.<\/p>\n\n\n\n<p>Come quella che ci vede fianco a fianco nel progetto di investimento sullo stadio per i Giochi del Mediterraneo grazie anche alla disponibilit\u00e0 dell\u2019U.S. Lecce di offrire un piano di fattibilit\u00e0 tecnica economica funzionale a sbloccare gli 11.3 mln di euro che il Comune \u00e8 riuscito ad assicurare per il restyling dello stadio.<\/p>\n\n\n\n<p>Al lavoro quindi, insieme, nell&#8217;interesse della citt\u00e0 e dei suoi tifosi.<\/p>\n\n\n\n<p>IL SINDACO DI LECCE &nbsp;&nbsp;&nbsp; &nbsp;&nbsp;&nbsp; &nbsp;&nbsp;&nbsp; &nbsp; IL PRESIDENTE US LECCE<br><strong>Carlo Salvemini&nbsp;&nbsp;&nbsp; &nbsp;&nbsp;&nbsp; &nbsp;&nbsp;&nbsp; &nbsp;&nbsp;&nbsp; &nbsp;&nbsp;&nbsp; &nbsp;&nbsp;&nbsp; Saverio Sticchi Damiani<\/strong><\/p>\n<fb:like href='https:\/\/www.leccecronaca.it\/index.php\/2024\/01\/17\/dichiarazione-congiunta-del-sindaco-salvemini-e-del-presidente-sticchi-damiani\/' send='true' layout='button_count' show_faces='true' width='450' height='65' action='recommend' colorscheme='light' font='lucida grande'><\/fb:like><span class=\"fb_share\"><fb:like href=\"https:\/\/www.leccecronaca.it\/index.php\/2024\/01\/17\/dichiarazione-congiunta-del-sindaco-salvemini-e-del-presidente-sticchi-damiani\/\" layout=\"button_count\"><\/fb:like><\/span>","protected":false},"excerpt":{"rendered":"<p>Riceviamo e volentieri pubblichiamo. ______ Ieri mattina alcuni giornali hanno parlato di una &#8220;guerra&#8221; in corso tra Comune e U.S. Lecce per la realizzazione del nuovo centro sportivo. Da parte nostra, intendiamo rassicurare la citt\u00e0 e i tifosi che non c&#8217;\u00e8 nessun conflitto aperto tra la societ\u00e0 e l\u2019amministrazione comunale. Che invece collaborano costantemente, nella [&hellip;]<\/p>\n","protected":false},"author":4,"featured_media":225565,"comment_status":"open","ping_status":"closed","sticky":false,"template":"","format":"standard","meta":[],"categories":[69,76,36,28],"tags":[],"_links":{"self":[{"href":"https:\/\/www.leccecronaca.it\/index.php\/wp-json\/wp\/v2\/posts\/225549"}],"collection":[{"href":"https:\/\/www.leccecronaca.it\/index.php\/wp-json\/wp\/v2\/posts"}],"about":[{"href":"https:\/\/www.leccecronaca.it\/index.php\/wp-json\/wp\/v2\/types\/post"}],"author":[{"embeddable":true,"href":"https:\/\/www.leccecronaca.it\/index.php\/wp-json\/wp\/v2\/users\/4"}],"replies":[{"embeddable":true,"href":"https:\/\/www.leccecronaca.it\/index.php\/wp-json\/wp\/v2\/comments?post=225549"}],"version-history":[{"count":2,"href":"https:\/\/www.leccecronaca.it\/index.php\/wp-json\/wp\/v2\/posts\/225549\/revisions"}],"predecessor-version":[{"id":225567,"href":"https:\/\/www.leccecronaca.it\/index.php\/wp-json\/wp\/v2\/posts\/225549\/revisions\/225567"}],"wp:featuredmedia":[{"embeddable":true,"href":"https:\/\/www.leccecronaca.it\/index.php\/wp-json\/wp\/v2\/media\/225565"}],"wp:attachment":[{"href":"https:\/\/www.leccecronaca.it\/index.php\/wp-json\/wp\/v2\/media?parent=225549"}],"wp:term":[{"taxonomy":"category","embeddable":true,"href":"https:\/\/www.leccecronaca.it\/index.php\/wp-json\/wp\/v2\/categories?post=225549"},{"taxonomy":"post_tag","embeddable":true,"href":"https:\/\/www.leccecronaca.it\/index.php\/wp-json\/wp\/v2\/tags?post=225549"}],"curies":[{"name":"wp","href":"https:\/\/api.w.org\/{rel}","templated":true}]}}