{"id":225610,"date":"2024-01-19T15:42:47","date_gmt":"2024-01-19T14:42:47","guid":{"rendered":"https:\/\/www.leccecronaca.it\/?p=225610"},"modified":"2024-01-19T17:28:01","modified_gmt":"2024-01-19T16:28:01","slug":"numerosi-progetti-e-protocolli-per-limboschimento-rimasti-pero-finora-senza-adeguate-piantumazioni-reali-una-nota-critica-del-forum-ambiente-e-salute-di-lecce","status":"publish","type":"post","link":"https:\/\/www.leccecronaca.it\/index.php\/2024\/01\/19\/numerosi-progetti-e-protocolli-per-limboschimento-rimasti-pero-finora-senza-adeguate-piantumazioni-reali-una-nota-critica-del-forum-ambiente-e-salute-di-lecce\/","title":{"rendered":"NUMEROSI PROGETTI\u00a0E PROTOCOLLI PER L\u2019IMBOSCHIMENTO RIMASTI PERO\u2019 FINORA\u00a0SENZA\u00a0ADEGUATE\u00a0PIANTUMAZIONI REALI. UNA NOTA CRITICA DEL FORUM AMBIENTE E SALUTE DI LECCE"},"content":{"rendered":"\n<p><img decoding=\"async\" loading=\"lazy\" width=\"150\" height=\"150\" class=\"wp-image-225611\" style=\"width: 1200px;\" src=\"https:\/\/www.leccecronaca.it\/wordpress\/wp-content\/uploads\/2024\/01\/Giovanni-Secli-150x150-1.jpg\" alt=\"\" srcset=\"https:\/\/www.leccecronaca.it\/wordpress\/wp-content\/uploads\/2024\/01\/Giovanni-Secli-150x150-1.jpg 150w, https:\/\/www.leccecronaca.it\/wordpress\/wp-content\/uploads\/2024\/01\/Giovanni-Secli-150x150-1-60x60.jpg 60w\" sizes=\"(max-width: 150px) 100vw, 150px\" \/><\/p>\n\n\n\n<p>Riceviamo e volentieri pubblichiamo. Giovanni Secl\u00ec (nella foto)\u00a0e Salvatore Accoto del Forum Ambiente e Salute di Lecce, ci mandano per conoscenza la loro nota inviata a Provincia e Comune ______\u00a0<\/p>\n\n\n\n<p>FORUM AMBIENTE E SALUTE LECCE<\/p>\n\n\n\n<p>Oggetto<\/p>\n\n\n\n<p>NUMEROSI &nbsp;PROGETTI&nbsp; e PROTOCOLLI PER L\u2019IMBOSCHIMENTO FINORA&nbsp; SENZA&nbsp; ADEGUATE&nbsp; PIANTUMAZIONI REALI<\/p>\n\n\n\n<p>Sigg.<\/p>\n\n\n\n<p>STEFANO MINERVA&nbsp; Presidente Provincia Lecce<\/p>\n\n\n\n<p>STEFANO SALVEMINI &nbsp;Sindaco di Lecce<\/p>\n\n\n\n<p>PC<\/p>\n\n\n\n<p>SIG. ANNA GRAZIA MARASCHIO assessore regionale<\/p>\n\n\n\n<p>La recente adesione della Provincia&nbsp;&nbsp; al&nbsp; progetto MOSAICO VERDE, campagna di forestazione&nbsp; aree urbane ed extraurbane, supportata da diversi&nbsp; e qualificati enti e associazioni nazionali,&nbsp; conferma la sensibilit\u00e0 dell\u2019Ente locale&nbsp; rispetto al dovere di&nbsp; attivare azioni virtuose di rinaturalizzazione, in contrasto con la desertificazione del territorio.<\/p>\n\n\n\n<p>Tale protocollo si unisce a quello con la Fondazione SYLVA, che ha&nbsp; permesso negli ultimi tre anni di piantumare alcune migliaia di nuovi alberi; ed \u00e8 in continuit\u00e0&nbsp; con l\u2019analogo del DAJS &nbsp;salentino &nbsp;del 2018, ancora fermo. &nbsp;Non dimentichiamo anche la collaborazione&nbsp; con l\u2019agenzia regionale per la forestazione ARIF.<\/p>\n\n\n\n<p>A questi percorsi &nbsp;di partenariato &nbsp;della Provincia si uniscono quelli comunali&nbsp; di imboschimento di aree periurbane, in primis&nbsp; a Lecce; qui sono stati avviati gli interventi di&nbsp; piantumazione&nbsp; di diverse centinaia&nbsp; di alberi&nbsp; a borgo San Nicola e all\u2019Orto botanico.<\/p>\n\n\n\n<p>Questa proliferazioni di proposte e convenzioni&nbsp; per la rinaturalizzazione del territorio non &nbsp;elimina n\u00e9&nbsp; risolve&nbsp;&nbsp; importanti criticit\u00e0:<\/p>\n\n\n\n<p>&#8211; in primis&nbsp; l\u2019inadeguatezza &nbsp;degli stessi nell\u2019avviare nel concreto&nbsp; una massiva piantumazione di&nbsp; &nbsp;diverse &nbsp;centinaia di migliaia di&nbsp; alberi , richiesta da&nbsp; decenni, ancor prima del disseccamento di massa degli ulivi, a maggior ragione &nbsp;ora &nbsp;in&nbsp; contrasto alla desertificazione&nbsp; prodotta;<\/p>\n\n\n\n<p>&#8211; il progetto Mosaico si sovrappone&nbsp; a quello&nbsp; del DAJS, rivolgendosi entrambi ai Comuni, cui si chiede di reperire la disponibilit\u00e0 di aree pubbliche&nbsp; e-o private da imboschire. Ad oggi, dopo quattro&nbsp; anni dall\u2019avvio delle consultazioni del Dajs con i sindaci delle tre province,&nbsp; non sappiamo quante&nbsp; aree sono state individuate e quanti nuovi alberi piantati; poich\u00e9 non vi \u00e8 stata segnalazione pubblica di ci\u00f2, temiamo&nbsp; &nbsp;-sperando di essere smentiti-&nbsp; che il progetto non sia&nbsp; decollato nei fatti.<\/p>\n\n\n\n<p>Lo stesso potrebbe accadere per la convenzione con Mosaico.&nbsp; Concreta \u00e8 &nbsp;la partenza&nbsp; dell\u2019 accordo &nbsp;con Sylva e del comune di Lecce: ma le &nbsp;poche migliaia&nbsp; di nuove alberature nel giro di tre anni, sono insignificanti rispetto all\u2019urgenza di rinaturalizzare il Salento. Esso abbisogna di&nbsp; milioni di nuove piantumazioni, in sostituzione di quelli&nbsp; degli ulivi disseccati e gi\u00e0 per sopperire al deficit di boschi che ci pone&nbsp; nell\u2019ultimo posto in Italia. Passi da lumaca prodotti finora dalle convenzioni , rispetto all\u2019efficienza &nbsp;e ai risultati di interventi di imboschimento attuati in anni precedenti da privati&nbsp; (purtroppo pochi anche per il carente sostegno e input regionale).<\/p>\n\n\n\n<p>Le criticit\u00e0 di&nbsp; tale divaricazione tra progetti-protocolli numerosi&nbsp; e azioni non corrispondenti&nbsp; -dovute anche&nbsp; alla inadeguata risposta di amministrazioni &nbsp;e di&nbsp; proprietari terrieri-&nbsp; pu\u00f2 e deve essere superata con interventi pubblici&nbsp; su aree pubbliche &nbsp;marginali, degradate, dismesse e con l\u2019attivazione di procedure pi\u00f9 snelle e di maggiori risorse nel PSR&nbsp; regionale. Ci\u00f2 renderebbe&nbsp; le pratiche di imboschimento &nbsp;pi\u00f9 celeri e meno onerose sul piano finanziario, quindi&nbsp; con maggiore estensione delle piantumazioni. Un solo esempio: le aree dei relitti stradali&nbsp; e delle grandi rotatorie e svincoli, che assommano&nbsp; nel Salento &nbsp;a circa&nbsp; duecentocinquanta ettari,&nbsp; possono &nbsp;da sole ospitare duecentomila nuove alberature, da&nbsp; mettere a dimora&nbsp; in un solo anno. Invece&nbsp; queste aree&nbsp; -a differenza di quelle analoghe in altre regioni- versano in&nbsp; uno stato di squallore, &nbsp;sono ricettacolo di rifiuti. Nel capoluogo &nbsp;anche gli ultimi rond\u00f2&nbsp;&nbsp;&nbsp; della nuova &nbsp;circonvallazione&nbsp; verso Acaya non ospitano &nbsp;-come potrebbero- &nbsp;diverse centinaia di nuovi alberi .<\/p>\n\n\n\n<p>Tali interventi sono stati sollecitati&nbsp; dallo scrivente Forum soprattutto all\u2019ente Provincia fin dalla presidenza del senatore G. Pellegrino, con apprezzamento&nbsp; e inazione insieme. La criticit\u00e0 climatico-ambientale particolarmente grave per il Salento richiede un\u2019accellerazione , che unisca ai suddetti protocolli azioni immediate&nbsp; e dirette, concordate con Anas, Regione e Comuni; contemporaneamente va potenziato&nbsp; il ruolo dell\u2019Arif, sia nella produzione di pi\u00f9 numerose piante &nbsp;che nella&nbsp; gestione del personale&nbsp; che va&nbsp; implementato e incentivato.<\/p>\n\n\n\n<p>Come negli anni trenta e cinquanta del XX secolo, va immediatamente &nbsp;pianificato un intervento pubblico di forestazione e imboschimento anche produttivo, innanzitutto con interventi diretti su aree demaniali; &nbsp;&nbsp;a ci\u00f2 va unito &nbsp;il sostegno alla &nbsp;cura degli uliveti &nbsp;ora in rivegetazione e all\u2019incremento &nbsp;alberature &nbsp;al loro interno, &nbsp;invece di finanziare gli espianti; &nbsp;i protocolli e le &nbsp;convenzioni con&nbsp; privati, possono solo integrare &nbsp;ma non sono &nbsp;in&nbsp; grado di sopperire alle due precedenti prioritarie operazioni.<\/p>\n\n\n\n<p>Distinti saluti<\/p>\n\n\n\n<p>Giovanni Secl\u00ec<\/p>\n\n\n\n<p>Salvatore Accoto<\/p>\n\n\n\n<p><\/p>\n<fb:like href='https:\/\/www.leccecronaca.it\/index.php\/2024\/01\/19\/numerosi-progetti-e-protocolli-per-limboschimento-rimasti-pero-finora-senza-adeguate-piantumazioni-reali-una-nota-critica-del-forum-ambiente-e-salute-di-lecce\/' send='true' layout='button_count' show_faces='true' width='450' height='65' action='recommend' colorscheme='light' font='lucida grande'><\/fb:like><span class=\"fb_share\"><fb:like href=\"https:\/\/www.leccecronaca.it\/index.php\/2024\/01\/19\/numerosi-progetti-e-protocolli-per-limboschimento-rimasti-pero-finora-senza-adeguate-piantumazioni-reali-una-nota-critica-del-forum-ambiente-e-salute-di-lecce\/\" layout=\"button_count\"><\/fb:like><\/span>","protected":false},"excerpt":{"rendered":"<p>Riceviamo e volentieri pubblichiamo. Giovanni Secl\u00ec (nella foto)\u00a0e Salvatore Accoto del Forum Ambiente e Salute di Lecce, ci mandano per conoscenza la loro nota inviata a Provincia e Comune ______\u00a0 FORUM AMBIENTE E SALUTE LECCE Oggetto NUMEROSI &nbsp;PROGETTI&nbsp; e PROTOCOLLI PER L\u2019IMBOSCHIMENTO FINORA&nbsp; SENZA&nbsp; ADEGUATE&nbsp; PIANTUMAZIONI REALI Sigg. STEFANO MINERVA&nbsp; Presidente Provincia Lecce STEFANO SALVEMINI [&hellip;]<\/p>\n","protected":false},"author":4,"featured_media":225611,"comment_status":"open","ping_status":"closed","sticky":false,"template":"","format":"standard","meta":[],"categories":[69,76,36],"tags":[],"_links":{"self":[{"href":"https:\/\/www.leccecronaca.it\/index.php\/wp-json\/wp\/v2\/posts\/225610"}],"collection":[{"href":"https:\/\/www.leccecronaca.it\/index.php\/wp-json\/wp\/v2\/posts"}],"about":[{"href":"https:\/\/www.leccecronaca.it\/index.php\/wp-json\/wp\/v2\/types\/post"}],"author":[{"embeddable":true,"href":"https:\/\/www.leccecronaca.it\/index.php\/wp-json\/wp\/v2\/users\/4"}],"replies":[{"embeddable":true,"href":"https:\/\/www.leccecronaca.it\/index.php\/wp-json\/wp\/v2\/comments?post=225610"}],"version-history":[{"count":2,"href":"https:\/\/www.leccecronaca.it\/index.php\/wp-json\/wp\/v2\/posts\/225610\/revisions"}],"predecessor-version":[{"id":225624,"href":"https:\/\/www.leccecronaca.it\/index.php\/wp-json\/wp\/v2\/posts\/225610\/revisions\/225624"}],"wp:featuredmedia":[{"embeddable":true,"href":"https:\/\/www.leccecronaca.it\/index.php\/wp-json\/wp\/v2\/media\/225611"}],"wp:attachment":[{"href":"https:\/\/www.leccecronaca.it\/index.php\/wp-json\/wp\/v2\/media?parent=225610"}],"wp:term":[{"taxonomy":"category","embeddable":true,"href":"https:\/\/www.leccecronaca.it\/index.php\/wp-json\/wp\/v2\/categories?post=225610"},{"taxonomy":"post_tag","embeddable":true,"href":"https:\/\/www.leccecronaca.it\/index.php\/wp-json\/wp\/v2\/tags?post=225610"}],"curies":[{"name":"wp","href":"https:\/\/api.w.org\/{rel}","templated":true}]}}