{"id":225861,"date":"2024-01-26T14:36:59","date_gmt":"2024-01-26T13:36:59","guid":{"rendered":"https:\/\/www.leccecronaca.it\/?p=225861"},"modified":"2024-01-26T14:37:03","modified_gmt":"2024-01-26T13:37:03","slug":"lavori-in-corso-a-frigole","status":"publish","type":"post","link":"https:\/\/www.leccecronaca.it\/index.php\/2024\/01\/26\/lavori-in-corso-a-frigole\/","title":{"rendered":"LAVORI IN CORSO A FRIGOLE"},"content":{"rendered":"\n<p><img decoding=\"async\" loading=\"lazy\" width=\"2048\" height=\"1536\" class=\"wp-image-225862\" style=\"width: 1500px;\" src=\"https:\/\/www.leccecronaca.it\/wordpress\/wp-content\/uploads\/2024\/01\/sindaco-Salvemini-e-assessora-Miglietta.jpeg\" alt=\"\" srcset=\"https:\/\/www.leccecronaca.it\/wordpress\/wp-content\/uploads\/2024\/01\/sindaco-Salvemini-e-assessora-Miglietta.jpeg 2048w, https:\/\/www.leccecronaca.it\/wordpress\/wp-content\/uploads\/2024\/01\/sindaco-Salvemini-e-assessora-Miglietta-300x225.jpeg 300w, https:\/\/www.leccecronaca.it\/wordpress\/wp-content\/uploads\/2024\/01\/sindaco-Salvemini-e-assessora-Miglietta-1024x768.jpeg 1024w, https:\/\/www.leccecronaca.it\/wordpress\/wp-content\/uploads\/2024\/01\/sindaco-Salvemini-e-assessora-Miglietta-768x576.jpeg 768w, https:\/\/www.leccecronaca.it\/wordpress\/wp-content\/uploads\/2024\/01\/sindaco-Salvemini-e-assessora-Miglietta-1536x1152.jpeg 1536w, https:\/\/www.leccecronaca.it\/wordpress\/wp-content\/uploads\/2024\/01\/sindaco-Salvemini-e-assessora-Miglietta-400x300.jpeg 400w\" sizes=\"(max-width: 2048px) 100vw, 2048px\" \/><\/p>\n\n\n\n<p>Riceviamo e volentieri pubblichiamo. L\u2019ufficio stampa del Comune di Lecce ci manda il seguente comunicato (nella foto, sindaco e assessore questa mattina a Frigole)\u00a0 ______\u00a0<\/p>\n\n\n\n<p>Questa mattina, nell\u2019ambito del progetto \u201c<strong>Tramareterra \u2013 bacino di Acquatina<\/strong>\u201d, sono iniziati i lavori di rimozione dell\u2019ex lido Marina Rella, su lungomare Bergamini, e di ricostruzione del paesaggio naturale costiero di Frigole. <\/p>\n\n\n\n<p>Saranno rimosse le murature della struttura, realizzate sul demanio marittimo ormai molti decenni fa,\u00a0oggi in completo degrado e con concessione demaniale decaduta, le pavimentazioni, tutto ci\u00f2 che resta di una struttura abbandonata ormai da tempo che occupa oltre seicento metri quadrati di arenile, liberando la spiaggia di Frigole e il paesaggio marittimo da un elemento detrattore che finora ne pregiudicava la fruizione e ne comprometteva la bellezza.<\/p>\n\n\n\n<p>Con il progetto \u201cTramareterra \u2013 bacino di Acquatina di Frigole\u201d l\u2019amministrazione comunale sta attuando un sistema di interventi per rendere possibile la fruizione sostenibile di un sito dall\u2019altissimo valore naturalistico e paesaggistico. Tra questi la demolizione e rimozione di edifici lungo via Bergamini, di cancellate in ferro, elementi in cemento, pavimentazioni incongrue. Una volta rimossi i ruderi dell\u2019ex Lido Rella, saranno avviati interventi di ricostruzione del cordone dunale, con la posa in opera di una viminata in legno per agevolare il processo naturale di rigenerazione.<\/p>\n\n\n\n<p>Altri interventi previsti nel progetto e gi\u00e0 in corso nel cantiere riguardano il rifacimento di Piazza Caduti in mare, che diventer\u00e0 un affaccio panoramico dotato di arredi e panchine, la ridefinizione di via Bergamini come asse d\u2019accesso alla spiaggia per pedoni e biciclette, con il traffico automobilistico \u2013 che in estate aggredisce le dune con fenomeni di parcheggio improprio \u2013 che si fermer\u00e0, eccetto autorizzati, su lungomare Mori, dove sar\u00e0 possibile accedere a tre aree a parcheggio di interscambio alberate e permeabili di nuova realizzazione. Prevista anche la realizzazione, nell\u2019area di Acquatina gi\u00e0 in uso all\u2019Unisalento, di un centro visite e percorsi di fruizione naturalistica e turistica del bacino, destinati a rendere accessibile un sito da lungo tempo chiuso al pubblico.<\/p>\n\n\n\n<p>\u00ab<em><a href=\"javascript:mails_addtocal(1,&quot;Oggi&quot;);\">Oggi<\/a>&nbsp;restituiamo a Frigole una parte di quella bellezza che per lungo tempo gli \u00e8 stata sottratta&nbsp;<\/em>\u2013 dichiara il sindaco&nbsp;<strong>Carlo Salvemini&nbsp;<\/strong>\u2013&nbsp;<em>liberiamo pi\u00f9 di 600 metri quadrati di superficie dai resti in cemento di una costruzione che ha impedito per lungo tempo di vedere il mare e ha limitato lo spazio di una spiaggia bellissima. Questo \u00e8 il senso del progetto Tramareterra, restituire alla libera fruizione spiaggia, natura, servizi per valorizzare lo splendido contesto naturale dell\u2019Acquatina. Ringrazio quanti hanno immaginato, creduto, lavorato per realizzare tutto questo. I lavori continueranno con la stessa determinazione<\/em>\u00bb.<\/p>\n\n\n\n<p>\u00ab<em>In questa fase del progetto di rigenerazione del lungomare di Frigole e Acquatina riportiamo alla luce una spiaggia che sar\u00e0 libera e fruibile dai cittadini e dai visitatori&nbsp;<\/em>\u2013 dichiara l\u2019assessora alle Politiche Urbanistiche e Marine&nbsp;<strong>Rita Miglietta&nbsp;<\/strong>\u2013&nbsp;<em>penso sia una bella giornata per Frigole e per Lecce. Ricostruiamo l\u2019arenile per dare vita a un nuovo corso, senza muri e con visuali e fruizione libera. Quando il progetto sar\u00e0 ultimato avremo un nuovo paesaggio pi\u00f9 coerente alla bellezza di questi luoghi, che invito i leccesi a scoprire. \u00c8 una conquista della comunit\u00e0, comincia nel 2018 con l\u2019approvazione del progetto Tramareterra e che&nbsp;<a href=\"javascript:mails_addtocal(1,&quot;oggi&quot;);\">oggi<\/a>, grazie ai finanziamenti regionali per l\u2019attuazione del Piano paesaggistico territoriale regionale \u00e8 possibile realizzare<\/em>\u00bb.<\/p>\n<fb:like href='https:\/\/www.leccecronaca.it\/index.php\/2024\/01\/26\/lavori-in-corso-a-frigole\/' send='true' layout='button_count' show_faces='true' width='450' height='65' action='recommend' colorscheme='light' font='lucida grande'><\/fb:like><span class=\"fb_share\"><fb:like href=\"https:\/\/www.leccecronaca.it\/index.php\/2024\/01\/26\/lavori-in-corso-a-frigole\/\" layout=\"button_count\"><\/fb:like><\/span>","protected":false},"excerpt":{"rendered":"<p>Riceviamo e volentieri pubblichiamo. L\u2019ufficio stampa del Comune di Lecce ci manda il seguente comunicato (nella foto, sindaco e assessore questa mattina a Frigole)\u00a0 ______\u00a0 Questa mattina, nell\u2019ambito del progetto \u201cTramareterra \u2013 bacino di Acquatina\u201d, sono iniziati i lavori di rimozione dell\u2019ex lido Marina Rella, su lungomare Bergamini, e di ricostruzione del paesaggio naturale costiero [&hellip;]<\/p>\n","protected":false},"author":4,"featured_media":225862,"comment_status":"open","ping_status":"closed","sticky":false,"template":"","format":"standard","meta":[],"categories":[69,76,36],"tags":[],"_links":{"self":[{"href":"https:\/\/www.leccecronaca.it\/index.php\/wp-json\/wp\/v2\/posts\/225861"}],"collection":[{"href":"https:\/\/www.leccecronaca.it\/index.php\/wp-json\/wp\/v2\/posts"}],"about":[{"href":"https:\/\/www.leccecronaca.it\/index.php\/wp-json\/wp\/v2\/types\/post"}],"author":[{"embeddable":true,"href":"https:\/\/www.leccecronaca.it\/index.php\/wp-json\/wp\/v2\/users\/4"}],"replies":[{"embeddable":true,"href":"https:\/\/www.leccecronaca.it\/index.php\/wp-json\/wp\/v2\/comments?post=225861"}],"version-history":[{"count":1,"href":"https:\/\/www.leccecronaca.it\/index.php\/wp-json\/wp\/v2\/posts\/225861\/revisions"}],"predecessor-version":[{"id":225863,"href":"https:\/\/www.leccecronaca.it\/index.php\/wp-json\/wp\/v2\/posts\/225861\/revisions\/225863"}],"wp:featuredmedia":[{"embeddable":true,"href":"https:\/\/www.leccecronaca.it\/index.php\/wp-json\/wp\/v2\/media\/225862"}],"wp:attachment":[{"href":"https:\/\/www.leccecronaca.it\/index.php\/wp-json\/wp\/v2\/media?parent=225861"}],"wp:term":[{"taxonomy":"category","embeddable":true,"href":"https:\/\/www.leccecronaca.it\/index.php\/wp-json\/wp\/v2\/categories?post=225861"},{"taxonomy":"post_tag","embeddable":true,"href":"https:\/\/www.leccecronaca.it\/index.php\/wp-json\/wp\/v2\/tags?post=225861"}],"curies":[{"name":"wp","href":"https:\/\/api.w.org\/{rel}","templated":true}]}}