{"id":225980,"date":"2024-01-30T00:02:00","date_gmt":"2024-01-29T23:02:00","guid":{"rendered":"https:\/\/www.leccecronaca.it\/?p=225980"},"modified":"2024-01-29T15:23:43","modified_gmt":"2024-01-29T14:23:43","slug":"la-casa-della-poesia-di-nuno-judice","status":"publish","type":"post","link":"https:\/\/www.leccecronaca.it\/index.php\/2024\/01\/30\/la-casa-della-poesia-di-nuno-judice\/","title":{"rendered":"&#8220;La casa della poesia&#8221;\u00a0DI NUNO JUDICE"},"content":{"rendered":"\n<p><img decoding=\"async\" loading=\"lazy\" width=\"446\" height=\"442\" class=\"wp-image-225981\" style=\"width: 800px;\" src=\"https:\/\/www.leccecronaca.it\/wordpress\/wp-content\/uploads\/2024\/01\/184290096_104639698471120_3382418964457987821_n.jpg\" alt=\"\" srcset=\"https:\/\/www.leccecronaca.it\/wordpress\/wp-content\/uploads\/2024\/01\/184290096_104639698471120_3382418964457987821_n.jpg 446w, https:\/\/www.leccecronaca.it\/wordpress\/wp-content\/uploads\/2024\/01\/184290096_104639698471120_3382418964457987821_n-300x297.jpg 300w, https:\/\/www.leccecronaca.it\/wordpress\/wp-content\/uploads\/2024\/01\/184290096_104639698471120_3382418964457987821_n-150x150.jpg 150w, https:\/\/www.leccecronaca.it\/wordpress\/wp-content\/uploads\/2024\/01\/184290096_104639698471120_3382418964457987821_n-60x60.jpg 60w\" sizes=\"(max-width: 446px) 100vw, 446px\" \/>Venerd\u00ec 2 febbraio 2024, ore 18.30 Presentazione del libro &#8220;La casa della poesia&#8221; di Nuno J\u00fadice (nella foto).<\/p>\n\n\n\n<p>Evento online su piattaforma Zoom<\/p>\n\n\n\n<p>per accedere alla video troverete il link&nbsp; di accesso qui<\/p>\n\n\n\n<p><a href=\"https:\/\/www.lacasadellapoesiadicomo.com\/post\/presentazione-del-libro-la-casa-della-poesia-di-nuno-j%C3%BAdice\">https:\/\/www.lacasadellapoesiadicomo.com\/post\/presentazione-del-libro-la-casa-della-poesia-di-nuno-j%C3%BAdice<\/a><\/p>\n\n\n\n<p>Sulle pagine Facebook della Casa della Poesia di Como e de I Quaderni del Bardo Edizioni di Stefano Donno saranno pubblicati 48 ore prima dell\u2019incontro link e codice d\u2019accesso all\u2019evento on line su Zoom<\/p>\n\n\n\n<p>Link 1<\/p>\n\n\n\n<p><a href=\"https:\/\/www.facebook.com\/Casapoesiacomo\">https:\/\/www.facebook.com\/Casapoesiacomo<\/a><\/p>\n\n\n\n<p>Link 2<\/p>\n\n\n\n<p><a href=\"https:\/\/www.facebook.com\/Ilbardoedizioni\/\">https:\/\/www.facebook.com\/Ilbardoedizioni\/<\/a><\/p>\n\n\n\n<p>L\u2019autore dialogher\u00e0 con&nbsp;<strong>Emilio Coco<\/strong>, traduttore dell\u2019opera,<\/p>\n\n\n\n<p><strong>Stefano Donno<\/strong>, editore de IQdB Edizioni,&nbsp;<strong>Roberto Galaverni<\/strong>, critico letterario,<\/p>\n\n\n\n<p><strong>Laura Garavaglia<\/strong>, direttrice della collana \u201cAltri incontri\u201d e presidentessa de La Casa della Poesia di Como.<\/p>\n\n\n\n<p>Modera l\u2019incontro&nbsp;<strong>Antonia Depalma<\/strong>, saggista.<\/p>\n\n\n\n<p>\u201cProtagonista indiscussa della poesia di Nuno J\u00fadice \u00e8 la parola. Quasi non c\u2019\u00e8 poesia che non la contenga e con la quale il poeta alimenta le sue passioni, i suoi paradossi, le sue riflessioni. \u00c8 essa che gli ispira le metafore e le allegorie pi\u00f9 belle, con esse viaggia e riempie la sua valigia. Possono essere parole vecchie, relegate in un angolo del dizionario, ma quando le mette insieme, quando le unisce nel verso, risplendono di nuova luce. Ama le parole esatte, dure come gli oggetti che designano, parole che si uniscono e si sovrappongono a quelle gi\u00e0 usate, che devasta, frantuma in sillabe, incendia, ne raccoglie i resti, gli aggettivi, gli avverbi, le preposizioni, per creare altre parole, perch\u00e9 la voce non si bruci e poco importa che le frasi perdano il senso, purch\u00e9 resti inalterato il nome delle cose. Come fa la casalinga con i panni che mette ad asciugare al sole, cos\u00ec fa il poeta con le parole, le attacca nel verso con le mollette, le spiana con il ferro della retorica, senza bruciarle, le sistema nel tiretto della strofa per poi tirarle fuori quando servono per fare o leggere poesia, ed esse seguono il loro percorso, sporcandosi col fango della strada, riempendosi della muffa delle case chiuse, respirando il sudore degli amanti. Si lavano, si asciugano e tornano a sporcarsi in continuazione perch\u00e9 fanno parte del mondo e della vita\u201d. (EMILIO COCO)<\/p>\n\n\n\n<p><strong>Nuno J\u00fadice<\/strong>&nbsp;\u00e8 nato il 29 aprile 1949 a Mexilhoeira Grande, in Portogallo. Si \u00e8 laureato in Filologia romanza all\u2019Universit\u00e0 di Lisbona e ha conseguito il dottorato nel 1989 con una tesi sulla letteratura medievale. Dal 1997 al 2004 \u00e8 stato addetto culturale dell\u2019Ambasciata portoghese a Parigi e direttore dell\u2019Istituto Cam\u00f5es sempre a Parigi. \u00c8 stato docente di Letteratura portoghese e francese presso l\u2019Universidade Nova de Lisboa fino al 2015, quando \u00e8 andato in pensione. Ha pubblicato studi sulla teoria della letteratura e sulla letteratura portoghese. Poeta e romanziere, \u00e8 stato redattore letterario di Tabacaria, pubblicato dalla Casa Fernando Pessoa, e commissario per l\u2019area della letteratura portoghese in rappresentanza della 49\u00b0 Fiera del Libro di Francoforte, che aveva come tema il Portogallo. Le sue opere non riguardano solo la poesia e la narrativa, ma anche saggi, teatro, edizioni critiche e antologie. Dal 2009 \u00e8 direttore di \u201cCol\u00f3- quio-Letras\u201d, rivista letteraria della Fondazione Calouste Gulbenkian. Tra gli altri premi, nel 2013 ha ricevuto il Premio di Poesia Reina Sofia per la poesia iberoamericana. In Italia, ha ricevuto i premi Europa in Versi nel 2016, Camaiore nel 2017 e Carlo Betocchi-Citt\u00e0 di Firenze nel 2022.<\/p>\n\n\n\n<p>Info link:<\/p>\n\n\n\n<p><a href=\"https:\/\/iqdbcasaeditrice.blogspot.com\/2023\/10\/la-casa-della-poesia-di-nuno-judice.html\">https:\/\/iqdbcasaeditrice.blogspot.com\/2023\/10\/la-casa-della-poesia-di-nuno-judice.html<\/a><\/p>\n<fb:like href='https:\/\/www.leccecronaca.it\/index.php\/2024\/01\/30\/la-casa-della-poesia-di-nuno-judice\/' send='true' layout='button_count' show_faces='true' width='450' height='65' action='recommend' colorscheme='light' font='lucida grande'><\/fb:like><span class=\"fb_share\"><fb:like href=\"https:\/\/www.leccecronaca.it\/index.php\/2024\/01\/30\/la-casa-della-poesia-di-nuno-judice\/\" layout=\"button_count\"><\/fb:like><\/span>","protected":false},"excerpt":{"rendered":"<p>Venerd\u00ec 2 febbraio 2024, ore 18.30 Presentazione del libro &#8220;La casa della poesia&#8221; di Nuno J\u00fadice (nella foto). Evento online su piattaforma Zoom per accedere alla video troverete il link&nbsp; di accesso qui https:\/\/www.lacasadellapoesiadicomo.com\/post\/presentazione-del-libro-la-casa-della-poesia-di-nuno-j%C3%BAdice Sulle pagine Facebook della Casa della Poesia di Como e de I Quaderni del Bardo Edizioni di Stefano Donno saranno pubblicati [&hellip;]<\/p>\n","protected":false},"author":4,"featured_media":225981,"comment_status":"open","ping_status":"closed","sticky":false,"template":"","format":"standard","meta":[],"categories":[31,75,57],"tags":[],"_links":{"self":[{"href":"https:\/\/www.leccecronaca.it\/index.php\/wp-json\/wp\/v2\/posts\/225980"}],"collection":[{"href":"https:\/\/www.leccecronaca.it\/index.php\/wp-json\/wp\/v2\/posts"}],"about":[{"href":"https:\/\/www.leccecronaca.it\/index.php\/wp-json\/wp\/v2\/types\/post"}],"author":[{"embeddable":true,"href":"https:\/\/www.leccecronaca.it\/index.php\/wp-json\/wp\/v2\/users\/4"}],"replies":[{"embeddable":true,"href":"https:\/\/www.leccecronaca.it\/index.php\/wp-json\/wp\/v2\/comments?post=225980"}],"version-history":[{"count":2,"href":"https:\/\/www.leccecronaca.it\/index.php\/wp-json\/wp\/v2\/posts\/225980\/revisions"}],"predecessor-version":[{"id":225984,"href":"https:\/\/www.leccecronaca.it\/index.php\/wp-json\/wp\/v2\/posts\/225980\/revisions\/225984"}],"wp:featuredmedia":[{"embeddable":true,"href":"https:\/\/www.leccecronaca.it\/index.php\/wp-json\/wp\/v2\/media\/225981"}],"wp:attachment":[{"href":"https:\/\/www.leccecronaca.it\/index.php\/wp-json\/wp\/v2\/media?parent=225980"}],"wp:term":[{"taxonomy":"category","embeddable":true,"href":"https:\/\/www.leccecronaca.it\/index.php\/wp-json\/wp\/v2\/categories?post=225980"},{"taxonomy":"post_tag","embeddable":true,"href":"https:\/\/www.leccecronaca.it\/index.php\/wp-json\/wp\/v2\/tags?post=225980"}],"curies":[{"name":"wp","href":"https:\/\/api.w.org\/{rel}","templated":true}]}}