{"id":226484,"date":"2024-02-13T20:48:10","date_gmt":"2024-02-13T19:48:10","guid":{"rendered":"https:\/\/www.leccecronaca.it\/?p=226484"},"modified":"2024-02-14T13:55:02","modified_gmt":"2024-02-14T12:55:02","slug":"secondo-candidato-sindaco-a-lecceil-primo-sfidante-ufficiale-del-sindaco-uscentealberto-siculella","status":"publish","type":"post","link":"https:\/\/www.leccecronaca.it\/index.php\/2024\/02\/13\/secondo-candidato-sindaco-a-lecceil-primo-sfidante-ufficiale-del-sindaco-uscentealberto-siculella\/","title":{"rendered":"ALBERTO SICULELLA SECONDO CANDIDATO SINDACO A LECCE, PRIMO SFIDANTE UFFICIALE DI CARLO SALVEMINI"},"content":{"rendered":"\n<figure class=\"wp-block-image size-large is-resized\"><img decoding=\"async\" loading=\"lazy\" src=\"https:\/\/www.leccecronaca.it\/wordpress\/wp-content\/uploads\/2024\/02\/IMG-20240213-WA0007-1020x1024.jpg\" alt=\"\" class=\"wp-image-226485\" width=\"396\" height=\"397\" srcset=\"https:\/\/www.leccecronaca.it\/wordpress\/wp-content\/uploads\/2024\/02\/IMG-20240213-WA0007-1020x1024.jpg 1020w, https:\/\/www.leccecronaca.it\/wordpress\/wp-content\/uploads\/2024\/02\/IMG-20240213-WA0007-300x300.jpg 300w, https:\/\/www.leccecronaca.it\/wordpress\/wp-content\/uploads\/2024\/02\/IMG-20240213-WA0007-150x150.jpg 150w, https:\/\/www.leccecronaca.it\/wordpress\/wp-content\/uploads\/2024\/02\/IMG-20240213-WA0007-768x771.jpg 768w, https:\/\/www.leccecronaca.it\/wordpress\/wp-content\/uploads\/2024\/02\/IMG-20240213-WA0007-60x60.jpg 60w, https:\/\/www.leccecronaca.it\/wordpress\/wp-content\/uploads\/2024\/02\/IMG-20240213-WA0007.jpg 1080w\" sizes=\"(max-width: 396px) 100vw, 396px\" \/><\/figure>\n\n\n\n<p>Riceviamo e volentieri pubblichiamo._______<\/p>\n\n\n\n<p>La cittadinanza, oramai, vive da tempo un senso di insofferenza diffusa verso l\u2019attuale Amministrazione che, nelle sue principali componenti, non ha saputo dare risposte adeguate alle sfide che vedono impegnata l\u2019intera comunit\u00e0. Non di meno, volgendo lo sguardo a destra, imbarazza come la politica rimanga confinata nelle segreterie e nei palazzi.<\/p>\n\n\n\n<p>Lo scenario attuale, impone a tutte le forze civiche, sociali, associative della citt\u00e0, un\u2019attenta riflessione ed uno scatto di consapevolezza e coraggio. <\/p>\n\n\n\n<p>Come cittadini, professionisti ed associazioni, lavoriamo su temi, programmi, iniziative ed idee, per offrire a Lecce proposte concrete. \u00c8 evidente che la citt\u00e0 soffra l\u2019assenza di idee innovative, partecipate, alternative. <\/p>\n\n\n\n<p>Osserviamo un totale appiattimento del dibattito pubblico attorno al futuro della citt\u00e0.Sentiamo la necessit\u00e0 di dare voce e vita ad una visione di citt\u00e0 ecoperformante, digitale, sostenibile, inclusiva, giusta, che promuova modelli di sviluppo economico e non resti succube di uno schema incentrato esclusivamente su un turismo subito e non governato. Abbiamo bisogno di interpreti, energie e strumenti nuovi, come nuovo deve essere un protagonismo politico diffuso e appassionato.MIND &#8211; Menti Indipendenti e ARIA &#8211; gruppo ecologista, sono due realt\u00e0 che si sono configurate nel tempo come laboratori urbani di idee e progetti per la citt\u00e0.<img decoding=\"async\" loading=\"lazy\" width=\"500\" height=\"500\" class=\"wp-image-226506\" style=\"width: 1500px;\" src=\"https:\/\/www.leccecronaca.it\/wordpress\/wp-content\/uploads\/2024\/02\/AriaLaica-1.png\" alt=\"\" srcset=\"https:\/\/www.leccecronaca.it\/wordpress\/wp-content\/uploads\/2024\/02\/AriaLaica-1.png 500w, https:\/\/www.leccecronaca.it\/wordpress\/wp-content\/uploads\/2024\/02\/AriaLaica-1-300x300.png 300w, https:\/\/www.leccecronaca.it\/wordpress\/wp-content\/uploads\/2024\/02\/AriaLaica-1-150x150.png 150w, https:\/\/www.leccecronaca.it\/wordpress\/wp-content\/uploads\/2024\/02\/AriaLaica-1-60x60.png 60w\" sizes=\"(max-width: 500px) 100vw, 500px\" \/><\/p>\n\n\n\n<p> Siamo pronti ad intraprendere un percorso politico come liste civiche, a sostegno di una candidatura che sia espressione di idee chiare, passione, ascolto e coraggio. Alberto Siculella \u00e8 per noi la sintesi di un percorso, di una visione, a cui l\u2019intera comunit\u00e0 pu\u00f2 ispirarsi e a cui la citt\u00e0 deve ambire, per scrollarsi di dosso luoghi comuni che ci vedono ancora troppo distanti dalla dimensione a cui dobbiamo aspirare.<img decoding=\"async\" loading=\"lazy\" width=\"500\" height=\"500\" class=\"wp-image-226507\" style=\"width: 1500px;\" src=\"https:\/\/www.leccecronaca.it\/wordpress\/wp-content\/uploads\/2024\/02\/Mind-Logo-1.png\" alt=\"\" srcset=\"https:\/\/www.leccecronaca.it\/wordpress\/wp-content\/uploads\/2024\/02\/Mind-Logo-1.png 500w, https:\/\/www.leccecronaca.it\/wordpress\/wp-content\/uploads\/2024\/02\/Mind-Logo-1-300x300.png 300w, https:\/\/www.leccecronaca.it\/wordpress\/wp-content\/uploads\/2024\/02\/Mind-Logo-1-150x150.png 150w, https:\/\/www.leccecronaca.it\/wordpress\/wp-content\/uploads\/2024\/02\/Mind-Logo-1-60x60.png 60w\" sizes=\"(max-width: 500px) 100vw, 500px\" \/><\/p>\n<fb:like href='https:\/\/www.leccecronaca.it\/index.php\/2024\/02\/13\/secondo-candidato-sindaco-a-lecceil-primo-sfidante-ufficiale-del-sindaco-uscentealberto-siculella\/' send='true' layout='button_count' show_faces='true' width='450' height='65' action='recommend' colorscheme='light' font='lucida grande'><\/fb:like><span class=\"fb_share\"><fb:like href=\"https:\/\/www.leccecronaca.it\/index.php\/2024\/02\/13\/secondo-candidato-sindaco-a-lecceil-primo-sfidante-ufficiale-del-sindaco-uscentealberto-siculella\/\" layout=\"button_count\"><\/fb:like><\/span>","protected":false},"excerpt":{"rendered":"<p>Riceviamo e volentieri pubblichiamo._______ La cittadinanza, oramai, vive da tempo un senso di insofferenza diffusa verso l\u2019attuale Amministrazione che, nelle sue principali componenti, non ha saputo dare risposte adeguate alle sfide che vedono impegnata l\u2019intera comunit\u00e0. Non di meno, volgendo lo sguardo a destra, imbarazza come la politica rimanga confinata nelle segreterie e nei palazzi. [&hellip;]<\/p>\n","protected":false},"author":4,"featured_media":226485,"comment_status":"open","ping_status":"closed","sticky":false,"template":"","format":"standard","meta":[],"categories":[1,36],"tags":[],"_links":{"self":[{"href":"https:\/\/www.leccecronaca.it\/index.php\/wp-json\/wp\/v2\/posts\/226484"}],"collection":[{"href":"https:\/\/www.leccecronaca.it\/index.php\/wp-json\/wp\/v2\/posts"}],"about":[{"href":"https:\/\/www.leccecronaca.it\/index.php\/wp-json\/wp\/v2\/types\/post"}],"author":[{"embeddable":true,"href":"https:\/\/www.leccecronaca.it\/index.php\/wp-json\/wp\/v2\/users\/4"}],"replies":[{"embeddable":true,"href":"https:\/\/www.leccecronaca.it\/index.php\/wp-json\/wp\/v2\/comments?post=226484"}],"version-history":[{"count":5,"href":"https:\/\/www.leccecronaca.it\/index.php\/wp-json\/wp\/v2\/posts\/226484\/revisions"}],"predecessor-version":[{"id":226508,"href":"https:\/\/www.leccecronaca.it\/index.php\/wp-json\/wp\/v2\/posts\/226484\/revisions\/226508"}],"wp:featuredmedia":[{"embeddable":true,"href":"https:\/\/www.leccecronaca.it\/index.php\/wp-json\/wp\/v2\/media\/226485"}],"wp:attachment":[{"href":"https:\/\/www.leccecronaca.it\/index.php\/wp-json\/wp\/v2\/media?parent=226484"}],"wp:term":[{"taxonomy":"category","embeddable":true,"href":"https:\/\/www.leccecronaca.it\/index.php\/wp-json\/wp\/v2\/categories?post=226484"},{"taxonomy":"post_tag","embeddable":true,"href":"https:\/\/www.leccecronaca.it\/index.php\/wp-json\/wp\/v2\/tags?post=226484"}],"curies":[{"name":"wp","href":"https:\/\/api.w.org\/{rel}","templated":true}]}}