{"id":226816,"date":"2024-02-24T19:46:58","date_gmt":"2024-02-24T18:46:58","guid":{"rendered":"https:\/\/www.leccecronaca.it\/?p=226816"},"modified":"2024-02-24T20:39:52","modified_gmt":"2024-02-24T19:39:52","slug":"addio-a-ilio","status":"publish","type":"post","link":"https:\/\/www.leccecronaca.it\/index.php\/2024\/02\/24\/addio-a-ilio\/","title":{"rendered":"ADDIO A ILIO"},"content":{"rendered":"\n<p><img decoding=\"async\" loading=\"lazy\" width=\"437\" height=\"473\" class=\"wp-image-226817\" style=\"width: 1800px;\" src=\"https:\/\/www.leccecronaca.it\/wordpress\/wp-content\/uploads\/2024\/02\/429690261_1154831559241669_5505534285732132899_n.jpg\" alt=\"\" srcset=\"https:\/\/www.leccecronaca.it\/wordpress\/wp-content\/uploads\/2024\/02\/429690261_1154831559241669_5505534285732132899_n.jpg 437w, https:\/\/www.leccecronaca.it\/wordpress\/wp-content\/uploads\/2024\/02\/429690261_1154831559241669_5505534285732132899_n-277x300.jpg 277w\" sizes=\"(max-width: 437px) 100vw, 437px\" \/>(e.l.) _______  Ieri sera sulla provinciale fra San Donaci e Tuturano c\u2018\u00e8 stato un tragico incidente stradale. Il bilancio \u00e8 di un morto e un ferito.<\/p>\n\n\n\n<p>La vittima \u00e8, detto Ilio, 20 anni, di San Pietro Vernotico.<\/p>\n\n\n\n<p>Guidava una Fiat Grande Punto che, per cause ancora da accertare, \u00e8 uscita dalla carreggiata e si \u00e8 schiantata violentemente nelle campagne circostanti, ribaltadosi pi\u00f9 volte. <\/p>\n\n\n\n<p>Lui \u00e8 morto sul colpo.<\/p>\n\n\n\n<p>La ragazza che viaggiava con lui \u00e8 stata portata all\u2018ospedale Perrino di Brindisi dove si trova ricoverata in gravi condizioni. <\/p>\n\n\n\n<p>Indagini dei Carabinieri in corso di svolgimento per accertare dinamica e cause di quanto accaduto.<\/p>\n\n\n\n<p>Tanti messaggi social di condivisione del lutto, affetto, incredulit\u00e0 e sgomento da parte di amici, conoscenti, compaesani.<\/p>\n<fb:like href='https:\/\/www.leccecronaca.it\/index.php\/2024\/02\/24\/addio-a-ilio\/' send='true' layout='button_count' show_faces='true' width='450' height='65' action='recommend' colorscheme='light' font='lucida grande'><\/fb:like><span class=\"fb_share\"><fb:like href=\"https:\/\/www.leccecronaca.it\/index.php\/2024\/02\/24\/addio-a-ilio\/\" layout=\"button_count\"><\/fb:like><\/span>","protected":false},"excerpt":{"rendered":"<p>(e.l.) _______ Ieri sera sulla provinciale fra San Donaci e Tuturano c\u2018\u00e8 stato un tragico incidente stradale. Il bilancio \u00e8 di un morto e un ferito. La vittima \u00e8, detto Ilio, 20 anni, di San Pietro Vernotico. Guidava una Fiat Grande Punto che, per cause ancora da accertare, \u00e8 uscita dalla carreggiata e si \u00e8 [&hellip;]<\/p>\n","protected":false},"author":4,"featured_media":226817,"comment_status":"open","ping_status":"closed","sticky":false,"template":"","format":"standard","meta":[],"categories":[69],"tags":[],"_links":{"self":[{"href":"https:\/\/www.leccecronaca.it\/index.php\/wp-json\/wp\/v2\/posts\/226816"}],"collection":[{"href":"https:\/\/www.leccecronaca.it\/index.php\/wp-json\/wp\/v2\/posts"}],"about":[{"href":"https:\/\/www.leccecronaca.it\/index.php\/wp-json\/wp\/v2\/types\/post"}],"author":[{"embeddable":true,"href":"https:\/\/www.leccecronaca.it\/index.php\/wp-json\/wp\/v2\/users\/4"}],"replies":[{"embeddable":true,"href":"https:\/\/www.leccecronaca.it\/index.php\/wp-json\/wp\/v2\/comments?post=226816"}],"version-history":[{"count":1,"href":"https:\/\/www.leccecronaca.it\/index.php\/wp-json\/wp\/v2\/posts\/226816\/revisions"}],"predecessor-version":[{"id":226818,"href":"https:\/\/www.leccecronaca.it\/index.php\/wp-json\/wp\/v2\/posts\/226816\/revisions\/226818"}],"wp:featuredmedia":[{"embeddable":true,"href":"https:\/\/www.leccecronaca.it\/index.php\/wp-json\/wp\/v2\/media\/226817"}],"wp:attachment":[{"href":"https:\/\/www.leccecronaca.it\/index.php\/wp-json\/wp\/v2\/media?parent=226816"}],"wp:term":[{"taxonomy":"category","embeddable":true,"href":"https:\/\/www.leccecronaca.it\/index.php\/wp-json\/wp\/v2\/categories?post=226816"},{"taxonomy":"post_tag","embeddable":true,"href":"https:\/\/www.leccecronaca.it\/index.php\/wp-json\/wp\/v2\/tags?post=226816"}],"curies":[{"name":"wp","href":"https:\/\/api.w.org\/{rel}","templated":true}]}}