{"id":226986,"date":"2024-02-29T16:42:20","date_gmt":"2024-02-29T15:42:20","guid":{"rendered":"https:\/\/www.leccecronaca.it\/?p=226986"},"modified":"2024-02-29T16:44:06","modified_gmt":"2024-02-29T15:44:06","slug":"l-accelerazione-del-processo-tap","status":"publish","type":"post","link":"https:\/\/www.leccecronaca.it\/index.php\/2024\/02\/29\/l-accelerazione-del-processo-tap\/","title":{"rendered":"L\u2019ACCELERAZIONE DEL PROCESSO TAP"},"content":{"rendered":"\n<p><img decoding=\"async\" loading=\"lazy\" width=\"275\" height=\"183\" class=\"wp-image-226987\" style=\"width: 1500px;\" src=\"https:\/\/www.leccecronaca.it\/wordpress\/wp-content\/uploads\/2024\/02\/buna-1.jpg\" alt=\"\"><\/p>\n\n\n\n<p>(g.p.) &nbsp;______&nbsp; Questa mattina in Corte d\u2019Assise al Tribunale di Lecce (nella foto) c\u2019\u00e8 stata una nuova udienza del processo a carico dei responsabili&nbsp;della Trans Adriatic Pipeline Italia, e delle altre aziende coinvolte nei lavori, per la costruzione del gasdotto Tap.<\/p>\n\n\n\n<p>E\u2019 ripreso con una sostanziale novit\u00e0.<\/p>\n\n\n\n<p>C\u2019\u00e8 un nuovo giudice, Chiara Panico, giovane magistrato, trasferita dal Tribunale di Taranto, alla quale \u00e8 stato affidato questo importate processo.<\/p>\n\n\n\n<p>Prende il posto di Maria Francesca Mariano, ora in servizio presso l\u2019ufficio del gip del Tribunale di Lecce.<\/p>\n\n\n\n<p>Se ho contato bene, nella gi\u00e0 lunga cronistoria di questo processo, per una ragione o per l\u2019altra \u00e8 la quarta volta che si verifica il cambio del giudice unico.<\/p>\n\n\n\n<p>Questa volta per\u00f2 il cambio non allungher\u00e0 i tempi e non provocher\u00e0 ulteriori ritardi<\/p>\n\n\n\n<p>Anzi.<\/p>\n\n\n\n<p>Questo all\u2019esito dell\u2019udienza di questa mattina, dedicata ancora una volta all\u2019 audizione dei testi della difesa, i tre presentatisi in aula, dei cinque previsti.<\/p>\n\n\n\n<p>Infatti Chiara Panico ha disposto che l&#8217;ascolto dei testimoni in giudizio avvenga in maniera pi\u00f9 concentrata, raggruppandoli in numero maggiore nella stessa data.<\/p>\n\n\n\n<p>Inoltre ha portato da una a due le udienze mensili a far data da aprile. <\/p>\n\n\n\n<p>Infine, ha &nbsp;gi\u00e0 calendarizzato le date, la prossima sar\u00e0 gioved\u00ec 14 marzo, fino a settembre, quando, con le ultime tre consecutive, prevede di arrivare a sentenza. &nbsp;______&nbsp;<\/p>\n\n\n\n<p>LA RICERCA nel nostro articolo del 25 gennaio scorso<\/p>\n\n\n\n<figure class=\"wp-block-embed is-type-wp-embed is-provider-leccecronaca-it wp-block-embed-leccecronaca-it\"><div class=\"wp-block-embed__wrapper\">\n<blockquote class=\"wp-embedded-content\" data-secret=\"5CwJhQoblv\"><a href=\"https:\/\/www.leccecronaca.it\/index.php\/2024\/01\/25\/225752\/\">CONTINUA, ANCHE SE LENTAMENTE, IL PROCESSO CONTRO TAP. VEDIAMO QUAL E\u2019 LA SITUAZIONE. ASPETTANDO UNA SENTENZA COMUNQUE PREZIOSA<\/a><\/blockquote><iframe class=\"wp-embedded-content\" sandbox=\"allow-scripts\" security=\"restricted\" style=\"position: absolute; clip: rect(1px, 1px, 1px, 1px);\" title=\"&#8220;CONTINUA, ANCHE SE LENTAMENTE, IL PROCESSO CONTRO TAP. VEDIAMO QUAL E\u2019 LA SITUAZIONE. ASPETTANDO UNA SENTENZA COMUNQUE PREZIOSA&#8221; &#8212; LecceCronaca.it\" src=\"https:\/\/www.leccecronaca.it\/index.php\/2024\/01\/25\/225752\/embed\/#?secret=eZBtJznTag#?secret=5CwJhQoblv\" data-secret=\"5CwJhQoblv\" width=\"500\" height=\"282\" frameborder=\"0\" marginwidth=\"0\" marginheight=\"0\" scrolling=\"no\"><\/iframe>\n<\/div><\/figure>\n<fb:like href='https:\/\/www.leccecronaca.it\/index.php\/2024\/02\/29\/l-accelerazione-del-processo-tap\/' send='true' layout='button_count' show_faces='true' width='450' height='65' action='recommend' colorscheme='light' font='lucida grande'><\/fb:like><span class=\"fb_share\"><fb:like href=\"https:\/\/www.leccecronaca.it\/index.php\/2024\/02\/29\/l-accelerazione-del-processo-tap\/\" layout=\"button_count\"><\/fb:like><\/span>","protected":false},"excerpt":{"rendered":"<p>(g.p.) &nbsp;______&nbsp; Questa mattina in Corte d\u2019Assise al Tribunale di Lecce (nella foto) c\u2019\u00e8 stata una nuova udienza del processo a carico dei responsabili&nbsp;della Trans Adriatic Pipeline Italia, e delle altre aziende coinvolte nei lavori, per la costruzione del gasdotto Tap. E\u2019 ripreso con una sostanziale novit\u00e0. C\u2019\u00e8 un nuovo giudice, Chiara Panico, giovane magistrato, [&hellip;]<\/p>\n","protected":false},"author":4,"featured_media":226987,"comment_status":"open","ping_status":"closed","sticky":false,"template":"","format":"standard","meta":[],"categories":[1,69,76],"tags":[],"_links":{"self":[{"href":"https:\/\/www.leccecronaca.it\/index.php\/wp-json\/wp\/v2\/posts\/226986"}],"collection":[{"href":"https:\/\/www.leccecronaca.it\/index.php\/wp-json\/wp\/v2\/posts"}],"about":[{"href":"https:\/\/www.leccecronaca.it\/index.php\/wp-json\/wp\/v2\/types\/post"}],"author":[{"embeddable":true,"href":"https:\/\/www.leccecronaca.it\/index.php\/wp-json\/wp\/v2\/users\/4"}],"replies":[{"embeddable":true,"href":"https:\/\/www.leccecronaca.it\/index.php\/wp-json\/wp\/v2\/comments?post=226986"}],"version-history":[{"count":2,"href":"https:\/\/www.leccecronaca.it\/index.php\/wp-json\/wp\/v2\/posts\/226986\/revisions"}],"predecessor-version":[{"id":226989,"href":"https:\/\/www.leccecronaca.it\/index.php\/wp-json\/wp\/v2\/posts\/226986\/revisions\/226989"}],"wp:featuredmedia":[{"embeddable":true,"href":"https:\/\/www.leccecronaca.it\/index.php\/wp-json\/wp\/v2\/media\/226987"}],"wp:attachment":[{"href":"https:\/\/www.leccecronaca.it\/index.php\/wp-json\/wp\/v2\/media?parent=226986"}],"wp:term":[{"taxonomy":"category","embeddable":true,"href":"https:\/\/www.leccecronaca.it\/index.php\/wp-json\/wp\/v2\/categories?post=226986"},{"taxonomy":"post_tag","embeddable":true,"href":"https:\/\/www.leccecronaca.it\/index.php\/wp-json\/wp\/v2\/tags?post=226986"}],"curies":[{"name":"wp","href":"https:\/\/api.w.org\/{rel}","templated":true}]}}