{"id":227025,"date":"2024-03-01T08:42:00","date_gmt":"2024-03-01T07:42:00","guid":{"rendered":"https:\/\/www.leccecronaca.it\/?p=227025"},"modified":"2024-03-04T13:08:47","modified_gmt":"2024-03-04T12:08:47","slug":"etica-spiritualita-e-nonviolenza-webinar-lunedi-4-ore-18-00","status":"publish","type":"post","link":"https:\/\/www.leccecronaca.it\/index.php\/2024\/03\/01\/etica-spiritualita-e-nonviolenza-webinar-lunedi-4-ore-18-00\/","title":{"rendered":"\u201cEtica, Spiritualit\u00e0 e Nonviolenza\u201d, WEBINAR LUNEDI\u2019\u00a04 ORE 18.00"},"content":{"rendered":"\n<p><img decoding=\"async\" loading=\"lazy\" width=\"1448\" height=\"2048\" class=\"wp-image-227026\" style=\"width: 1500px;\" src=\"https:\/\/www.leccecronaca.it\/wordpress\/wp-content\/uploads\/2024\/03\/eBK-jP7rsvAJ.jpeg\" alt=\"\" srcset=\"https:\/\/www.leccecronaca.it\/wordpress\/wp-content\/uploads\/2024\/03\/eBK-jP7rsvAJ.jpeg 1448w, https:\/\/www.leccecronaca.it\/wordpress\/wp-content\/uploads\/2024\/03\/eBK-jP7rsvAJ-212x300.jpeg 212w, https:\/\/www.leccecronaca.it\/wordpress\/wp-content\/uploads\/2024\/03\/eBK-jP7rsvAJ-724x1024.jpeg 724w, https:\/\/www.leccecronaca.it\/wordpress\/wp-content\/uploads\/2024\/03\/eBK-jP7rsvAJ-768x1086.jpeg 768w, https:\/\/www.leccecronaca.it\/wordpress\/wp-content\/uploads\/2024\/03\/eBK-jP7rsvAJ-1086x1536.jpeg 1086w\" sizes=\"(max-width: 1448px) 100vw, 1448px\" \/><\/p>\n\n\n\n<p><\/p>\n\n\n\n<p><strong>\u201cEtica, Spiritualit\u00e0 e Nonviolenza\u201d<\/strong> \u00e8 il tema del webinar che si terr\u00e0 luned\u00ec 4 marzo 2024, alle ore 18:00, organizzato dall\u2019Associazione Interreligiosa per la Pace e lo Sviluppo (IAPD-Italia).<\/p>\n\n\n\n<p>Questa iniziativa \u00e8 la prima di quattro incontri pubblici interreligiosi del ciclo \u201cIl Nostro Esodo verso la Terra Promessa della Pace: Dimensione Spirituale e Vita Pratica\u201d, che si terranno nel 2024.<\/p>\n\n\n\n<p>Intervengono all\u2019incontro: <strong>Padre Jacques Serge Frant,<\/strong>&nbsp;Monaco Chiesa Melchita Greco-cattolica; <strong>Lucetta Sanguinetti<\/strong>, Presidente Associazione \u201cLa fabbrica della Pace Onlus\u201d;<strong> <\/strong><strong>Sergio Coscia<\/strong>, Direttore Federazione delle Famiglie (FFPMU) di Torino;&nbsp;<strong>Maria Gabriella Mieli<\/strong>, Relazioni Esterne UPF Italia, moderatrice.<\/p>\n\n\n\n<p>Non \u00e8 insolita l\u2019opinione di molte persone del nostro tempo che le religioni siano spesso fonte di violenza e la cronaca di questi tempi ci mostra l\u2019attualit\u00e0 di questo legame.<\/p>\n\n\n\n<p>Ma quanto il \u201csacro\u201d \u00e8 realmente decisivo tra le cause dei conflitti?<\/p>\n\n\n\n<p>Le differenze d\u2019identit\u00e0 culturali e religiose possono essere motivo di scontro, ma spesso queste lotte sono strumentali e hanno per oggetto il potere, le propriet\u00e0 e le terre.<\/p>\n\n\n\n<p>Se il fattore religioso in certi casi ha la capacit\u00e0 d\u2019inasprire i conflitti ha anche l\u2019effetto di contribuire alla cessazione delle ostilit\u00e0 e di favorire il processo di pacificazione.<\/p>\n\n\n\n<p>Misericordia, perdono, amore per il prossimo e nonviolenza sono valori centrali negli insegnamenti e nella spiritualit\u00e0 delle pi\u00f9 importanti tradizioni religiose e se applicati possono garantire la convivenza pacifica e l\u2019armonia tra tutti gli esseri umani.<\/p>\n\n\n\n<p>Insieme con qualificati relatori affronteremo e proveremo a fare chiarezza su questi importanti argomenti di stretta attualit\u00e0, che riguardano da vicino la nostra vita individuale e collettiva in questo tempo.<\/p>\n\n\n\n<p>La IAPD \u00e8 un progetto di Universal Peace Federation fondata dai coniugi Moon. E\u2019 impegnata a promuovere un mondo di pace e a contribuire a risolvere le problematiche del mondo contemporaneo attraverso il dialogo e la collaborazione tra le religioni, il confronto con gli esponenti delle istituzioni, della societ\u00e0 civile e del settore privato.<\/p>\n\n\n\n<p>Iscrizione: <a href=\"https:\/\/bit.ly\/3uDYA6E\">https:\/\/bit.ly\/3uDYA6E<\/a><\/p>\n<fb:like href='https:\/\/www.leccecronaca.it\/index.php\/2024\/03\/01\/etica-spiritualita-e-nonviolenza-webinar-lunedi-4-ore-18-00\/' send='true' layout='button_count' show_faces='true' width='450' height='65' action='recommend' colorscheme='light' font='lucida grande'><\/fb:like><span class=\"fb_share\"><fb:like href=\"https:\/\/www.leccecronaca.it\/index.php\/2024\/03\/01\/etica-spiritualita-e-nonviolenza-webinar-lunedi-4-ore-18-00\/\" layout=\"button_count\"><\/fb:like><\/span>","protected":false},"excerpt":{"rendered":"<p>\u201cEtica, Spiritualit\u00e0 e Nonviolenza\u201d \u00e8 il tema del webinar che si terr\u00e0 luned\u00ec 4 marzo 2024, alle ore 18:00, organizzato dall\u2019Associazione Interreligiosa per la Pace e lo Sviluppo (IAPD-Italia). Questa iniziativa \u00e8 la prima di quattro incontri pubblici interreligiosi del ciclo \u201cIl Nostro Esodo verso la Terra Promessa della Pace: Dimensione Spirituale e Vita Pratica\u201d, [&hellip;]<\/p>\n","protected":false},"author":4,"featured_media":227026,"comment_status":"open","ping_status":"closed","sticky":false,"template":"","format":"standard","meta":[],"categories":[1,31,75],"tags":[],"_links":{"self":[{"href":"https:\/\/www.leccecronaca.it\/index.php\/wp-json\/wp\/v2\/posts\/227025"}],"collection":[{"href":"https:\/\/www.leccecronaca.it\/index.php\/wp-json\/wp\/v2\/posts"}],"about":[{"href":"https:\/\/www.leccecronaca.it\/index.php\/wp-json\/wp\/v2\/types\/post"}],"author":[{"embeddable":true,"href":"https:\/\/www.leccecronaca.it\/index.php\/wp-json\/wp\/v2\/users\/4"}],"replies":[{"embeddable":true,"href":"https:\/\/www.leccecronaca.it\/index.php\/wp-json\/wp\/v2\/comments?post=227025"}],"version-history":[{"count":1,"href":"https:\/\/www.leccecronaca.it\/index.php\/wp-json\/wp\/v2\/posts\/227025\/revisions"}],"predecessor-version":[{"id":227027,"href":"https:\/\/www.leccecronaca.it\/index.php\/wp-json\/wp\/v2\/posts\/227025\/revisions\/227027"}],"wp:featuredmedia":[{"embeddable":true,"href":"https:\/\/www.leccecronaca.it\/index.php\/wp-json\/wp\/v2\/media\/227026"}],"wp:attachment":[{"href":"https:\/\/www.leccecronaca.it\/index.php\/wp-json\/wp\/v2\/media?parent=227025"}],"wp:term":[{"taxonomy":"category","embeddable":true,"href":"https:\/\/www.leccecronaca.it\/index.php\/wp-json\/wp\/v2\/categories?post=227025"},{"taxonomy":"post_tag","embeddable":true,"href":"https:\/\/www.leccecronaca.it\/index.php\/wp-json\/wp\/v2\/tags?post=227025"}],"curies":[{"name":"wp","href":"https:\/\/api.w.org\/{rel}","templated":true}]}}