{"id":227191,"date":"2024-03-06T05:15:00","date_gmt":"2024-03-06T04:15:00","guid":{"rendered":"https:\/\/www.leccecronaca.it\/?p=227191"},"modified":"2024-03-06T13:47:26","modified_gmt":"2024-03-06T12:47:26","slug":"nel-film-martedi-e-venerdi-fabrizio-moro-racconta-i-padri-separati","status":"publish","type":"post","link":"https:\/\/www.leccecronaca.it\/index.php\/2024\/03\/06\/nel-film-martedi-e-venerdi-fabrizio-moro-racconta-i-padri-separati\/","title":{"rendered":"NEL FILM \u201cMarted\u00ec e venerd\u00ec\u201d FABRIZIO MORO RACCONTA I PADRI SEPARATI"},"content":{"rendered":"\n<p><img decoding=\"async\" loading=\"lazy\" width=\"1200\" height=\"675\" class=\"wp-image-227192\" style=\"width: 2500px;\" src=\"https:\/\/www.leccecronaca.it\/wordpress\/wp-content\/uploads\/2024\/03\/K33A9411-e1706617050273.jpg\" alt=\"\" srcset=\"https:\/\/www.leccecronaca.it\/wordpress\/wp-content\/uploads\/2024\/03\/K33A9411-e1706617050273.jpg 1200w, https:\/\/www.leccecronaca.it\/wordpress\/wp-content\/uploads\/2024\/03\/K33A9411-e1706617050273-300x169.jpg 300w, https:\/\/www.leccecronaca.it\/wordpress\/wp-content\/uploads\/2024\/03\/K33A9411-e1706617050273-1024x576.jpg 1024w, https:\/\/www.leccecronaca.it\/wordpress\/wp-content\/uploads\/2024\/03\/K33A9411-e1706617050273-768x432.jpg 768w\" sizes=\"(max-width: 1200px) 100vw, 1200px\" \/><\/p>\n\n\n\n<p>Riceviamo e volentieri pubblichiamo. Da Roma, l\u2019associazione Codici ci manda il seguente comunicato (nella nostra foto gli attori protagonisti Edoardo Pesce e Rosa Diletta Rossi).   _______<\/p>\n\n\n\n<p><strong>Codici: il film di Fabrizio Moro \u00e8 un contributo importante per conoscere\u00a0e comprendere il dramma dei padri separati<\/strong><\/p>\n\n\n\n<p>Dei padri separati si parla ancora troppo poco. \u00c8 una delle dichiarazioni rilasciate da Fabrizio Moro nelle interviste di presentazione del suo nuovo film, \u201cMarted\u00ec e venerd\u00ec\u201d, in questi giorni al cinema. Parole che l\u2019associazione Codici condivide e rilancia, perch\u00e9 da tempo sottolinea la scarsa attenzione che viene dedicata ad un tema cos\u00ec importante e cos\u00ec delicato.<\/p>\n\n\n\n<p>\u201cIl film racconta una storia vissuta da tante persone \u2013 afferma Ivano Giacomelli, Segretario Nazionale di Codici \u2013 e che parla di un padre separato che vede la sua vita andare in frantumi. Ci sono i problemi economici, il rapporto complicato con la figlia e con la moglie, il poco tempo da dedicare agli affetti. Una precariet\u00e0 che stravolge tutto e tutti. In un momento come questo in cui il dibattito \u00e8 focalizzato sulle donne e sul patriarcato, fare un film del genere \u00e8 senza dubbio coraggioso. <\/p>\n\n\n\n<p>Parlare di padri separati, richiamare l\u2019attenzione su questo tema non \u00e8 facile, significa andare in controtendenza e per questo ci fa piacere sottolineare questo film. Riteniamo che sia un contributo prezioso, un\u2019occasione importante per riflettere su una parte della realt\u00e0 che troppo spesso viene ignorata oppure minimizzata. Ci auguriamo che questo film porti ad una presa di coscienza del dramma dei padri separati, di cui purtroppo si parla ancora troppo poco. Bisogna difendere anche i loro diritti, prendendo atto di un problema che sta diventando sempre pi\u00f9 importante, come dimostra la presenza sempre pi\u00f9 massiccia dei padri separati tra i cosiddetti nuovi poveri, certificata dai rapporti di organizzazioni come la Caritas\u201d.<\/p>\n\n\n\n<p>L\u2019associazione Codici \u00e8 impegnata da anni in un\u2019attivit\u00e0 di assistenza dedicata ai padri separati. Un\u2019iniziativa che viene portata avanti attraverso la campagna \u201cVoglio pap\u00e0!\u201d. Per informazioni e supporto telefonare al numero 065571996 oppure inviare un\u2019e-mail all\u2019indirizzo\u00a0<a href=\"javascript:message_new('mailto', {mailto:'segreteria.sportello@codici.org', folder:'SU5CT1g=', msgid:'', subject: '', body:'0'})\">segreteria.sportello@codici.org<\/a>.<\/p>\n\n\n\n<p>LA RICERCA nel nostro articolo del 30 gennaio scorso _______<\/p>\n\n\n\n<figure class=\"wp-block-embed is-type-wp-embed is-provider-leccecronaca-it wp-block-embed-leccecronaca-it\"><div class=\"wp-block-embed__wrapper\">\n<blockquote class=\"wp-embedded-content\" data-secret=\"diEIJFSwT8\"><a href=\"https:\/\/www.leccecronaca.it\/index.php\/2024\/01\/30\/la-difficile-situazione-dei-padri-separati-2\/\">A TUTELA DEI PADRI SEPARATI<\/a><\/blockquote><iframe class=\"wp-embedded-content\" sandbox=\"allow-scripts\" security=\"restricted\" style=\"position: absolute; clip: rect(1px, 1px, 1px, 1px);\" title=\"&#8220;A TUTELA DEI PADRI SEPARATI&#8221; &#8212; LecceCronaca.it\" src=\"https:\/\/www.leccecronaca.it\/index.php\/2024\/01\/30\/la-difficile-situazione-dei-padri-separati-2\/embed\/#?secret=zglPSQ1sfB#?secret=diEIJFSwT8\" data-secret=\"diEIJFSwT8\" width=\"500\" height=\"282\" frameborder=\"0\" marginwidth=\"0\" marginheight=\"0\" scrolling=\"no\"><\/iframe>\n<\/div><\/figure>\n<fb:like href='https:\/\/www.leccecronaca.it\/index.php\/2024\/03\/06\/nel-film-martedi-e-venerdi-fabrizio-moro-racconta-i-padri-separati\/' send='true' layout='button_count' show_faces='true' width='450' height='65' action='recommend' colorscheme='light' font='lucida grande'><\/fb:like><span class=\"fb_share\"><fb:like href=\"https:\/\/www.leccecronaca.it\/index.php\/2024\/03\/06\/nel-film-martedi-e-venerdi-fabrizio-moro-racconta-i-padri-separati\/\" layout=\"button_count\"><\/fb:like><\/span>","protected":false},"excerpt":{"rendered":"<p>Riceviamo e volentieri pubblichiamo. Da Roma, l\u2019associazione Codici ci manda il seguente comunicato (nella nostra foto gli attori protagonisti Edoardo Pesce e Rosa Diletta Rossi). _______ Codici: il film di Fabrizio Moro \u00e8 un contributo importante per conoscere\u00a0e comprendere il dramma dei padri separati Dei padri separati si parla ancora troppo poco. \u00c8 una delle [&hellip;]<\/p>\n","protected":false},"author":4,"featured_media":227192,"comment_status":"open","ping_status":"closed","sticky":false,"template":"","format":"standard","meta":[],"categories":[1,31,36],"tags":[],"_links":{"self":[{"href":"https:\/\/www.leccecronaca.it\/index.php\/wp-json\/wp\/v2\/posts\/227191"}],"collection":[{"href":"https:\/\/www.leccecronaca.it\/index.php\/wp-json\/wp\/v2\/posts"}],"about":[{"href":"https:\/\/www.leccecronaca.it\/index.php\/wp-json\/wp\/v2\/types\/post"}],"author":[{"embeddable":true,"href":"https:\/\/www.leccecronaca.it\/index.php\/wp-json\/wp\/v2\/users\/4"}],"replies":[{"embeddable":true,"href":"https:\/\/www.leccecronaca.it\/index.php\/wp-json\/wp\/v2\/comments?post=227191"}],"version-history":[{"count":1,"href":"https:\/\/www.leccecronaca.it\/index.php\/wp-json\/wp\/v2\/posts\/227191\/revisions"}],"predecessor-version":[{"id":227193,"href":"https:\/\/www.leccecronaca.it\/index.php\/wp-json\/wp\/v2\/posts\/227191\/revisions\/227193"}],"wp:featuredmedia":[{"embeddable":true,"href":"https:\/\/www.leccecronaca.it\/index.php\/wp-json\/wp\/v2\/media\/227192"}],"wp:attachment":[{"href":"https:\/\/www.leccecronaca.it\/index.php\/wp-json\/wp\/v2\/media?parent=227191"}],"wp:term":[{"taxonomy":"category","embeddable":true,"href":"https:\/\/www.leccecronaca.it\/index.php\/wp-json\/wp\/v2\/categories?post=227191"},{"taxonomy":"post_tag","embeddable":true,"href":"https:\/\/www.leccecronaca.it\/index.php\/wp-json\/wp\/v2\/tags?post=227191"}],"curies":[{"name":"wp","href":"https:\/\/api.w.org\/{rel}","templated":true}]}}