{"id":227430,"date":"2024-03-11T21:05:01","date_gmt":"2024-03-11T20:05:01","guid":{"rendered":"https:\/\/www.leccecronaca.it\/?p=227430"},"modified":"2024-03-11T21:08:53","modified_gmt":"2024-03-11T20:08:53","slug":"al-toto-allenatore-esce-luca-gotti","status":"publish","type":"post","link":"https:\/\/www.leccecronaca.it\/index.php\/2024\/03\/11\/al-toto-allenatore-esce-luca-gotti\/","title":{"rendered":"AL TOTO ALLENATORE ESCE LUCA GOTTI"},"content":{"rendered":"\n<p><img decoding=\"async\" loading=\"lazy\" width=\"720\" height=\"900\" class=\"wp-image-227431\" style=\"width: 1500px;\" src=\"https:\/\/www.leccecronaca.it\/wordpress\/wp-content\/uploads\/2024\/03\/GIZmcxPXMAA5pH7.jpg\" alt=\"\" srcset=\"https:\/\/www.leccecronaca.it\/wordpress\/wp-content\/uploads\/2024\/03\/GIZmcxPXMAA5pH7.jpg 720w, https:\/\/www.leccecronaca.it\/wordpress\/wp-content\/uploads\/2024\/03\/GIZmcxPXMAA5pH7-240x300.jpg 240w\" sizes=\"(max-width: 720px) 100vw, 720px\" \/><\/p>\n\n\n\n<p>(Rdl) ______\u00a0 \u00a0Non c<a href=\"https:\/\/www.leccecronaca.it\/index.php\/2024\/03\/11\/roberto-daversa-esonerato\/\">\u2019<\/a>\u00e8 l<a href=\"https:\/\/www.leccecronaca.it\/index.php\/2024\/03\/11\/roberto-daversa-esonerato\/\">\u2019<\/a>ufficialit\u00e0, ma questa sera diversi siti sportivi specializzati (nella foto, quello di SportItalia) in maniera concorde danno per gi\u00e0 raggiunto l<a href=\"https:\/\/www.leccecronaca.it\/index.php\/2024\/03\/11\/roberto-daversa-esonerato\/\">\u2019<\/a>accordo e anticipano che il nuovo allenatore del Lecce sar\u00e0 Luca Gotti, atteso domani in citt\u00e0 per la firma del contratto.<\/p>\n\n\n\n<p>Luca Gotti ha 56 anni, ed \u00e8 di Adria, in &nbsp;provincia di Rovigo.<\/p>\n\n\n\n<p><\/p>\n\n\n\n<p>Nella stagione 2018-2019 \u00e8 stato al Chelsea come collaboratore di Maurizio Sarri.<\/p>\n\n\n\n<p>Dal luglio 2019 \u00e8 il secondo di Igor Tudor all&#8217;Udinese.<\/p>\n\n\n\n<p>Il 1\u00ba novembre 2019, a seguito dell&#8217;esonero di Tudor, assume l&#8217;incarico di allenatore dei friulani.<\/p>\n\n\n\n<p>Due giorni dopo, al debutto in Serie A, vince contro il Genoa per 1-3. Viene confermato sulla panchina dei bianconeri terminando il campionato al 13\u00ba posto con 45 punti.<\/p>\n\n\n\n<p>Il 7 agosto 2020 prolunga il proprio contratto con il club fino a giugno 2021.<\/p>\n\n\n\n<p>Nella stagione 2020-2021 arriva 14\u00ba con 40 punti e viene nuovamente confermato.<\/p>\n\n\n\n<p>Nella stagione successiva, a causa del deludente cammino dei friulani in campionato, viene esonerato il 7 dicembre 2021, lasciando la squadra al 14\u00ba posto in classifica con 16 punti raccolti in altrettante partite.<\/p>\n\n\n\n<p>Il 1\u00ba luglio 2022 firma un contratto biennale con lo Spezia. Il 15 febbraio 2023 viene esonerato con la squadra al 17\u00ba posto con 19 punti in 22 partite.  ______\u00a0<\/p>\n\n\n\n<p>LA RICERCA nel nostro articolo di questa mattina <\/p>\n\n\n\n<figure class=\"wp-block-embed is-type-wp-embed is-provider-leccecronaca-it wp-block-embed-leccecronaca-it\"><div class=\"wp-block-embed__wrapper\">\n<blockquote class=\"wp-embedded-content\" data-secret=\"t2EwzKQcmb\"><a href=\"https:\/\/www.leccecronaca.it\/index.php\/2024\/03\/11\/roberto-daversa-esonerato\/\">ROBERTO D\u2019AVERSA ESONERATO<\/a><\/blockquote><iframe class=\"wp-embedded-content\" sandbox=\"allow-scripts\" security=\"restricted\" style=\"position: absolute; clip: rect(1px, 1px, 1px, 1px);\" title=\"&#8220;ROBERTO D\u2019AVERSA ESONERATO&#8221; &#8212; LecceCronaca.it\" src=\"https:\/\/www.leccecronaca.it\/index.php\/2024\/03\/11\/roberto-daversa-esonerato\/embed\/#?secret=ZNvDljmaEh#?secret=t2EwzKQcmb\" data-secret=\"t2EwzKQcmb\" width=\"500\" height=\"282\" frameborder=\"0\" marginwidth=\"0\" marginheight=\"0\" scrolling=\"no\"><\/iframe>\n<\/div><\/figure>\n\n\n\n<p><\/p>\n<fb:like href='https:\/\/www.leccecronaca.it\/index.php\/2024\/03\/11\/al-toto-allenatore-esce-luca-gotti\/' send='true' layout='button_count' show_faces='true' width='450' height='65' action='recommend' colorscheme='light' font='lucida grande'><\/fb:like><span class=\"fb_share\"><fb:like href=\"https:\/\/www.leccecronaca.it\/index.php\/2024\/03\/11\/al-toto-allenatore-esce-luca-gotti\/\" layout=\"button_count\"><\/fb:like><\/span>","protected":false},"excerpt":{"rendered":"<p>(Rdl) ______\u00a0 \u00a0Non c\u2019\u00e8 l\u2019ufficialit\u00e0, ma questa sera diversi siti sportivi specializzati (nella foto, quello di SportItalia) in maniera concorde danno per gi\u00e0 raggiunto l\u2019accordo e anticipano che il nuovo allenatore del Lecce sar\u00e0 Luca Gotti, atteso domani in citt\u00e0 per la firma del contratto. Luca Gotti ha 56 anni, ed \u00e8 di Adria, in [&hellip;]<\/p>\n","protected":false},"author":4,"featured_media":227431,"comment_status":"open","ping_status":"closed","sticky":false,"template":"","format":"standard","meta":[],"categories":[28],"tags":[],"_links":{"self":[{"href":"https:\/\/www.leccecronaca.it\/index.php\/wp-json\/wp\/v2\/posts\/227430"}],"collection":[{"href":"https:\/\/www.leccecronaca.it\/index.php\/wp-json\/wp\/v2\/posts"}],"about":[{"href":"https:\/\/www.leccecronaca.it\/index.php\/wp-json\/wp\/v2\/types\/post"}],"author":[{"embeddable":true,"href":"https:\/\/www.leccecronaca.it\/index.php\/wp-json\/wp\/v2\/users\/4"}],"replies":[{"embeddable":true,"href":"https:\/\/www.leccecronaca.it\/index.php\/wp-json\/wp\/v2\/comments?post=227430"}],"version-history":[{"count":3,"href":"https:\/\/www.leccecronaca.it\/index.php\/wp-json\/wp\/v2\/posts\/227430\/revisions"}],"predecessor-version":[{"id":227437,"href":"https:\/\/www.leccecronaca.it\/index.php\/wp-json\/wp\/v2\/posts\/227430\/revisions\/227437"}],"wp:featuredmedia":[{"embeddable":true,"href":"https:\/\/www.leccecronaca.it\/index.php\/wp-json\/wp\/v2\/media\/227431"}],"wp:attachment":[{"href":"https:\/\/www.leccecronaca.it\/index.php\/wp-json\/wp\/v2\/media?parent=227430"}],"wp:term":[{"taxonomy":"category","embeddable":true,"href":"https:\/\/www.leccecronaca.it\/index.php\/wp-json\/wp\/v2\/categories?post=227430"},{"taxonomy":"post_tag","embeddable":true,"href":"https:\/\/www.leccecronaca.it\/index.php\/wp-json\/wp\/v2\/tags?post=227430"}],"curies":[{"name":"wp","href":"https:\/\/api.w.org\/{rel}","templated":true}]}}