{"id":227508,"date":"2024-03-13T17:27:17","date_gmt":"2024-03-13T16:27:17","guid":{"rendered":"https:\/\/www.leccecronaca.it\/?p=227508"},"modified":"2024-03-13T17:29:03","modified_gmt":"2024-03-13T16:29:03","slug":"giovane-operaio-muore-sul-lavoro-3","status":"publish","type":"post","link":"https:\/\/www.leccecronaca.it\/index.php\/2024\/03\/13\/giovane-operaio-muore-sul-lavoro-3\/","title":{"rendered":"GIOVANE OPERAIO MUORE SUL LAVORO"},"content":{"rendered":"\n<p><img decoding=\"async\" loading=\"lazy\" width=\"300\" height=\"168\" class=\"wp-image-227509\" style=\"width: 1200px;\" src=\"https:\/\/www.leccecronaca.it\/wordpress\/wp-content\/uploads\/2024\/03\/bbbb.jpg\" alt=\"\"><\/p>\n\n\n\n<p>(e.l.) _______ Questo pomeriggio c\u2019\u00e8 stato un incidente sul lavoro mortale nella zona industriale di Brindisi.  Un altro, dopo quello del 1 marzo scorso. La vittima \u00e8 Gianfranco Conte (nella foto), 37 anni, di Tuturano, frazione alle porte della citt\u00e0, operaio.<\/p>\n\n\n\n<p>Per cause ancora da accertare, \u00e8 stato schiacciato da un macchinario, nello stabilimento di lavorazione di materie plastiche di cui era dipendete. L\u2019impatto, provocandogli lo schiacciamento del  torace, gli \u00e8 stato fatale. Mancano al momento ulteriori dettagli.<\/p>\n\n\n\n<p>Indagini della Polizia di Stato in corso di svolgimento.<\/p>\n<fb:like href='https:\/\/www.leccecronaca.it\/index.php\/2024\/03\/13\/giovane-operaio-muore-sul-lavoro-3\/' send='true' layout='button_count' show_faces='true' width='450' height='65' action='recommend' colorscheme='light' font='lucida grande'><\/fb:like><span class=\"fb_share\"><fb:like href=\"https:\/\/www.leccecronaca.it\/index.php\/2024\/03\/13\/giovane-operaio-muore-sul-lavoro-3\/\" layout=\"button_count\"><\/fb:like><\/span>","protected":false},"excerpt":{"rendered":"<p>(e.l.) _______ Questo pomeriggio c\u2019\u00e8 stato un incidente sul lavoro mortale nella zona industriale di Brindisi. Un altro, dopo quello del 1 marzo scorso. La vittima \u00e8 Gianfranco Conte (nella foto), 37 anni, di Tuturano, frazione alle porte della citt\u00e0, operaio. Per cause ancora da accertare, \u00e8 stato schiacciato da un macchinario, nello stabilimento di [&hellip;]<\/p>\n","protected":false},"author":4,"featured_media":227509,"comment_status":"open","ping_status":"closed","sticky":false,"template":"","format":"standard","meta":[],"categories":[69],"tags":[],"_links":{"self":[{"href":"https:\/\/www.leccecronaca.it\/index.php\/wp-json\/wp\/v2\/posts\/227508"}],"collection":[{"href":"https:\/\/www.leccecronaca.it\/index.php\/wp-json\/wp\/v2\/posts"}],"about":[{"href":"https:\/\/www.leccecronaca.it\/index.php\/wp-json\/wp\/v2\/types\/post"}],"author":[{"embeddable":true,"href":"https:\/\/www.leccecronaca.it\/index.php\/wp-json\/wp\/v2\/users\/4"}],"replies":[{"embeddable":true,"href":"https:\/\/www.leccecronaca.it\/index.php\/wp-json\/wp\/v2\/comments?post=227508"}],"version-history":[{"count":2,"href":"https:\/\/www.leccecronaca.it\/index.php\/wp-json\/wp\/v2\/posts\/227508\/revisions"}],"predecessor-version":[{"id":227511,"href":"https:\/\/www.leccecronaca.it\/index.php\/wp-json\/wp\/v2\/posts\/227508\/revisions\/227511"}],"wp:featuredmedia":[{"embeddable":true,"href":"https:\/\/www.leccecronaca.it\/index.php\/wp-json\/wp\/v2\/media\/227509"}],"wp:attachment":[{"href":"https:\/\/www.leccecronaca.it\/index.php\/wp-json\/wp\/v2\/media?parent=227508"}],"wp:term":[{"taxonomy":"category","embeddable":true,"href":"https:\/\/www.leccecronaca.it\/index.php\/wp-json\/wp\/v2\/categories?post=227508"},{"taxonomy":"post_tag","embeddable":true,"href":"https:\/\/www.leccecronaca.it\/index.php\/wp-json\/wp\/v2\/tags?post=227508"}],"curies":[{"name":"wp","href":"https:\/\/api.w.org\/{rel}","templated":true}]}}