{"id":227534,"date":"2024-03-15T00:02:00","date_gmt":"2024-03-14T23:02:00","guid":{"rendered":"https:\/\/www.leccecronaca.it\/?p=227534"},"modified":"2024-03-20T13:23:07","modified_gmt":"2024-03-20T12:23:07","slug":"le-belle-tradizioni-popolari-salentine-ce-custi-o-gaddho-na-cantalisi-2","status":"publish","type":"post","link":"https:\/\/www.leccecronaca.it\/index.php\/2024\/03\/15\/le-belle-tradizioni-popolari-salentine-ce-custi-o-gaddho-na-cantalisi-2\/","title":{"rendered":"LE BELLE TRADIZIONI POPOLARI SALENTINE \/\u00a0 \u201cCe custi o gaddho na cantalisi\u201d"},"content":{"rendered":"\n<p><img decoding=\"async\" loading=\"lazy\" width=\"640\" height=\"1422\" class=\"wp-image-227535\" style=\"width: 1200px;\" src=\"https:\/\/www.leccecronaca.it\/wordpress\/wp-content\/uploads\/2024\/03\/338933244_696933909100292_7740728952093746948_n.jpg\" alt=\"\" srcset=\"https:\/\/www.leccecronaca.it\/wordpress\/wp-content\/uploads\/2024\/03\/338933244_696933909100292_7740728952093746948_n.jpg 640w, https:\/\/www.leccecronaca.it\/wordpress\/wp-content\/uploads\/2024\/03\/338933244_696933909100292_7740728952093746948_n-135x300.jpg 135w, https:\/\/www.leccecronaca.it\/wordpress\/wp-content\/uploads\/2024\/03\/338933244_696933909100292_7740728952093746948_n-461x1024.jpg 461w\" sizes=\"(max-width: 640px) 100vw, 640px\" \/><\/p>\n\n\n\n<p>Riceviamo e volentieri pubblichiamo.&nbsp; _______&nbsp;<\/p>\n\n\n\n<p>Undici giorni di eventi, quattordici appuntamenti e oltre trecentocinquanta artisti coinvolti. Sono questi i numeri di \u201cCanti di Passione &#8211; Ce Custi o Gaddho na Cantalisi\u201d, rassegna promossa dall\u2019Unione dei Comuni della Grec\u00eca Salentina con la partecipazione dell\u2019Istituto Diego Carpitella e la collaborazione della Fondazione La Notte della Taranta. Diretta artisticamente dal musicista Antonio Melegari, l\u2019edizione 2024, in programma dal 17 al 27 marzo, \u00e8 dedicata allo storico ricercatore Luigi Chiriatti, prematuramente scomparso, e coinvolge i dodici comuni della Grec\u00eca Salentina con delle tappe speciali a Lecce ed Alessano.<\/p>\n\n\n\n<p>\u201cCanti di Passione &#8211; Ce Custi o Gaddho na Cantalisi\u201d \u00e8 una rassegna di canti devozionali, che ha inizio nella settimana che precede la Domenica delle Palme e si diffonde nei principali luoghi sacri di questo territorio, una vera e propria isola linguistica ellenofona del Salento.<\/p>\n\n\n\n<p>Qui, la narrazione della vita e della morte di Cristo, raggiunge una delle espressioni pi\u00f9 alte attraverso la poesia popolare grika che si concretizza con canti, musica e gestualit\u00e0 capaci di emozionare e di creare un pathos unico.<\/p>\n\n\n\n<p>Tutto questo bagaglio ha resistito al passare del tempo e, ogni anno, si celebra nei piccoli borghi di questa terra, tra gli storici palazzi e i sagrati delle chiese, tra le piazze e gli antichi conventi che diventano, cos\u00ec, naturali location per accogliere le tradizioni esibizioni di bande musicali, compagnie di cantori, confraternite, attori, ragazzi delle scuole, formazioni musicali impegnate nello studio e la ricerca dei testi e delle musiche della Settimana Santa.<\/p>\n\n\n\n<p><em>\u201cI Canti di Passione<\/em> &#8211; afferma Roberto Casaluc<strong>i<\/strong>, Presidente dell\u2019Unione dei Comuni della Grec\u00eca Salentina &#8211; <em>rientrano a pieno titolo nella tradizione pi\u00f9 pura e autentica della cultura popolare della Grec\u00eca Salentina. Con la riproposizione di questi riti che si tramandano da centinaia di anni, le amministrazioni comunali con le associazioni e i cantori, uniti in un lavoro sinergico e consolidato nel tempo, valorizzano l\u2019identit\u00e0 storica ed ellenofona di quest\u2019area grika mettendo assieme tradizione ed innovazione. L\u2019ambizioso obbiettivo dell\u2019Unione dei Comuni della Grec\u00eca Salentina \u00e8, dunque, quello di costruire un progetto attrattivo che da un lato possa trasferire alle nuove generazioni grike la passione per la cultura del nostro territorio, e che al tempo stesso possa incontrare il gradimento del pubblico, non solo locale, generando interesse e ricadute diffuse\u201d.<\/em><\/p>\n\n\n\n<p><em>\u201cLa rassegna nasce <\/em>&#8211; dichiara il direttore artistico della rassegna Antonio Melegar<strong>i<\/strong> &#8211;<em>per dare voce alle squadre di cantori che andavano, e vanno tuttora, di notte in giro tra le case a cantare la Passione di Cristo e soprattutto per portare avanti \u201cI Passiuna tu Christ\u00f9\u201d, considerata una delle forme pi\u00f9 antiche di teatro popolare, perch\u00e9 oltre al canto ad accompagnare le oltre sessanta strofe c\u2019\u00e8 anche tanta gestualit\u00e0 e mimica. Tra le molteplici forme di espressione musicale italiane della devozione popolare, i repertori dei Canti di Passione della Grecia Salentina, occupano un posto di assoluto rilievo. Oltre alle tante compagnie e squadre di cantori presenti sul territorio salentino e nell\u2019area ellenofona del Salento avremo il piacere di ospitare in questa edizione anche artisti provenienti dalle due isole: Sardegna con i Tenores di Orosei e Sicilia con i Cantori di Longi. Oltre ai concerti bandistici, sar\u00e0 ospitata la Confraternita di Supersano e il Coro delle Donne Pie con ottanta donne del Venerd\u00ec Santo\u201d.<\/em><\/p>\n\n\n\n<p>La rassegna traccia il suo percorso cominciando da Sogliano Cavour (la mattina di domenica 17 mattina), Sternatia (la sera di domenica 17), Calimera (luned\u00ec 18), Corigliano D\u2019Otranto (marted\u00ec 19), Soleto (mercoled\u00ec 20), Castrignano De\u2019 Greci (gioved\u00ec 21), Lecce e Melpignano (venerd\u00ec 22), Cutrofiano (sabato 23), Martano e Zollino (la mattina di domenica 24), Carpignano Salentino (luned\u00ec 25), Alessano (marted\u00ec 26) e Martignano (mercoled\u00ec 27).<\/p>\n\n\n\n<p>Per tutte le informazioni: www.icantidipassione.it \/ 329.9886391<\/p>\n\n\n\n<p>Ecco il programma dettagliato:<\/p>\n\n\n\n<p><strong><u>DOMENICA 17 MARZO 2024<\/u><\/strong><\/p>\n\n\n\n<p><strong>SOGLIANO CAVOUR<\/strong><\/p>\n\n\n\n<p><em>Sagrato della Chiesa Madre di San Lorenzo Martire, <\/em>ore 11:00<\/p>\n\n\n\n<p>&#8211; Banda di Sogliano Cavour<\/p>\n\n\n\n<p>&#8211; Compagnia teatrale Ventinovenove, letture dal <em>Poema della Croce<\/em> di Alda Merini<\/p>\n\n\n\n<p>&#8211; Giovanni Amati e Matteo Scatigna (Valle d\u2019Itria)<\/p>\n\n\n\n<p>&#8211; Compagnia Giuseppe Lisi<\/p>\n\n\n\n<p><strong>STERNATIA<\/strong><\/p>\n\n\n\n<p><em>Chiesa di San Vito, piazza Castello, Chiesa di Maria SS. Assunta<\/em><\/p>\n\n\n\n<p>ore 19:30<\/p>\n\n\n\n<p>&#8211; Compagnia Fiore Maggiulli e Banda della Grec\u00eca salentina<\/p>\n\n\n\n<p>&#8211; Pie donne di Ruffano<\/p>\n\n\n\n<p>&#8211; Tenores di Orosei (Sardegna)<\/p>\n\n\n\n<p>&#8211; Ast\u00e8ria di Giorgio Filieri<\/p>\n\n\n\n<p><strong><u>LUNED\u00cc 18 MARZO 2024<\/u><\/strong><\/p>\n\n\n\n<p><strong>CALIMERA<\/strong><\/p>\n\n\n\n<p><em>Chiesa Madre, ore 19:30<\/em><\/p>\n\n\n\n<p>&#8211; Accademia Mediterranea dell\u2019attore per Giovanni Testori<\/p>\n\n\n\n<p>&#8211; Michela e Antonio Sicuro<\/p>\n\n\n\n<p>&#8211; Cantori grichi<\/p>\n\n\n\n<p>&#8211; Cantori di Alezio<\/p>\n\n\n\n<p><strong><u>MARTED\u00cc 19 MARZO 2024<\/u><\/strong><\/p>\n\n\n\n<p><strong>CORIGLIANO D\u2019OTRANTO<\/strong><\/p>\n\n\n\n<p><em>Chiesa Madre San Nicola Vescovo, ore 19:30<\/em><\/p>\n\n\n\n<p>&#8211; Pierluigi Mele, letture della Passione<\/p>\n\n\n\n<p>&#8211; Carmen Greco<\/p>\n\n\n\n<p>&#8211; Argal\u00eco<\/p>\n\n\n\n<p>&#8211; Giancarlo Paglialunga e Cosimo Pastore con Giuseppe Anglano<\/p>\n\n\n\n<p><strong><u>MERCOLED\u00cc 20 MARZO 2024&nbsp;<\/u><\/strong><\/p>\n\n\n\n<p><strong>SOLETO<\/strong><\/p>\n\n\n\n<p><em>Chiesa Madre Maria SS. Assunta, ore 19:00<\/em><\/p>\n\n\n\n<p>&#8211; Confraternita di Supersano<\/p>\n\n\n\n<p>&#8211; Cantori della Bottega del Teatro di Zollino<\/p>\n\n\n\n<p>&#8211; Teatro Koreja, letture dal <em>Vangelo secondo Maria<\/em><\/p>\n\n\n\n<p>&#8211; Antonio Castrignan\u00f2 con Giorgio Distante, Marina Latorraca, Luigi Marra, Rocco Nigro<\/p>\n\n\n\n<p><strong><u>GIOVED\u00cc 21 MARZO 2024<\/u><\/strong><\/p>\n\n\n\n<p><strong>CASTRIGNANO DE\u2019 GRECI<\/strong><\/p>\n\n\n\n<p><em>dal Palazzo de Gualtieris \/ Kora centro del contemporaneo<\/em><\/p>\n\n\n\n<p><em>alla Chiesa Maria SS. Annunziata<\/em><\/p>\n\n\n\n<p>ore 17:30<\/p>\n\n\n\n<p>&#8211; Seminario: \u201cLingua e riti della Pasqua nelle minoranze greche d\u2019area adriatica\u201d<\/p>\n\n\n\n<p>Introduce e coordina Il prof. Francesco G. Giannachi<\/p>\n\n\n\n<p>Intervengono: Francesco Aventaggiato e Theo Dhimpali<\/p>\n\n\n\n<p>ore 19:30<\/p>\n\n\n\n<p>&#8211; Arakmea<\/p>\n\n\n\n<p>&#8211; Coro e orchestra dell&#8217;I.C di Corigliano Castrignano Melpignano coordinati e diretti dai Maestri: Michela Sicuro, Giovanni Chirico, Paola Lezzi, Antonio Persano, Boellis Gianfranco<\/p>\n\n\n\n<p>&#8211; Accademia Mediterranea dell\u2019attore per Giovanni Testori<\/p>\n\n\n\n<p>&#8211; Tis Klei di Ninfa Giannuzzi con Emanuele Licci e Giuseppe Spedicato<\/p>\n\n\n\n<p><strong><u>VENERD\u00cc 22 MARZO 2024<\/u><\/strong><\/p>\n\n\n\n<p><strong>LECCE<\/strong><\/p>\n\n\n\n<p>ore 17:00<\/p>\n\n\n\n<p><em>dalla Chiesa Greca<\/em><\/p>\n\n\n\n<p><em>alla Chiesa di San Giovanni Evangelista<\/em><\/p>\n\n\n\n<p>&#8211; Ast\u00e8ria di Giorgio Filieri<\/p>\n\n\n\n<p>&#8211; Compagnia de Lu Santu Lazzaru<\/p>\n\n\n\n<p><strong>MELPIGNANO<\/strong><\/p>\n\n\n\n<p><em>Chiesa Madonna Assunta (Congrega), ore 19:30<\/em><\/p>\n\n\n\n<p>&#8211; Teatro Koreja, letture dal <em>Vangelo secondo Maria<\/em><\/p>\n\n\n\n<p>&#8211; Cantori di Galatina<\/p>\n\n\n\n<p>&#8211; Compagnia Arakne Mediterranea<\/p>\n\n\n\n<p>&#8211; Cantori di Longi (Sicilia)<\/p>\n\n\n\n<p><strong><u>SABATO 23 MARZO 2024<\/u><\/strong><\/p>\n\n\n\n<p><strong>CUTROFIANO<\/strong><\/p>\n\n\n\n<p>&#8211; ore 10:00<\/p>\n\n\n\n<p>Lu Santu Lazzaru tra le scuole<\/p>\n\n\n\n<p>&#8211; ore 19:30<\/p>\n\n\n\n<p><em>Sagrato della Chiesa Madre<\/em><\/p>\n\n\n\n<p><strong><em>34^ RASSEGNA SANTU LAZZARU<\/em><\/strong><\/p>\n\n\n\n<p>Compagnia Giuseppe Lisi, Famiglia Cavalera, Compagnia di Salvino,<\/p>\n\n\n\n<p>Compagnia Arakne Mediterranea, Cantori della Bottega del Teatro di Zollino,<\/p>\n\n\n\n<p>Antonio Castrignan\u00f2 e Luigi Marra, Compagnia Paiano,<\/p>\n\n\n\n<p>Michela Sicuro e i ragazzi del laboratorio M.a.Ma &#8211; Musica ai Margini,<\/p>\n\n\n\n<p>Compagnia Melegari, Famiglia Giagnotti, Cardisanti<\/p>\n\n\n\n<p>&#8211; dalle ore 22:00<\/p>\n\n\n\n<p>Lu Santu Lazzaru tra le case con le Compagnie di Cutrofiano<\/p>\n\n\n\n<p><strong><u>DOMENICA 24 MARZO 2024<\/u><\/strong><\/p>\n\n\n\n<p><strong>ZOLLINO<\/strong><\/p>\n\n\n\n<p><em>Sagrato della Chiesa SS. Pietro e Paolo Apostoli, ore 10:30<\/em><\/p>\n\n\n\n<p>&#8211; Banda di Sogliano Cavour<\/p>\n\n\n\n<p>&#8211; Cantori della Bottega del Teatro di Zollino<\/p>\n\n\n\n<p><strong>MARTANO<\/strong><\/p>\n\n\n\n<p><em>Piazza Assunta, ore 11:00<\/em><\/p>\n\n\n\n<p>&#8211; Banda della Grec\u00eca salentina<\/p>\n\n\n\n<p>&#8211; Famiglia Giagnotti<\/p>\n\n\n\n<p>&#8211; Cantori di Martano<\/p>\n\n\n\n<p><strong><u>LUNED\u00cc 25 MARZO 2024<\/u><\/strong><\/p>\n\n\n\n<p><strong>CARPIGNANO SALENTINO<\/strong><\/p>\n\n\n\n<p><em>Chiesa Madre Assunzione Maria Vergine, ore 19:30<\/em><\/p>\n\n\n\n<p>&#8211; Giusy Zangari e Coro Ass.ne VivArte<\/p>\n\n\n\n<p>&#8211; Fratelli De Prezzo<\/p>\n\n\n\n<p>&#8211; Ast\u00e8ria di Giorgio Filieri<\/p>\n\n\n\n<p><strong><u>MARTED\u00cc 26 MARZO 2024<\/u><\/strong><\/p>\n\n\n\n<p><strong>ALESSANO<\/strong><\/p>\n\n\n\n<p><em>Convento dei Frati Minori Cappuccini, ore 19:30<\/em><\/p>\n\n\n\n<p>&#8211; Compagnia Teatrale Ventinovenove, letture dal <em>Poema della Croce<\/em> di Alda Merini<\/p>\n\n\n\n<p>&#8211; Compagnia di Casarano<\/p>\n\n\n\n<p>&#8211; Stella Grande<\/p>\n\n\n\n<p><strong><u>MERCOLED\u00cc 27 MARZO 2024<\/u><\/strong><\/p>\n\n\n\n<p><strong>MARTIGNANO<\/strong><\/p>\n\n\n\n<p>a cura della Coop. Soc. Open di Parco Palmieri<\/p>\n\n\n\n<p>dalle ore 09:00 alle 12:30<\/p>\n\n\n\n<p>per le vie e case del paese e presso Scuola Primaria e Secondaria di Primo Grado<\/p>\n\n\n\n<p>&#8211; Compagnia Arakne Mediterranea e i cantori di Martignano e Calimera<\/p>\n\n\n\n<p><em>Piazza Palmieri, ore 19:30<\/em><\/p>\n\n\n\n<p>&#8211; Anna Cinzia Villani<\/p>\n\n\n\n<p>&#8211; Famiglia Giagnotti<\/p>\n\n\n\n<p><em>Chiesa S. Maria dei Martiri, ore 20:30<\/em><\/p>\n\n\n\n<p>&#8211; Compagnia Arakne Mediterranea<\/p>\n\n\n\n<p>&#8211; Anna Cinzia Villani<\/p>\n\n\n\n<p>&#8211; Rocco De Santis<\/p>\n\n\n\n<p>&#8211; Famiglia Giagnotti<\/p>\n\n\n\n<p><\/p>\n<fb:like href='https:\/\/www.leccecronaca.it\/index.php\/2024\/03\/15\/le-belle-tradizioni-popolari-salentine-ce-custi-o-gaddho-na-cantalisi-2\/' send='true' layout='button_count' show_faces='true' width='450' height='65' action='recommend' colorscheme='light' font='lucida grande'><\/fb:like><span class=\"fb_share\"><fb:like href=\"https:\/\/www.leccecronaca.it\/index.php\/2024\/03\/15\/le-belle-tradizioni-popolari-salentine-ce-custi-o-gaddho-na-cantalisi-2\/\" layout=\"button_count\"><\/fb:like><\/span>","protected":false},"excerpt":{"rendered":"<p>Riceviamo e volentieri pubblichiamo.&nbsp; _______&nbsp; Undici giorni di eventi, quattordici appuntamenti e oltre trecentocinquanta artisti coinvolti. Sono questi i numeri di \u201cCanti di Passione &#8211; Ce Custi o Gaddho na Cantalisi\u201d, rassegna promossa dall\u2019Unione dei Comuni della Grec\u00eca Salentina con la partecipazione dell\u2019Istituto Diego Carpitella e la collaborazione della Fondazione La Notte della Taranta. Diretta [&hellip;]<\/p>\n","protected":false},"author":4,"featured_media":227535,"comment_status":"open","ping_status":"closed","sticky":false,"template":"","format":"standard","meta":[],"categories":[1,31,36],"tags":[],"_links":{"self":[{"href":"https:\/\/www.leccecronaca.it\/index.php\/wp-json\/wp\/v2\/posts\/227534"}],"collection":[{"href":"https:\/\/www.leccecronaca.it\/index.php\/wp-json\/wp\/v2\/posts"}],"about":[{"href":"https:\/\/www.leccecronaca.it\/index.php\/wp-json\/wp\/v2\/types\/post"}],"author":[{"embeddable":true,"href":"https:\/\/www.leccecronaca.it\/index.php\/wp-json\/wp\/v2\/users\/4"}],"replies":[{"embeddable":true,"href":"https:\/\/www.leccecronaca.it\/index.php\/wp-json\/wp\/v2\/comments?post=227534"}],"version-history":[{"count":2,"href":"https:\/\/www.leccecronaca.it\/index.php\/wp-json\/wp\/v2\/posts\/227534\/revisions"}],"predecessor-version":[{"id":227620,"href":"https:\/\/www.leccecronaca.it\/index.php\/wp-json\/wp\/v2\/posts\/227534\/revisions\/227620"}],"wp:featuredmedia":[{"embeddable":true,"href":"https:\/\/www.leccecronaca.it\/index.php\/wp-json\/wp\/v2\/media\/227535"}],"wp:attachment":[{"href":"https:\/\/www.leccecronaca.it\/index.php\/wp-json\/wp\/v2\/media?parent=227534"}],"wp:term":[{"taxonomy":"category","embeddable":true,"href":"https:\/\/www.leccecronaca.it\/index.php\/wp-json\/wp\/v2\/categories?post=227534"},{"taxonomy":"post_tag","embeddable":true,"href":"https:\/\/www.leccecronaca.it\/index.php\/wp-json\/wp\/v2\/tags?post=227534"}],"curies":[{"name":"wp","href":"https:\/\/api.w.org\/{rel}","templated":true}]}}