{"id":227632,"date":"2024-03-17T17:07:39","date_gmt":"2024-03-17T16:07:39","guid":{"rendered":"https:\/\/www.leccecronaca.it\/?p=227632"},"modified":"2024-03-17T17:07:42","modified_gmt":"2024-03-17T16:07:42","slug":"siamo-la-terra-del-sole-del-mare-e-del-vento-ma-non-vogliamo-diventare-terra-di-conquista-per-chi-vuole-sfruttarci","status":"publish","type":"post","link":"https:\/\/www.leccecronaca.it\/index.php\/2024\/03\/17\/siamo-la-terra-del-sole-del-mare-e-del-vento-ma-non-vogliamo-diventare-terra-di-conquista-per-chi-vuole-sfruttarci\/","title":{"rendered":"\u201cSiamo la terra del sole, del mare e del vento, ma non vogliamo diventare terra di conquista per chi vuole sfruttarci\u201c"},"content":{"rendered":"\n<p><img decoding=\"async\" loading=\"lazy\" width=\"1024\" height=\"598\" class=\"wp-image-227633\" style=\"width: 2500px;\" src=\"https:\/\/www.leccecronaca.it\/wordpress\/wp-content\/uploads\/2024\/03\/IMG-20240317-WA0134.jpg\" alt=\"\" srcset=\"https:\/\/www.leccecronaca.it\/wordpress\/wp-content\/uploads\/2024\/03\/IMG-20240317-WA0134.jpg 1024w, https:\/\/www.leccecronaca.it\/wordpress\/wp-content\/uploads\/2024\/03\/IMG-20240317-WA0134-300x175.jpg 300w, https:\/\/www.leccecronaca.it\/wordpress\/wp-content\/uploads\/2024\/03\/IMG-20240317-WA0134-768x449.jpg 768w\" sizes=\"(max-width: 1024px) 100vw, 1024px\" \/>Riceviamo e volentieri pubblichiamo.\u00a0 _______\u00a0<\/p>\n\n\n\n<p>Nota del consigliere regionale Paolo Pagliaro, capogruppo La Puglia Domani e presidente Movimento Regione Salento<\/p>\n\n\n\n<p>\u201cUn esercito pacifico, unito dall\u2019amore per il Salento e dalla voglia di proteggerlo, contro l\u2019esercito di pale galleggianti che minaccia il nostro mare. \u00c8 questa l\u2019immagine che fotografa la grande manifestazione di un giorno, il 17 marzo (che rimarr\u00e0 alla storia), a Porto Miggiano, dove abbiamo gi\u00e0 manifestato il 21 novembre 2021 e il 1\u00b0 maggio 2022.<\/p>\n\n\n\n<p>Pi\u00f9 che un sit-in, \u00e8 diventato l\u2019inno alla bellezza del Salento e allo stesso tempo il grido di battaglia di un territorio stanco di essere sfregiato dalla bramosia di denaro delle multinazionali.<\/p>\n\n\n\n<p>Il Salento che non si arrende, non retrocede. Il Salento fiero e orgoglioso combatte per il futuro dei propri figli. Siamo la terra del sole, del mare e del vento, \u00e8 vero, ma non vogliamo diventare terra di conquista per chi vuole sfruttarci. Non pu\u00f2 esserci futuro se ci lasciamo colonizzare, abbiamo il dovere di lasciare ai nostri figli una terra pi\u00f9 bella di quella che abbiamo trovato.<\/p>\n\n\n\n<p>Ci siamo ritrovati tutti assieme in quest\u2019angolo di paradiso, per dire no a tutte le mega centrali del vento che le multinazionali vorrebbero piazzare, nel Salento e in Puglia, a pochi chilometri dalle nostre coste, come in un grande risiko che calpesta la bellezza e ogni logica di corretta pianificazione dello spazio marittimo.<\/p>\n\n\n\n<p>Attenzione, lo ribadiamo, noi siamo a favore della transizione energetica, delle energie rinnovabili, ma ci sono luoghi dove si possono istallare gli impianti, noi diciamo no dove rovinano, sfregiano, deturpano.<\/p>\n\n\n\n<p>Questa \u00e8 una battaglia che combattiamo in Consiglio regionale invocando un piano regolatore del mare con paletti che delimitino le aree destinate all\u2019istallazione delle centrali del vento galleggianti. D\u2019altronde la mia mozione presentata il 22 novembre 2021, che abbiamo discusso in Consiglio solo il 26 aprile 2022 dopo numerosi rinvii, supportata dalle delibere di ben 72 Comuni, era chiara: no a questi scempi. Ma non fu portata a votazione a causa di alcuni artifizi tecnici. Ma non ho mollato: ho presentato altre due mozioni su questa tema, l\u20198 luglio 2022 e il 13 aprile 2023. Mozioni ancora da discutere, che testimoniano un impegno continuo che non conosce soste.<\/p>\n\n\n\n<p>Alla manifestazione di oggi erano presenti l\u2019assessora regionale all&#8217;Ambiente, Anna Grazia Maraschio, e i consiglieri regionali Antonio Gabellone e Paride Mazzotta, oltre ai sindaci e agli amministratori locali di 87 Comuni della provincia di Lecce, le associazioni e i movimenti Italia Nostra, Forum Ambiente e Salute, Movimento Regione Salento, Sinistra Italiana, Verdi.<\/p>\n\n\n\n<p>Questa \u00e8 l\u2019immagine forte di un popolo intero che si ribella all\u2019invasione dei giganti dell\u2019eolico offshore e alla prevaricazione delle speculazioni sulla difesa del paesaggio, un popolo che difende il proprio patrimonio identitario. Vogliamo impedire che il nostro mare diventi area di conquista. E combatteremo, non arretreremo di un centimetro.<\/p>\n\n\n\n<p>Questo \u00e8 no secco a tutti i progetti d\u2019insediamento di impianti eolici galleggianti che minacciano le coste con un impatto visivo devastante e conseguenze ambientali pesanti anche sui fondali e a terra, con le opere di ancoraggio e allaccio alla rete energetica. I signori dell\u2019eolico offshore non riusciranno a passare sulle nostre teste. Sia rispettata la volont\u00e0 dei territori, espressa ancora una volta a Porto Miggiano dal popolo del Salento.<\/p>\n\n\n\n<p>I prossimi appuntamenti, dove manifesteremo ancora il nostro dissenso, sono a Leuca, su richiesta dei sindaci del Capo di Leuca che mi hanno chiesto di organizzare una manifestazione e poi nell\u2019atrio di Palazzo dei Celestini nella sede della Provincia di Lecce.<\/p>\n\n\n\n<p>Volont\u00e0 di tutti noi \u00e8 di continuare questa battaglia, non ci fermeremo di fronte a nulla.<\/p>\n\n\n\n<p>Adesso attendiamo che la Regione convochi il consiglio monotematico che ho richiesto il 21 giugno del 2021 per mettere un punto fermo su questa questione. Deve vincere il buonsenso, deve vincere la Puglia, deve vincere il Salento. Abbiamo gi\u00e0 dato\u201d.<\/p>\n<fb:like href='https:\/\/www.leccecronaca.it\/index.php\/2024\/03\/17\/siamo-la-terra-del-sole-del-mare-e-del-vento-ma-non-vogliamo-diventare-terra-di-conquista-per-chi-vuole-sfruttarci\/' send='true' layout='button_count' show_faces='true' width='450' height='65' action='recommend' colorscheme='light' font='lucida grande'><\/fb:like><span class=\"fb_share\"><fb:like href=\"https:\/\/www.leccecronaca.it\/index.php\/2024\/03\/17\/siamo-la-terra-del-sole-del-mare-e-del-vento-ma-non-vogliamo-diventare-terra-di-conquista-per-chi-vuole-sfruttarci\/\" layout=\"button_count\"><\/fb:like><\/span>","protected":false},"excerpt":{"rendered":"<p>Riceviamo e volentieri pubblichiamo.\u00a0 _______\u00a0 Nota del consigliere regionale Paolo Pagliaro, capogruppo La Puglia Domani e presidente Movimento Regione Salento \u201cUn esercito pacifico, unito dall\u2019amore per il Salento e dalla voglia di proteggerlo, contro l\u2019esercito di pale galleggianti che minaccia il nostro mare. \u00c8 questa l\u2019immagine che fotografa la grande manifestazione di un giorno, il [&hellip;]<\/p>\n","protected":false},"author":4,"featured_media":227633,"comment_status":"open","ping_status":"closed","sticky":false,"template":"","format":"standard","meta":[],"categories":[1,76,36],"tags":[],"_links":{"self":[{"href":"https:\/\/www.leccecronaca.it\/index.php\/wp-json\/wp\/v2\/posts\/227632"}],"collection":[{"href":"https:\/\/www.leccecronaca.it\/index.php\/wp-json\/wp\/v2\/posts"}],"about":[{"href":"https:\/\/www.leccecronaca.it\/index.php\/wp-json\/wp\/v2\/types\/post"}],"author":[{"embeddable":true,"href":"https:\/\/www.leccecronaca.it\/index.php\/wp-json\/wp\/v2\/users\/4"}],"replies":[{"embeddable":true,"href":"https:\/\/www.leccecronaca.it\/index.php\/wp-json\/wp\/v2\/comments?post=227632"}],"version-history":[{"count":1,"href":"https:\/\/www.leccecronaca.it\/index.php\/wp-json\/wp\/v2\/posts\/227632\/revisions"}],"predecessor-version":[{"id":227634,"href":"https:\/\/www.leccecronaca.it\/index.php\/wp-json\/wp\/v2\/posts\/227632\/revisions\/227634"}],"wp:featuredmedia":[{"embeddable":true,"href":"https:\/\/www.leccecronaca.it\/index.php\/wp-json\/wp\/v2\/media\/227633"}],"wp:attachment":[{"href":"https:\/\/www.leccecronaca.it\/index.php\/wp-json\/wp\/v2\/media?parent=227632"}],"wp:term":[{"taxonomy":"category","embeddable":true,"href":"https:\/\/www.leccecronaca.it\/index.php\/wp-json\/wp\/v2\/categories?post=227632"},{"taxonomy":"post_tag","embeddable":true,"href":"https:\/\/www.leccecronaca.it\/index.php\/wp-json\/wp\/v2\/tags?post=227632"}],"curies":[{"name":"wp","href":"https:\/\/api.w.org\/{rel}","templated":true}]}}