{"id":228060,"date":"2024-03-29T14:07:16","date_gmt":"2024-03-29T13:07:16","guid":{"rendered":"https:\/\/www.leccecronaca.it\/?p=228060"},"modified":"2024-03-29T14:09:54","modified_gmt":"2024-03-29T13:09:54","slug":"novita-editoriali-come-i-girasoli","status":"publish","type":"post","link":"https:\/\/www.leccecronaca.it\/index.php\/2024\/03\/29\/novita-editoriali-come-i-girasoli\/","title":{"rendered":"NOVITA\u2019\u00a0EDITORIALI \/\u00a0COME I GIRASOLI"},"content":{"rendered":"\n<p><img decoding=\"async\" loading=\"lazy\" width=\"826\" height=\"1190\" class=\"wp-image-228063\" style=\"width: 1200px;\" src=\"https:\/\/www.leccecronaca.it\/wordpress\/wp-content\/uploads\/2024\/03\/430079680_122101156202229736_357160538506374188_n.jpg\" alt=\"\" srcset=\"https:\/\/www.leccecronaca.it\/wordpress\/wp-content\/uploads\/2024\/03\/430079680_122101156202229736_357160538506374188_n.jpg 826w, https:\/\/www.leccecronaca.it\/wordpress\/wp-content\/uploads\/2024\/03\/430079680_122101156202229736_357160538506374188_n-208x300.jpg 208w, https:\/\/www.leccecronaca.it\/wordpress\/wp-content\/uploads\/2024\/03\/430079680_122101156202229736_357160538506374188_n-711x1024.jpg 711w, https:\/\/www.leccecronaca.it\/wordpress\/wp-content\/uploads\/2024\/03\/430079680_122101156202229736_357160538506374188_n-768x1106.jpg 768w\" sizes=\"(max-width: 826px) 100vw, 826px\" \/><\/p>\n\n\n\n<p>di <strong>Raffaele Polo <\/strong>_______<\/p>\n\n\n\n<p>Gioved\u00ec 4 aprile 2024 alle ore 18.45, la Biblioteca Bernardini (p.tta G. Carducci) a Lecce, ospita la presentazione ufficiale del bioromanzo <em><strong>\u201cCome fanno i girasoli\u201d <\/strong><\/em>(Edizioni Esperidi, 140 pagine, 15 euro). di <strong>Anja Lepestok<\/strong>, a cura di Liana Sederino (nella foto). <\/p>\n\n\n\n<p>Intervengono Francesca Pastore giornalista e assistente sociale e l\u2019editore Claudio Martino. <\/p>\n\n\n\n<p>ll testo si snoda in un dialogo accorato tra le due protagoniste: l\u2019attivit\u00e0 professionale di Anja e Liana, le porta spesso a incontrare il dolore e allo stesso tempo d\u00e0 loro la possibilit\u00e0 di poterlo comprendere e, a volte, lenire. Per caso, un giorno, le due donne si incontrano&#8230; <\/p>\n\n\n\n<p>Schiva inizialmente, Anja apre il suo cuore a Liana raccontandole frammenti di s\u00e9 e di come \u00e8 riuscita a reagire alla violenza, imparando a volersi bene e a costruire un futuro sereno, anche se forse non del tutto. <\/p>\n\n\n\n<p>Da tempo Anja ha iniziato a scrivere i ricordi della sua vita finch\u00e9 l\u2019idea di condividerli attraverso la pubblicazione di un libro prende corpo. Alla base della sua decisione c\u2019\u00e8 la volont\u00e0 di dare forza ad altre donne, o persone, che com\u2019\u00e8 successo a lei, vivono una vita buia. L\u2019incontro con Liana \u00e8 determinante, cos\u00ec quest\u2019ultima si offre di aiutarla a mettere su carta la sua storia, la storia di una vita resa da altri una tragedia e che, non avendo lei la forza per reagire, poteva diventare l\u2019ennesima tremenda notizia del telegiornale. Anja per\u00f2 ce l\u2019ha fatta.<\/p>\n\n\n\n<p><\/p>\n\n\n\n<p>&nbsp;Anja Lepestok nasce in Italia da genitori bielorussi che, dopo pochi giorni, ne dispongono l\u2019adozione. La sua vita \u00e8 un\u2019altalena di eventi molto spesso avversi che per\u00f2 non incattiviscono il suo animo. Anzi, proprio in virt\u00f9 della sua esperienza, diventa assistente sociale per potersi dedicare alle donne in difficolt\u00e0. Un giorno incontra Liana e decide di raccontarle la sua storia.<\/p>\n\n\n\n<p>Liana Sederino, educatrice presso una cooperativa che opera in provincia di Lecce, si occupa di minori disagiati. Un giorno incontra Anja che le racconta la sua triste storia. Insieme decidono di pubblicarla.&nbsp; Cos\u00ec sintetizza questa storia: \u201cIl girasole deve il nome al suo comportamento eliotropico: fiori e foglie sono sempre orientati verso il sole. Quando la fioritura \u00e8 ormai completa, la caratteristica di \u201cseguire\u201d il sole cessa; il girasole per\u00f2, continua a volgere il suo \u201csguardo\u201d ad Est\u201d.<\/p>\n\n\n\n<p><img decoding=\"async\" loading=\"lazy\" width=\"1542\" height=\"2408\" class=\"wp-image-228061\" style=\"width: 800px;\" src=\"https:\/\/www.leccecronaca.it\/wordpress\/wp-content\/uploads\/2024\/03\/Copertina_ComeFannoiGirasoli_EdEsperidi-1.jpg\" alt=\"\" srcset=\"https:\/\/www.leccecronaca.it\/wordpress\/wp-content\/uploads\/2024\/03\/Copertina_ComeFannoiGirasoli_EdEsperidi-1.jpg 1542w, https:\/\/www.leccecronaca.it\/wordpress\/wp-content\/uploads\/2024\/03\/Copertina_ComeFannoiGirasoli_EdEsperidi-1-192x300.jpg 192w, https:\/\/www.leccecronaca.it\/wordpress\/wp-content\/uploads\/2024\/03\/Copertina_ComeFannoiGirasoli_EdEsperidi-1-656x1024.jpg 656w, https:\/\/www.leccecronaca.it\/wordpress\/wp-content\/uploads\/2024\/03\/Copertina_ComeFannoiGirasoli_EdEsperidi-1-768x1199.jpg 768w, https:\/\/www.leccecronaca.it\/wordpress\/wp-content\/uploads\/2024\/03\/Copertina_ComeFannoiGirasoli_EdEsperidi-1-984x1536.jpg 984w, https:\/\/www.leccecronaca.it\/wordpress\/wp-content\/uploads\/2024\/03\/Copertina_ComeFannoiGirasoli_EdEsperidi-1-1311x2048.jpg 1311w\" sizes=\"(max-width: 1542px) 100vw, 1542px\" \/><\/p>\n<fb:like href='https:\/\/www.leccecronaca.it\/index.php\/2024\/03\/29\/novita-editoriali-come-i-girasoli\/' send='true' layout='button_count' show_faces='true' width='450' height='65' action='recommend' colorscheme='light' font='lucida grande'><\/fb:like><span class=\"fb_share\"><fb:like href=\"https:\/\/www.leccecronaca.it\/index.php\/2024\/03\/29\/novita-editoriali-come-i-girasoli\/\" layout=\"button_count\"><\/fb:like><\/span>","protected":false},"excerpt":{"rendered":"<p>di Raffaele Polo _______ Gioved\u00ec 4 aprile 2024 alle ore 18.45, la Biblioteca Bernardini (p.tta G. Carducci) a Lecce, ospita la presentazione ufficiale del bioromanzo \u201cCome fanno i girasoli\u201d (Edizioni Esperidi, 140 pagine, 15 euro). di Anja Lepestok, a cura di Liana Sederino (nella foto). Intervengono Francesca Pastore giornalista e assistente sociale e l\u2019editore Claudio [&hellip;]<\/p>\n","protected":false},"author":4,"featured_media":228063,"comment_status":"open","ping_status":"closed","sticky":false,"template":"","format":"standard","meta":[],"categories":[31,75,57],"tags":[],"_links":{"self":[{"href":"https:\/\/www.leccecronaca.it\/index.php\/wp-json\/wp\/v2\/posts\/228060"}],"collection":[{"href":"https:\/\/www.leccecronaca.it\/index.php\/wp-json\/wp\/v2\/posts"}],"about":[{"href":"https:\/\/www.leccecronaca.it\/index.php\/wp-json\/wp\/v2\/types\/post"}],"author":[{"embeddable":true,"href":"https:\/\/www.leccecronaca.it\/index.php\/wp-json\/wp\/v2\/users\/4"}],"replies":[{"embeddable":true,"href":"https:\/\/www.leccecronaca.it\/index.php\/wp-json\/wp\/v2\/comments?post=228060"}],"version-history":[{"count":2,"href":"https:\/\/www.leccecronaca.it\/index.php\/wp-json\/wp\/v2\/posts\/228060\/revisions"}],"predecessor-version":[{"id":228066,"href":"https:\/\/www.leccecronaca.it\/index.php\/wp-json\/wp\/v2\/posts\/228060\/revisions\/228066"}],"wp:featuredmedia":[{"embeddable":true,"href":"https:\/\/www.leccecronaca.it\/index.php\/wp-json\/wp\/v2\/media\/228063"}],"wp:attachment":[{"href":"https:\/\/www.leccecronaca.it\/index.php\/wp-json\/wp\/v2\/media?parent=228060"}],"wp:term":[{"taxonomy":"category","embeddable":true,"href":"https:\/\/www.leccecronaca.it\/index.php\/wp-json\/wp\/v2\/categories?post=228060"},{"taxonomy":"post_tag","embeddable":true,"href":"https:\/\/www.leccecronaca.it\/index.php\/wp-json\/wp\/v2\/tags?post=228060"}],"curies":[{"name":"wp","href":"https:\/\/api.w.org\/{rel}","templated":true}]}}