{"id":228501,"date":"2024-04-10T11:00:00","date_gmt":"2024-04-10T09:00:00","guid":{"rendered":"https:\/\/www.leccecronaca.it\/?p=228501"},"modified":"2024-04-10T11:54:26","modified_gmt":"2024-04-10T09:54:26","slug":"anniversario-della-polizia-di-stato","status":"publish","type":"post","link":"https:\/\/www.leccecronaca.it\/index.php\/2024\/04\/10\/anniversario-della-polizia-di-stato\/","title":{"rendered":"ANNIVERSARIO DELLA POLIZIA DI STATO"},"content":{"rendered":"\n<p><img decoding=\"async\" loading=\"lazy\" width=\"640\" height=\"432\" class=\"wp-image-228502\" style=\"width: 1500px;\" src=\"https:\/\/www.leccecronaca.it\/wordpress\/wp-content\/uploads\/2024\/04\/Piazza-SantoOronzo-con-polizia.jpg\" alt=\"\" srcset=\"https:\/\/www.leccecronaca.it\/wordpress\/wp-content\/uploads\/2024\/04\/Piazza-SantoOronzo-con-polizia.jpg 640w, https:\/\/www.leccecronaca.it\/wordpress\/wp-content\/uploads\/2024\/04\/Piazza-SantoOronzo-con-polizia-300x203.jpg 300w\" sizes=\"(max-width: 640px) 100vw, 640px\" \/><\/p>\n\n\n\n<p>Riceviamo e volentieri pubblichiamo. \u00a0_______\u00a0<\/p>\n\n\n\n<p>La Polizia di Stato celebra oggi il 172\u00b0 anniversario dalla sua fondazione, con una cerimonia che si terr\u00e0 presso il Teatro Apollo di Lecce e che vedr\u00e0 la partecipazione delle pi\u00f9 alte cariche istituzionali della Provincia.<\/p>\n\n\n\n<p>Questo importante traguardo esalta di nuovo l&#8217;impegno e la dedizione delle poliziotte e dei poliziotti per la tutela dell\u2019ordine e della sicurezza pubblica, per la salvaguardia del pieno esercizio dei diritti e delle libert\u00e0 fondamentali e per il pubblico soccorso, come ben sintetizzato dal claim #essercisempre.<\/p>\n\n\n\n<p>Le celebrazioni avranno inizio alle ore 09.00, presso la Questura, presso il Giardino delle Rimembranze, con la deposizione di una corona di alloro da parte del Prefetto Luca Rotondi e del Questore Vincenzo Massimo Modeo, per di onorare i caduti della Polizia di Stato.<\/p>\n\n\n\n<p>Alle ore 9.30, nel foyer del Teatro Apollo, il Questore premier\u00e0 le scuole vincitrici a livello provinciale del Progetto-Concorso \u201c<em>PretenDiamo Legalit\u00e0<\/em>\u201d, consegnando ai rappresentanti una pergamena. Subito dopo incontrer\u00e0 i giornalisti.<\/p>\n\n\n\n<p>Successivamente, alle ore 10.30, avr\u00e0 luogo la cerimonia presso il Teatro Apollo, durante la quale si esibir\u00e0 un\u2019orchestra di piccoli talenti del Progetto musicale \u201cOrchestra Sistema Musica Arnesano\u201d dell\u2019Associazione Musicale \u201cOpera Prima\u201d, composta da circa 60 elementi di et\u00e0 compresa dai 7 ai 14 anni. Il progetto dell\u2019associazione musicale ha una grande valenza sociale perch\u00e9 si basa sulla formazione strumentale inclusiva ed \u00e8 dedicata a circa 200 bambini della scuola primaria di Arnesano e Monteroni i quali, durante l\u2019orario scolastico, conoscono i primi rudimenti del linguaggio musicale e nelle ore pomeridiane approfondiscono lo studio dello strumento per prepararsi ai primi concerti. \u201cSistema Musica Arnesano\u201d \u00e8 un progetto finanziato dalla Regione Puglia e sostenuto dal Ministero della Cultura.<\/p>\n\n\n\n<p>Dopo la lettura dei messaggi inviati per l\u2019occasione dal Presidente della Repubblica, dal Ministro dell\u2019Interno e dal Capo della Polizia- Direttore Generale della Pubblica Sicurezza, il Questore Massimo Vincenzo Modeo rivolger\u00e0 il suo saluto ai presenti e consegner\u00e0 gli attestati di riconoscimento al personale della Polizia di Stato che si \u00e8 distinto per meriti di servizio.<\/p>\n\n\n\n<p>Saliranno poi sul palco 3 studenti del Liceo classico, Scienze Umane e Artistico \u201cPietro Colonna\u201d di Galatina per illustrare alcune rappresentazioni artistiche che sono state realizzate in occasione della conferenza teatralizzata sul cyberbullismo, nell\u2019ambito del progetto \u201c<em>Coltiv@rete<\/em>\u201d.<\/p>\n\n\n\n<p>Nella mattinata avr\u00e0 luogo un\u2019esposizione di veicoli storici della Polizia di Stato dismessi dai servizi di istituto in Pizza Sant\u2019Oronzo dove, inoltre, il gruppo Donatori Nati dell\u2019\u201dAssociazione Donatori Volontari Personale della Polizia di Stato\u201d ha organizzato una raccolta straordinaria di sangue con l\u2019autoemoteca dell\u2019ospedale Vito Fazzi di Lecce.<\/p>\n<fb:like href='https:\/\/www.leccecronaca.it\/index.php\/2024\/04\/10\/anniversario-della-polizia-di-stato\/' send='true' layout='button_count' show_faces='true' width='450' height='65' action='recommend' colorscheme='light' font='lucida grande'><\/fb:like><span class=\"fb_share\"><fb:like href=\"https:\/\/www.leccecronaca.it\/index.php\/2024\/04\/10\/anniversario-della-polizia-di-stato\/\" layout=\"button_count\"><\/fb:like><\/span>","protected":false},"excerpt":{"rendered":"<p>Riceviamo e volentieri pubblichiamo. \u00a0_______\u00a0 La Polizia di Stato celebra oggi il 172\u00b0 anniversario dalla sua fondazione, con una cerimonia che si terr\u00e0 presso il Teatro Apollo di Lecce e che vedr\u00e0 la partecipazione delle pi\u00f9 alte cariche istituzionali della Provincia. Questo importante traguardo esalta di nuovo l&#8217;impegno e la dedizione delle poliziotte e dei [&hellip;]<\/p>\n","protected":false},"author":4,"featured_media":228502,"comment_status":"open","ping_status":"closed","sticky":false,"template":"","format":"standard","meta":[],"categories":[1,36],"tags":[],"_links":{"self":[{"href":"https:\/\/www.leccecronaca.it\/index.php\/wp-json\/wp\/v2\/posts\/228501"}],"collection":[{"href":"https:\/\/www.leccecronaca.it\/index.php\/wp-json\/wp\/v2\/posts"}],"about":[{"href":"https:\/\/www.leccecronaca.it\/index.php\/wp-json\/wp\/v2\/types\/post"}],"author":[{"embeddable":true,"href":"https:\/\/www.leccecronaca.it\/index.php\/wp-json\/wp\/v2\/users\/4"}],"replies":[{"embeddable":true,"href":"https:\/\/www.leccecronaca.it\/index.php\/wp-json\/wp\/v2\/comments?post=228501"}],"version-history":[{"count":1,"href":"https:\/\/www.leccecronaca.it\/index.php\/wp-json\/wp\/v2\/posts\/228501\/revisions"}],"predecessor-version":[{"id":228503,"href":"https:\/\/www.leccecronaca.it\/index.php\/wp-json\/wp\/v2\/posts\/228501\/revisions\/228503"}],"wp:featuredmedia":[{"embeddable":true,"href":"https:\/\/www.leccecronaca.it\/index.php\/wp-json\/wp\/v2\/media\/228502"}],"wp:attachment":[{"href":"https:\/\/www.leccecronaca.it\/index.php\/wp-json\/wp\/v2\/media?parent=228501"}],"wp:term":[{"taxonomy":"category","embeddable":true,"href":"https:\/\/www.leccecronaca.it\/index.php\/wp-json\/wp\/v2\/categories?post=228501"},{"taxonomy":"post_tag","embeddable":true,"href":"https:\/\/www.leccecronaca.it\/index.php\/wp-json\/wp\/v2\/tags?post=228501"}],"curies":[{"name":"wp","href":"https:\/\/api.w.org\/{rel}","templated":true}]}}