{"id":228755,"date":"2024-04-18T13:11:40","date_gmt":"2024-04-18T11:11:40","guid":{"rendered":"https:\/\/www.leccecronaca.it\/?p=228755"},"modified":"2024-04-29T11:50:30","modified_gmt":"2024-04-29T09:50:30","slug":"a-qualcuno-piace-caldo-a-paolo-insalata-piace-doppio-appuntamenti-ad-alessano-venerdi-26-e-a-gagliano-del-capo-martedi-30-aprile","status":"publish","type":"post","link":"https:\/\/www.leccecronaca.it\/index.php\/2024\/04\/18\/a-qualcuno-piace-caldo-a-paolo-insalata-piace-doppio-appuntamenti-ad-alessano-venerdi-26-e-a-gagliano-del-capo-martedi-30-aprile\/","title":{"rendered":"A QUALCUNO PIACE CALDO. A PAOLO INSALATA PIACE DOPPIO"},"content":{"rendered":"\n<p><img decoding=\"async\" loading=\"lazy\" width=\"1179\" height=\"1160\" class=\"wp-image-228761\" style=\"width: 2500px;\" src=\"https:\/\/www.leccecronaca.it\/wordpress\/wp-content\/uploads\/2024\/04\/435090719_10232197871998873_2289314706753241984_n.jpg\" alt=\"\" srcset=\"https:\/\/www.leccecronaca.it\/wordpress\/wp-content\/uploads\/2024\/04\/435090719_10232197871998873_2289314706753241984_n.jpg 1179w, https:\/\/www.leccecronaca.it\/wordpress\/wp-content\/uploads\/2024\/04\/435090719_10232197871998873_2289314706753241984_n-300x295.jpg 300w, https:\/\/www.leccecronaca.it\/wordpress\/wp-content\/uploads\/2024\/04\/435090719_10232197871998873_2289314706753241984_n-1024x1007.jpg 1024w, https:\/\/www.leccecronaca.it\/wordpress\/wp-content\/uploads\/2024\/04\/435090719_10232197871998873_2289314706753241984_n-768x756.jpg 768w, https:\/\/www.leccecronaca.it\/wordpress\/wp-content\/uploads\/2024\/04\/435090719_10232197871998873_2289314706753241984_n-60x60.jpg 60w\" sizes=\"(max-width: 1179px) 100vw, 1179px\" \/><\/p>\n\n\n\n<p><strong>APPUNTAMENTI AD ALESSANO VENERDI\u2019&nbsp;26 E A GAGLIANO DEL CAPO MARTEDI\u2019&nbsp;30 APRILE<\/strong><\/p>\n\n\n\n<p>(Rdl) _______&nbsp;&nbsp;Il Jazz che sorprende. Doppio appuntamento di Lampus&nbsp;per celebrare&nbsp;la&nbsp;Giornata Internazionale del Jazz &#8211; UNESCO.<\/p>\n\n\n\n<p>Il prossimo&nbsp;<strong>30 aprile<\/strong>&nbsp;sar\u00e0 celebrata la&nbsp;<strong>Giornata Internazionale del Jazz \u2013 UNESCO<\/strong>.&nbsp;<\/p>\n\n\n\n<p>L\u2019edizione 2024 vedr\u00e0&nbsp;coinvolti&nbsp;<strong>190 Paesi<\/strong>&nbsp;impegnati a divulgare il valore unificante del Jazz attraverso migliaia di appuntamenti.&nbsp;<\/p>\n\n\n\n<p>L\u2019UNESCO definisce il Jazz&nbsp;\u00abuno strumento di sviluppo e crescita del dialogo interculturale volto alla tolleranza e alla comprensione reciproca\u00bb. Una valutazione che coglie nel Jazz il suo forte potenziale di scambio, confronto e reciproco ascolto tra culture diverse: una musica che supera le differenze di razza, religione, etnia o nazionalit\u00e0.<\/p>\n\n\n\n<p><em><strong>\u201cL\u2019associazione culturale&nbsp;Lampus, impegnata nella divulgazione del Jazz nel Capo di Leuca\u201c<\/strong><\/em> \u2010 spiega il presidente e direttore artistico di Lampus, <strong>Paolo Insalata<\/strong> (nella foto) \u2010 <em><strong>condivide in pieno lo spirito dell\u2019Jazz Day e ne celebra ogni edizione fin dal 2017. Pur essendo una realt\u00e0 piccola e di confine, Lampus ha saputo conquistarsi una buona reputazione nel panorama jazzistico italiano per la qualit\u00e0 delle proposte artistiche, la cura organizzativa di ogni iniziativa e la destagionalizzazione dei suoi appuntamenti (ne ha organizzati finora circa sessata) che coprono l\u2019intero arco dell\u2019anno<\/strong><\/em>.&nbsp;<\/p>\n\n\n\n<p><em><strong>Altri tratti distintivi delle attivit\u00e0 di Lampus riguardano la scelta dei luoghi e l\u2019originalit\u00e0 dei contenuti mirati a favorire nuove connessioni tra il Jazz e&nbsp;altre realt\u00e0 della societ\u00e0 contemporanea<\/strong><\/em>\u201c.<\/p>\n\n\n\n<p><\/p>\n\n\n\n<p>Quest\u2019anno celebra il&nbsp;Jazz Day, mettendo in calendario&nbsp;<strong>due appuntamenti&nbsp;<\/strong>decisamente originali:<\/p>\n\n\n\n<p><em><strong>Paris in Blue<\/strong><\/em><img decoding=\"async\" loading=\"lazy\" width=\"713\" height=\"1024\" class=\"wp-image-228759\" style=\"width: 1200px;\" src=\"https:\/\/www.leccecronaca.it\/wordpress\/wp-content\/uploads\/2024\/04\/IMG_0529-Paris-in-blue-713x1024-1.jpeg\" alt=\"\" srcset=\"https:\/\/www.leccecronaca.it\/wordpress\/wp-content\/uploads\/2024\/04\/IMG_0529-Paris-in-blue-713x1024-1.jpeg 713w, https:\/\/www.leccecronaca.it\/wordpress\/wp-content\/uploads\/2024\/04\/IMG_0529-Paris-in-blue-713x1024-1-209x300.jpeg 209w\" sizes=\"(max-width: 713px) 100vw, 713px\" \/><\/p>\n\n\n\n<p>Il&nbsp;26 aprile&nbsp;ad Alessano (Le) \u2013 Palazzo Sangiovanni si terr\u00e0 un concerto, rigorosamente in acustico, dedicato all\u2019incontro tra Gershwin e Ravel: una produzione originale&nbsp;in prima nazionale&nbsp;nata per questa occasione, dal titolo&nbsp;<em>Paris in Blue<\/em>&nbsp;con&nbsp;Danilo Blaiotta&nbsp;al pianoforte e&nbsp;Vittorio Cuculo&nbsp;al saxofono.<\/p>\n\n\n\n<p>Il Duo vuole omaggiare tanto la musica di&nbsp;Maurice Ravel&nbsp;(in relazione alla sua fascinazione per la musica jazz degli anni \u201920 del 900), tanto quella di&nbsp;George Gershwin, di cui Ravel divenne amico ed importante consigliere senza mai accettare, tuttavia, la richiesta dello stesso Gershwin in ambiti didattici &#8211; il giovane George venerava il compositore Basco e avrebbe voluto prendere da lui lezioni di composizione.<\/p>\n\n\n\n<p>Indirizzo: piazza Castello 3 &#8211; Alessano<\/p>\n\n\n\n<p>Inizio concerto alle 19.00<\/p>\n\n\n\n<p>Informazioni e biglietti su&nbsp;<a href=\"http:\/\/www.oooh.events\/\" target=\"_blank\" rel=\"noreferrer noopener\">www.oooh.events<\/a>&nbsp;<\/p>\n\n\n\n<p><\/p>\n\n\n\n<p><em><strong>Jazz for Senior<\/strong><\/em><img decoding=\"async\" loading=\"lazy\" width=\"2000\" height=\"1414\" class=\"wp-image-228760\" style=\"width: 1200px;\" src=\"https:\/\/www.leccecronaca.it\/wordpress\/wp-content\/uploads\/2024\/04\/Locandina-Jazz-for-Senior.png\" alt=\"\" srcset=\"https:\/\/www.leccecronaca.it\/wordpress\/wp-content\/uploads\/2024\/04\/Locandina-Jazz-for-Senior.png 2000w, https:\/\/www.leccecronaca.it\/wordpress\/wp-content\/uploads\/2024\/04\/Locandina-Jazz-for-Senior-300x212.png 300w, https:\/\/www.leccecronaca.it\/wordpress\/wp-content\/uploads\/2024\/04\/Locandina-Jazz-for-Senior-1024x724.png 1024w, https:\/\/www.leccecronaca.it\/wordpress\/wp-content\/uploads\/2024\/04\/Locandina-Jazz-for-Senior-768x543.png 768w, https:\/\/www.leccecronaca.it\/wordpress\/wp-content\/uploads\/2024\/04\/Locandina-Jazz-for-Senior-1536x1086.png 1536w\" sizes=\"(max-width: 2000px) 100vw, 2000px\" \/><\/p>\n\n\n\n<p>Se il primo appuntamento ha il carattere di una celebrazione \u201cordinaria\u201d, decisamente meno convenzionale \u00e8 la seconda iniziativa in programma il&nbsp;30 aprile, perch\u00e9 \u00e8 riservato a un pubblico \u201cnuovo\u201d.&nbsp;<\/p>\n\n\n\n<p>Lampus, infatti, in collaborazione con la&nbsp;Residenza Socio Assistenziale&nbsp;\u201cSan Giorgio\u201d di Gagliano del Capo, nel sud della Puglia, ha voluto rendere davvero speciale questa edizione dell&#8217;International Jazz Day, dedicando agli anziani ospiti della struttura&nbsp;<em><strong>Jazz for Senior<\/strong><\/em><em>,&nbsp;<\/em>un concerto dal vivo studiato ad hoc per far riaffiorare bei ricordi e portare buonumore a un pubblico cos\u00ec speciale.<em><\/em><\/p>\n\n\n\n<p>Il \u201cToni Tarantino Trio\u201d, infatti, porter\u00e0 sul palco il meglio dello swing italiano degli anni d\u2019oro: con un sound vivace e coinvolgente, il trio accompagner\u00e0 gli ospiti in un viaggio musicale nel tempo, riportando in auge le melodie e i ritmi che hanno fatto cantare e ballare intere generazioni.<\/p>\n\n\n\n<p><em>Jazz for Senior<\/em>&nbsp;rappresenta una sorta di \u201cnumero zero\u201d di un percorso che Lampus intende portare avanti parallelamente alla sua attivit\u00e0 concertistica ordinaria mettendo a frutto un altro aspetto del Jazz: quello dello della sua capacit\u00e0 terapeutiche.<\/p>\n\n\n\n<p>La Musicoterapia in campo medico \u00e8 ormai nota e poggia su solide basi&nbsp;scientifiche&nbsp;confortate da&nbsp;rigorosi studi clinici e neuroscientifici&nbsp;e&nbsp;il Jazz si \u00e8 rivelato&nbsp;un genere&nbsp;particolarmente&nbsp;efficace nella sfera della medicina preventiva, ma anche e soprattutto in&nbsp;diversi&nbsp;ambiti clinici e riabilitativi, compreso quello geriatrico.&nbsp; &nbsp; &nbsp; &nbsp; &nbsp; &nbsp; &nbsp; &nbsp; &nbsp; &nbsp; &nbsp; &nbsp; &nbsp; &nbsp; &nbsp; &nbsp; &nbsp; &nbsp; &nbsp; &nbsp; &nbsp; &nbsp; &nbsp; &nbsp; &nbsp; &nbsp; &nbsp; &nbsp; &nbsp; &nbsp; &nbsp; &nbsp; &nbsp; &nbsp; &nbsp; &nbsp; &nbsp; &nbsp; &nbsp; &nbsp; &nbsp; &nbsp; &nbsp; &nbsp; &nbsp; &nbsp; &nbsp; &nbsp; &nbsp; &nbsp; &nbsp; &nbsp; &nbsp; &nbsp; &nbsp; &nbsp; &nbsp; &nbsp; &nbsp; &nbsp;&nbsp;<\/p>\n\n\n\n<p>La scaletta&nbsp;del concerto&nbsp;del 30 aprile di&nbsp;<em>Jazz for Senior<\/em>&nbsp;\u00e8 stata&nbsp;studiata&nbsp;ad hoc per far riaffiorare bei ricordi e portare buonumore a un pubblico cos\u00ec speciale.<\/p>\n\n\n\n<p>Infatti, il&nbsp;Toni Tarantino Trio&nbsp;porter\u00e0 sul palco il meglio dello swing italiano degli anni d\u2019oro: con un sound vivace e coinvolgente, il trio accompagner\u00e0 gli ospiti in un viaggio musicale nel tempo attraverso le melodie e i ritmi che hanno fatto cantare e ballare le generazioni&nbsp;a cui appartengono la maggior parte degli&nbsp;ospiti della residenza.<\/p>\n\n\n\n<p>Al fianco del pianista e cantante Toni Tarantino, saranno sul palco Michele Colaci al contrabbasso e Antonio De Donno alla batteria.<\/p>\n\n\n\n<p><strong>Inizio concerto alle 10.00 &#8211; partecipazione riservata agli ospiti della Residenza.<\/strong><\/p>\n\n\n\n<p><\/p>\n<fb:like href='https:\/\/www.leccecronaca.it\/index.php\/2024\/04\/18\/a-qualcuno-piace-caldo-a-paolo-insalata-piace-doppio-appuntamenti-ad-alessano-venerdi-26-e-a-gagliano-del-capo-martedi-30-aprile\/' send='true' layout='button_count' show_faces='true' width='450' height='65' action='recommend' colorscheme='light' font='lucida grande'><\/fb:like><span class=\"fb_share\"><fb:like href=\"https:\/\/www.leccecronaca.it\/index.php\/2024\/04\/18\/a-qualcuno-piace-caldo-a-paolo-insalata-piace-doppio-appuntamenti-ad-alessano-venerdi-26-e-a-gagliano-del-capo-martedi-30-aprile\/\" layout=\"button_count\"><\/fb:like><\/span>","protected":false},"excerpt":{"rendered":"<p>APPUNTAMENTI AD ALESSANO VENERDI\u2019&nbsp;26 E A GAGLIANO DEL CAPO MARTEDI\u2019&nbsp;30 APRILE (Rdl) _______&nbsp;&nbsp;Il Jazz che sorprende. Doppio appuntamento di Lampus&nbsp;per celebrare&nbsp;la&nbsp;Giornata Internazionale del Jazz &#8211; UNESCO. Il prossimo&nbsp;30 aprile&nbsp;sar\u00e0 celebrata la&nbsp;Giornata Internazionale del Jazz \u2013 UNESCO.&nbsp; L\u2019edizione 2024 vedr\u00e0&nbsp;coinvolti&nbsp;190 Paesi&nbsp;impegnati a divulgare il valore unificante del Jazz attraverso migliaia di appuntamenti.&nbsp; L\u2019UNESCO definisce il Jazz&nbsp;\u00abuno [&hellip;]<\/p>\n","protected":false},"author":4,"featured_media":228761,"comment_status":"open","ping_status":"closed","sticky":false,"template":"","format":"standard","meta":[],"categories":[1,31,75],"tags":[],"_links":{"self":[{"href":"https:\/\/www.leccecronaca.it\/index.php\/wp-json\/wp\/v2\/posts\/228755"}],"collection":[{"href":"https:\/\/www.leccecronaca.it\/index.php\/wp-json\/wp\/v2\/posts"}],"about":[{"href":"https:\/\/www.leccecronaca.it\/index.php\/wp-json\/wp\/v2\/types\/post"}],"author":[{"embeddable":true,"href":"https:\/\/www.leccecronaca.it\/index.php\/wp-json\/wp\/v2\/users\/4"}],"replies":[{"embeddable":true,"href":"https:\/\/www.leccecronaca.it\/index.php\/wp-json\/wp\/v2\/comments?post=228755"}],"version-history":[{"count":4,"href":"https:\/\/www.leccecronaca.it\/index.php\/wp-json\/wp\/v2\/posts\/228755\/revisions"}],"predecessor-version":[{"id":229098,"href":"https:\/\/www.leccecronaca.it\/index.php\/wp-json\/wp\/v2\/posts\/228755\/revisions\/229098"}],"wp:featuredmedia":[{"embeddable":true,"href":"https:\/\/www.leccecronaca.it\/index.php\/wp-json\/wp\/v2\/media\/228761"}],"wp:attachment":[{"href":"https:\/\/www.leccecronaca.it\/index.php\/wp-json\/wp\/v2\/media?parent=228755"}],"wp:term":[{"taxonomy":"category","embeddable":true,"href":"https:\/\/www.leccecronaca.it\/index.php\/wp-json\/wp\/v2\/categories?post=228755"},{"taxonomy":"post_tag","embeddable":true,"href":"https:\/\/www.leccecronaca.it\/index.php\/wp-json\/wp\/v2\/tags?post=228755"}],"curies":[{"name":"wp","href":"https:\/\/api.w.org\/{rel}","templated":true}]}}