{"id":228766,"date":"2024-04-18T14:45:04","date_gmt":"2024-04-18T12:45:04","guid":{"rendered":"https:\/\/www.leccecronaca.it\/?p=228766"},"modified":"2024-04-18T14:51:28","modified_gmt":"2024-04-18T12:51:28","slug":"appuntamento-con-la-poesia-dialettale-di-giuseppe-greco-a-parabita-sabato-20","status":"publish","type":"post","link":"https:\/\/www.leccecronaca.it\/index.php\/2024\/04\/18\/appuntamento-con-la-poesia-dialettale-di-giuseppe-greco-a-parabita-sabato-20\/","title":{"rendered":"\u201cTo&#8217; francate t&#8217;amore\u201d: APPUNTAMENTO CON LA POESIA DIALETTALE DI GIUSEPPE GRECO A PARABITA SABATO 20"},"content":{"rendered":"\n<p><img decoding=\"async\" loading=\"lazy\" width=\"1424\" height=\"1440\" class=\"wp-image-228767\" style=\"width: 1500px;\" src=\"https:\/\/www.leccecronaca.it\/wordpress\/wp-content\/uploads\/2024\/04\/ba-1.jpg\" alt=\"\" srcset=\"https:\/\/www.leccecronaca.it\/wordpress\/wp-content\/uploads\/2024\/04\/ba-1.jpg 1424w, https:\/\/www.leccecronaca.it\/wordpress\/wp-content\/uploads\/2024\/04\/ba-1-297x300.jpg 297w, https:\/\/www.leccecronaca.it\/wordpress\/wp-content\/uploads\/2024\/04\/ba-1-1013x1024.jpg 1013w, https:\/\/www.leccecronaca.it\/wordpress\/wp-content\/uploads\/2024\/04\/ba-1-768x777.jpg 768w, https:\/\/www.leccecronaca.it\/wordpress\/wp-content\/uploads\/2024\/04\/ba-1-60x60.jpg 60w\" sizes=\"(max-width: 1424px) 100vw, 1424px\" \/><\/p>\n\n\n\n<p>di <strong>Raffaele Polo<\/strong>\u00a0_______\u00a0 Si presenta sabato 20 aprile al Teatro Carducci di Parabita, in via San Giovanni Battista 21, dalle ore 18,30, la raccolta di poesie di <strong>Giuseppe Greco<\/strong>  (nella foto) dal titolo <em><strong>\u201cTo&#8217; francate t&#8217;amore\u201d<\/strong><\/em> (Il Raggio Verde, 115 pagine, euro 15) con la specifica in risalto di &#8216;poisie- dialetto di Parabita&#8217;.\u00a0<\/p>\n\n\n\n<p><\/p>\n\n\n\n<p>Ai saluti istituzionali del Sindaco Stefano Prete, il dialogo con l&#8217;autore \u00e8 affidato a Raffaele Polo che, nella prefazione del libro, cos\u00ec scrive:<\/p>\n\n\n\n<p><\/p>\n\n\n\n<p> \u201cL&#8217;abbiamo conosciuto come Josep Amaz Greco, era un pittore che arricchiva con schizzi e tele la sua voglia di esprimere e confermare l&#8217;amore per il proprio territorio (la vasta zona di Parabita e dintorni) senza peraltro rinunciare al sincero afflato religioso che lo ha sempre accompagnato. Adesso, ritroviamo con piacere Greco, ritornato Giuseppe o Pippi, che ci offre una raccolta molto ben gestita dei suoi versi, impaginati con accurata meticolosit\u00e0, con l&#8217;indicazione di data e ora della composizione&#8230;<\/p>\n\n\n\n<p>Del resto, Giuseppe \u00e8 proprio cos\u00ec, meticoloso e irruento, ma dotato di un innato talento arricchito da un gusto per i &#8216;voli pindarici&#8217; che sovente fanno dei propri versi un labirinto dal quale \u00e8 difficile districarsi.&nbsp;<\/p>\n\n\n\n<p>E se il primo \u00e8 un accorato rivivere la Passione di Cristo, calandola nella realt\u00e0 universale del nostro tempo, con &#8216;Lu scartocciu&#8217; torniamo a quell&#8217;idea portante, che d\u00e0 il titolo al libro, e ci offre &#8216;To&#8217; francate te poisie&#8217;, con sottotitolo esplicativo &#8216;A luna jeu tie l&#8217;addhri e lle cose&#8217;. Pare proprio l&#8217;ingenua, amorevole offerta che si fa ai bambini, offrendo dolci di tutti i tipi, alla rinfusa. Ma, assieme al dolce, in Greco c&#8217;\u00e8 l&#8217;amaro, tanto amaro, stemperato in una vena nostalgica e in una ricerca costante di ambientare i propri pensieri, i moti dell&#8217;animo nel paesaggio che ci circonda, un paesaggio senta tempo e confini, che fa emergere il sentimento che \u00e8 al fondamento della poetica di Pippi.<\/p>\n\n\n\n<p><em>Quanta musica se pitta te &#8216;llecria\/ &#8216;a nive\/ se nzura a lli canti te la luna\/ e cquantu &#8216;ndoru te tumu nc&#8217;ete all&#8217;aria.<\/em><\/p>\n\n\n\n<p>Greco, insomma, dipinge coi versi, non lesina immagini e colori, utilizza il dialetto salentino con sapienza, indicando al lettore, con dovizia di accenti e spiriti, quando la parola rivesta drammaticit\u00e0 o speranza&#8230; Non \u00e8 da poco, i risultati confermano l&#8217;ottima intuizione del Poeta e il suo procedere si fa sempre apprezzare, costringendo talvolta a ripercorrere le sue immagini, le sue parole, per comprenderle ancora meglio.<\/p>\n\n\n\n<p>I temi, naturalmente, sono tantissimi, E il &#8216;sociale&#8217; \u00e8 squisitamente diluito con la nostalgia per il passato e l&#8217;attesa per il futuro, mescolando l&#8217;Amore universale con l&#8217;amore di tutti i giorni, senza creare difficolt\u00e0 o separazioni, ma confidando in una Natura che ci guarda, attonita, e ci riempie di Bellezza che non sappiamo vedere e apprezzare.<\/p>\n\n\n\n<p>Jose Amaz e Giuseppe, allora, si ricompongono in un tutt&#8217;uno, e ci offrono immagini curate con i colori della Poesia, gestiti efficacemente come e meglio che su una tela.\u201d<\/p>\n\n\n\n<p><img decoding=\"async\" loading=\"lazy\" width=\"1204\" height=\"1450\" class=\"wp-image-228768\" style=\"width: 1200px;\" src=\"https:\/\/www.leccecronaca.it\/wordpress\/wp-content\/uploads\/2024\/04\/1713437522111tofra-1.jpg\" alt=\"\" srcset=\"https:\/\/www.leccecronaca.it\/wordpress\/wp-content\/uploads\/2024\/04\/1713437522111tofra-1.jpg 1204w, https:\/\/www.leccecronaca.it\/wordpress\/wp-content\/uploads\/2024\/04\/1713437522111tofra-1-249x300.jpg 249w, https:\/\/www.leccecronaca.it\/wordpress\/wp-content\/uploads\/2024\/04\/1713437522111tofra-1-850x1024.jpg 850w, https:\/\/www.leccecronaca.it\/wordpress\/wp-content\/uploads\/2024\/04\/1713437522111tofra-1-768x925.jpg 768w\" sizes=\"(max-width: 1204px) 100vw, 1204px\" \/><\/p>\n<fb:like href='https:\/\/www.leccecronaca.it\/index.php\/2024\/04\/18\/appuntamento-con-la-poesia-dialettale-di-giuseppe-greco-a-parabita-sabato-20\/' send='true' layout='button_count' show_faces='true' width='450' height='65' action='recommend' colorscheme='light' font='lucida grande'><\/fb:like><span class=\"fb_share\"><fb:like href=\"https:\/\/www.leccecronaca.it\/index.php\/2024\/04\/18\/appuntamento-con-la-poesia-dialettale-di-giuseppe-greco-a-parabita-sabato-20\/\" layout=\"button_count\"><\/fb:like><\/span>","protected":false},"excerpt":{"rendered":"<p>di Raffaele Polo\u00a0_______\u00a0 Si presenta sabato 20 aprile al Teatro Carducci di Parabita, in via San Giovanni Battista 21, dalle ore 18,30, la raccolta di poesie di Giuseppe Greco (nella foto) dal titolo \u201cTo&#8217; francate t&#8217;amore\u201d (Il Raggio Verde, 115 pagine, euro 15) con la specifica in risalto di &#8216;poisie- dialetto di Parabita&#8217;.\u00a0 Ai saluti [&hellip;]<\/p>\n","protected":false},"author":4,"featured_media":228767,"comment_status":"open","ping_status":"closed","sticky":false,"template":"","format":"standard","meta":[],"categories":[31,57],"tags":[],"_links":{"self":[{"href":"https:\/\/www.leccecronaca.it\/index.php\/wp-json\/wp\/v2\/posts\/228766"}],"collection":[{"href":"https:\/\/www.leccecronaca.it\/index.php\/wp-json\/wp\/v2\/posts"}],"about":[{"href":"https:\/\/www.leccecronaca.it\/index.php\/wp-json\/wp\/v2\/types\/post"}],"author":[{"embeddable":true,"href":"https:\/\/www.leccecronaca.it\/index.php\/wp-json\/wp\/v2\/users\/4"}],"replies":[{"embeddable":true,"href":"https:\/\/www.leccecronaca.it\/index.php\/wp-json\/wp\/v2\/comments?post=228766"}],"version-history":[{"count":2,"href":"https:\/\/www.leccecronaca.it\/index.php\/wp-json\/wp\/v2\/posts\/228766\/revisions"}],"predecessor-version":[{"id":228771,"href":"https:\/\/www.leccecronaca.it\/index.php\/wp-json\/wp\/v2\/posts\/228766\/revisions\/228771"}],"wp:featuredmedia":[{"embeddable":true,"href":"https:\/\/www.leccecronaca.it\/index.php\/wp-json\/wp\/v2\/media\/228767"}],"wp:attachment":[{"href":"https:\/\/www.leccecronaca.it\/index.php\/wp-json\/wp\/v2\/media?parent=228766"}],"wp:term":[{"taxonomy":"category","embeddable":true,"href":"https:\/\/www.leccecronaca.it\/index.php\/wp-json\/wp\/v2\/categories?post=228766"},{"taxonomy":"post_tag","embeddable":true,"href":"https:\/\/www.leccecronaca.it\/index.php\/wp-json\/wp\/v2\/tags?post=228766"}],"curies":[{"name":"wp","href":"https:\/\/api.w.org\/{rel}","templated":true}]}}