{"id":228772,"date":"2024-04-18T15:22:02","date_gmt":"2024-04-18T13:22:02","guid":{"rendered":"https:\/\/www.leccecronaca.it\/?p=228772"},"modified":"2024-04-18T15:22:29","modified_gmt":"2024-04-18T13:22:29","slug":"prosegue-con-un-tavolo-tematico-sulla-mobilita-la-campagna-elettorale-di-siculella-lui-va-veloce","status":"publish","type":"post","link":"https:\/\/www.leccecronaca.it\/index.php\/2024\/04\/18\/prosegue-con-un-tavolo-tematico-sulla-mobilita-la-campagna-elettorale-di-siculella-lui-va-veloce\/","title":{"rendered":"PROSEGUE CON UN TAVOLO TEMATICO SULLA  MOBILITA\u2019\u00a0LA CAMPAGNA ELETTORALE DI SICULELLA. LUI VA VELOCE"},"content":{"rendered":"\n<pre class=\"wp-block-preformatted\"><img decoding=\"async\" loading=\"lazy\" width=\"1536\" height=\"2048\" class=\"wp-image-228773\" style=\"width: 1509px;\" src=\"https:\/\/www.leccecronaca.it\/wordpress\/wp-content\/uploads\/2024\/04\/image1.jpeg\" alt=\"\" srcset=\"https:\/\/www.leccecronaca.it\/wordpress\/wp-content\/uploads\/2024\/04\/image1.jpeg 1536w, https:\/\/www.leccecronaca.it\/wordpress\/wp-content\/uploads\/2024\/04\/image1-225x300.jpeg 225w, https:\/\/www.leccecronaca.it\/wordpress\/wp-content\/uploads\/2024\/04\/image1-768x1024.jpeg 768w, https:\/\/www.leccecronaca.it\/wordpress\/wp-content\/uploads\/2024\/04\/image1-1152x1536.jpeg 1152w\" sizes=\"(max-width: 1536px) 100vw, 1536px\" \/>\n\nRiceviamo e volentieri pubblichiamo.\u00a0 _______\u00a0\u00a0\n\nAltro giro altra corsa. Tavoli tematici: Siculella presenta il programma su mobilit\u00e0 e urbanistica.\n\n\u201cFilobus contro ciclabili, automobilisti contro ciclisti, citt\u00e0 30 contro \u201ccitt\u00e0 100\u201d, questo modo di dibattere non ci appartiene.\u201d\n\nAlberto Siculella, candidato sindaco civico continua la sua campagna elettorale con tavoli tematici in cui viene presentato il programma per la citt\u00e0. \n\n\u201cSiamo per una mobilit\u00e0 intelligente, contrari a soluzioni massimaliste. Le valutazioni devono avere carattere tecnico e riscontri pratici, invece il dibattito \u00e8 totalmente ideologico e si vedono gli effetti\u201d \nCos\u00ec Siculella, che insiste su uno dei temi pi\u00f9 caldi della campagna elettorale.\n\n\u201cSiamo gli unici ad aver iniziato la campagna elettorale sulla base di un programma condiviso, partecipato e pubblico. Presentiamo alla cittadinanza delle proposte concrete e le discutiamo ogni venerd\u00ec dalle 18:30 alle 20 presso il comitato di Via Costadura 30. Questo \u00e8 il nostro modo di fare politica, questo \u00e8 il nostro metodo di renderla partecipata, lontano da semplici dicotomie propagandistiche e slogan massimalisti\u201d.\u00a0\n<img decoding=\"async\" loading=\"lazy\" width=\"1170\" height=\"980\" class=\"wp-image-228774\" style=\"width: 2500px;\" src=\"https:\/\/www.leccecronaca.it\/wordpress\/wp-content\/uploads\/2024\/04\/image0-2.jpeg\" alt=\"\" srcset=\"https:\/\/www.leccecronaca.it\/wordpress\/wp-content\/uploads\/2024\/04\/image0-2.jpeg 1170w, https:\/\/www.leccecronaca.it\/wordpress\/wp-content\/uploads\/2024\/04\/image0-2-300x251.jpeg 300w, https:\/\/www.leccecronaca.it\/wordpress\/wp-content\/uploads\/2024\/04\/image0-2-1024x858.jpeg 1024w, https:\/\/www.leccecronaca.it\/wordpress\/wp-content\/uploads\/2024\/04\/image0-2-768x643.jpeg 768w\" sizes=\"(max-width: 1170px) 100vw, 1170px\" \/>\u00a0\u00a0<\/pre>\n<fb:like href='https:\/\/www.leccecronaca.it\/index.php\/2024\/04\/18\/prosegue-con-un-tavolo-tematico-sulla-mobilita-la-campagna-elettorale-di-siculella-lui-va-veloce\/' send='true' layout='button_count' show_faces='true' width='450' height='65' action='recommend' colorscheme='light' font='lucida grande'><\/fb:like><span class=\"fb_share\"><fb:like href=\"https:\/\/www.leccecronaca.it\/index.php\/2024\/04\/18\/prosegue-con-un-tavolo-tematico-sulla-mobilita-la-campagna-elettorale-di-siculella-lui-va-veloce\/\" layout=\"button_count\"><\/fb:like><\/span>","protected":false},"excerpt":{"rendered":"<p>Riceviamo e volentieri pubblichiamo.\u00a0 _______\u00a0\u00a0 Altro giro altra corsa. Tavoli tematici: Siculella presenta il programma su mobilit\u00e0 e urbanistica. \u201cFilobus contro ciclabili, automobilisti contro ciclisti, citt\u00e0 30 contro \u201ccitt\u00e0 100\u201d, questo modo di dibattere non ci appartiene.\u201d Alberto Siculella, candidato sindaco civico continua la sua campagna elettorale con tavoli tematici in cui viene presentato il [&hellip;]<\/p>\n","protected":false},"author":4,"featured_media":228773,"comment_status":"open","ping_status":"closed","sticky":false,"template":"","format":"standard","meta":[],"categories":[1,69,76,36],"tags":[],"_links":{"self":[{"href":"https:\/\/www.leccecronaca.it\/index.php\/wp-json\/wp\/v2\/posts\/228772"}],"collection":[{"href":"https:\/\/www.leccecronaca.it\/index.php\/wp-json\/wp\/v2\/posts"}],"about":[{"href":"https:\/\/www.leccecronaca.it\/index.php\/wp-json\/wp\/v2\/types\/post"}],"author":[{"embeddable":true,"href":"https:\/\/www.leccecronaca.it\/index.php\/wp-json\/wp\/v2\/users\/4"}],"replies":[{"embeddable":true,"href":"https:\/\/www.leccecronaca.it\/index.php\/wp-json\/wp\/v2\/comments?post=228772"}],"version-history":[{"count":1,"href":"https:\/\/www.leccecronaca.it\/index.php\/wp-json\/wp\/v2\/posts\/228772\/revisions"}],"predecessor-version":[{"id":228775,"href":"https:\/\/www.leccecronaca.it\/index.php\/wp-json\/wp\/v2\/posts\/228772\/revisions\/228775"}],"wp:featuredmedia":[{"embeddable":true,"href":"https:\/\/www.leccecronaca.it\/index.php\/wp-json\/wp\/v2\/media\/228773"}],"wp:attachment":[{"href":"https:\/\/www.leccecronaca.it\/index.php\/wp-json\/wp\/v2\/media?parent=228772"}],"wp:term":[{"taxonomy":"category","embeddable":true,"href":"https:\/\/www.leccecronaca.it\/index.php\/wp-json\/wp\/v2\/categories?post=228772"},{"taxonomy":"post_tag","embeddable":true,"href":"https:\/\/www.leccecronaca.it\/index.php\/wp-json\/wp\/v2\/tags?post=228772"}],"curies":[{"name":"wp","href":"https:\/\/api.w.org\/{rel}","templated":true}]}}