{"id":228793,"date":"2024-04-19T14:01:37","date_gmt":"2024-04-19T12:01:37","guid":{"rendered":"https:\/\/www.leccecronaca.it\/?p=228793"},"modified":"2024-04-19T14:01:39","modified_gmt":"2024-04-19T12:01:39","slug":"leuroparlamentare-chiara-gemma-invita-al-suo-talk-show-con-adriana-poli-bortone-a-calimera-domenica-21","status":"publish","type":"post","link":"https:\/\/www.leccecronaca.it\/index.php\/2024\/04\/19\/leuroparlamentare-chiara-gemma-invita-al-suo-talk-show-con-adriana-poli-bortone-a-calimera-domenica-21\/","title":{"rendered":"L\u2019EUROPARLAMENTARE CHIARA GEMMA INVITA AL SUO TALK SHOW CON ADRIANA POLI BORTONE A CALIMERA DOMENICA 21"},"content":{"rendered":"\n<p><img decoding=\"async\" loading=\"lazy\" width=\"1600\" height=\"1066\" class=\"wp-image-228794\" style=\"width: 1500px;\" src=\"https:\/\/www.leccecronaca.it\/wordpress\/wp-content\/uploads\/2024\/04\/Chiara-Gemma-3.jpg\" alt=\"\" srcset=\"https:\/\/www.leccecronaca.it\/wordpress\/wp-content\/uploads\/2024\/04\/Chiara-Gemma-3.jpg 1600w, https:\/\/www.leccecronaca.it\/wordpress\/wp-content\/uploads\/2024\/04\/Chiara-Gemma-3-300x200.jpg 300w, https:\/\/www.leccecronaca.it\/wordpress\/wp-content\/uploads\/2024\/04\/Chiara-Gemma-3-1024x682.jpg 1024w, https:\/\/www.leccecronaca.it\/wordpress\/wp-content\/uploads\/2024\/04\/Chiara-Gemma-3-768x512.jpg 768w, https:\/\/www.leccecronaca.it\/wordpress\/wp-content\/uploads\/2024\/04\/Chiara-Gemma-3-1536x1023.jpg 1536w\" sizes=\"(max-width: 1600px) 100vw, 1600px\" \/><\/p>\n\n\n\n<p>Riceviamo e volentieri pubblichiamo.\u00a0 _______\u00a0\u00a0\u00a0<\/p>\n\n\n\n<p>Adriana Poli Bortone insieme all\u2019europarlamentare di Fdi \u2013 Ecr Chiara Gemma per l\u2019incontro conclusivo de \u201cLa persona al centro\u201d, il ciclo di incontri che in questi mesi hanno portato in diverse location salentine tematiche di stretta attualit\u00e0 che hanno messo la persona al centro. <\/p>\n\n\n\n<p>L\u2019ultimo incontro si terr\u00e0 domenica 21 aprile, alle ore 11.30, nella splendida Masseria San Biagio di Calimera. L\u2019europarlamentare si interfaccer\u00e0 con le &#8220;Voci&#8221; della Comunit\u00e0. Il talk nasce infatti con l&#8217;intento di approfondire delle tematiche sociali di stretta attualit\u00e0 sul territorio, in un confronto continuo con professionisti del settore e testimonianze dirette.<\/p>\n\n\n\n<p>Sar\u00e0 una grande festa, come sempre organizzata nei minimi particolari dalla MV&amp;Partners con la collaborazione di Tina Romano Stilista di Eventi, accompagnata dalla voce narrante della giornalista Barbara Politi, che ha moderato tutti gli incontri della rassegna. Interverr\u00e0, nel corso dell\u2019evento, anche la senatrice Adriana Poli Bortone. L\u2019intrattenimento sar\u00e0 a cura di Stefano Giovannico Dj, Domenico Zezza e una ballerina di pizzica salentina.<\/p>\n<fb:like href='https:\/\/www.leccecronaca.it\/index.php\/2024\/04\/19\/leuroparlamentare-chiara-gemma-invita-al-suo-talk-show-con-adriana-poli-bortone-a-calimera-domenica-21\/' send='true' layout='button_count' show_faces='true' width='450' height='65' action='recommend' colorscheme='light' font='lucida grande'><\/fb:like><span class=\"fb_share\"><fb:like href=\"https:\/\/www.leccecronaca.it\/index.php\/2024\/04\/19\/leuroparlamentare-chiara-gemma-invita-al-suo-talk-show-con-adriana-poli-bortone-a-calimera-domenica-21\/\" layout=\"button_count\"><\/fb:like><\/span>","protected":false},"excerpt":{"rendered":"<p>Riceviamo e volentieri pubblichiamo.\u00a0 _______\u00a0\u00a0\u00a0 Adriana Poli Bortone insieme all\u2019europarlamentare di Fdi \u2013 Ecr Chiara Gemma per l\u2019incontro conclusivo de \u201cLa persona al centro\u201d, il ciclo di incontri che in questi mesi hanno portato in diverse location salentine tematiche di stretta attualit\u00e0 che hanno messo la persona al centro. L\u2019ultimo incontro si terr\u00e0 domenica 21 [&hellip;]<\/p>\n","protected":false},"author":4,"featured_media":228794,"comment_status":"open","ping_status":"closed","sticky":false,"template":"","format":"standard","meta":[],"categories":[76,36],"tags":[],"_links":{"self":[{"href":"https:\/\/www.leccecronaca.it\/index.php\/wp-json\/wp\/v2\/posts\/228793"}],"collection":[{"href":"https:\/\/www.leccecronaca.it\/index.php\/wp-json\/wp\/v2\/posts"}],"about":[{"href":"https:\/\/www.leccecronaca.it\/index.php\/wp-json\/wp\/v2\/types\/post"}],"author":[{"embeddable":true,"href":"https:\/\/www.leccecronaca.it\/index.php\/wp-json\/wp\/v2\/users\/4"}],"replies":[{"embeddable":true,"href":"https:\/\/www.leccecronaca.it\/index.php\/wp-json\/wp\/v2\/comments?post=228793"}],"version-history":[{"count":1,"href":"https:\/\/www.leccecronaca.it\/index.php\/wp-json\/wp\/v2\/posts\/228793\/revisions"}],"predecessor-version":[{"id":228795,"href":"https:\/\/www.leccecronaca.it\/index.php\/wp-json\/wp\/v2\/posts\/228793\/revisions\/228795"}],"wp:featuredmedia":[{"embeddable":true,"href":"https:\/\/www.leccecronaca.it\/index.php\/wp-json\/wp\/v2\/media\/228794"}],"wp:attachment":[{"href":"https:\/\/www.leccecronaca.it\/index.php\/wp-json\/wp\/v2\/media?parent=228793"}],"wp:term":[{"taxonomy":"category","embeddable":true,"href":"https:\/\/www.leccecronaca.it\/index.php\/wp-json\/wp\/v2\/categories?post=228793"},{"taxonomy":"post_tag","embeddable":true,"href":"https:\/\/www.leccecronaca.it\/index.php\/wp-json\/wp\/v2\/tags?post=228793"}],"curies":[{"name":"wp","href":"https:\/\/api.w.org\/{rel}","templated":true}]}}