{"id":229236,"date":"2024-05-03T14:38:40","date_gmt":"2024-05-03T12:38:40","guid":{"rendered":"https:\/\/www.leccecronaca.it\/?p=229236"},"modified":"2024-05-03T14:42:19","modified_gmt":"2024-05-03T12:42:19","slug":"novita-editoriali-esce-carezze-di-perdono-raccolta-di-poesie-di-giseppe-zilli","status":"publish","type":"post","link":"https:\/\/www.leccecronaca.it\/index.php\/2024\/05\/03\/novita-editoriali-esce-carezze-di-perdono-raccolta-di-poesie-di-giseppe-zilli\/","title":{"rendered":"NOVITA\u2019\u00a0EDITORIALI \/\u00a0ESCE \u201cCarezze di perdono\u201d, POESIE DI GIUSEPPE ZILLI"},"content":{"rendered":"\n<p><img decoding=\"async\" loading=\"lazy\" width=\"813\" height=\"813\" class=\"wp-image-229237\" style=\"width: 2500px;\" src=\"https:\/\/www.leccecronaca.it\/wordpress\/wp-content\/uploads\/2024\/05\/12115590_10206493061436901_6382335008053166848_n.jpg\" alt=\"\" srcset=\"https:\/\/www.leccecronaca.it\/wordpress\/wp-content\/uploads\/2024\/05\/12115590_10206493061436901_6382335008053166848_n.jpg 813w, https:\/\/www.leccecronaca.it\/wordpress\/wp-content\/uploads\/2024\/05\/12115590_10206493061436901_6382335008053166848_n-300x300.jpg 300w, https:\/\/www.leccecronaca.it\/wordpress\/wp-content\/uploads\/2024\/05\/12115590_10206493061436901_6382335008053166848_n-150x150.jpg 150w, https:\/\/www.leccecronaca.it\/wordpress\/wp-content\/uploads\/2024\/05\/12115590_10206493061436901_6382335008053166848_n-768x768.jpg 768w, https:\/\/www.leccecronaca.it\/wordpress\/wp-content\/uploads\/2024\/05\/12115590_10206493061436901_6382335008053166848_n-60x60.jpg 60w\" sizes=\"(max-width: 813px) 100vw, 813px\" \/><\/p>\n\n\n\n<p>di<strong> Raffaele Polo <\/strong>\u00a0_______\u00a0<\/p>\n\n\n\n<p><em><strong>\u201cCarezze di perdono\u201d<\/strong><\/em> \u00e8 una raccolta di poesie di <strong>Giuseppe Zilli <\/strong>(Besa,108 pagine, 15 euro) che pu\u00f2 essere letta come grande racconto di un canto laico. <\/p>\n\n\n\n<p>L\u2019esistenza terrena di Ges\u00f9 di Nazareth e quella del suo traditore \u2013 o agnello \u2013 Giuda ci fa formulare alcune domande:\u00a0 \u00e8 Giuda la pi\u00f9 importante delle figure, perch\u00e9 ha permesso la realizzazione delle scritture? Il perdono pu\u00f2 essere esteso a chiunque lo chieda? <\/p>\n\n\n\n<p>Su questi interrogativi, si snoda un percorso poetico articolato, un continuo andare avanti e indietro nel tempo con escursioni nella societ\u00e0 contemporanea.<\/p>\n\n\n\n<p>Come scrive Cosimo Rodia nella sua Prefazione\u00a0 \u00e8 <em>\u201cUn\u2019opera matura che arricchisce di non poco la poesia meridionale, nella quale, pur trattando temi escatologici, manifesta un sud fisico, trasformato in luogo dell\u2019anima\u201d<\/em>.<\/p>\n\n\n\n<p>Giuseppe Zilli \u00e8 un pittore e uno scultore, appassionato di scrittura e di poesia.<\/p>\n\n\n\n<p>Nei suoi paesi natali (San Donato e Galugnano), organizza frequentemente iniziative culturali di ampio respiro. <\/p>\n\n\n\n<p>Le sue poesie sono caratterizzate dalla immediata illuminazione, quasi in una dimensione &#8220;zen&#8221;. \u00c8 per questo che &#8211; a tutta prima &#8211; la scrittura di Giuseppe Zilli sembra assai vicina agli haiku giapponesi, dai quali per\u00f2 si discosta sia per struttura metrica, sia per la filosofia di fondo che in Zilli \u00e8 legata non tanto all&#8217;estasi spirituale quanto al rapporto profondo, quasi carnale e identitario con la terra. <\/p>\n\n\n\n<p>Con la &#8220;sua&#8221; terra (e qui \u00e8 presente senza dubbio la &#8220;salentinit\u00e0&#8221; del Nostro) e il suo &#8220;mestiere&#8221; artistico di scultore che lavora, appunto, con la pietra e col materiale povero, da cui pu\u00f2 venir fuori una nuova vita.<\/p>\n\n\n\n<p><img decoding=\"async\" loading=\"lazy\" width=\"726\" height=\"1181\" class=\"wp-image-229238\" style=\"width: 1200px;\" src=\"https:\/\/www.leccecronaca.it\/wordpress\/wp-content\/uploads\/2024\/05\/unnamed.jpg\" alt=\"\" srcset=\"https:\/\/www.leccecronaca.it\/wordpress\/wp-content\/uploads\/2024\/05\/unnamed.jpg 726w, https:\/\/www.leccecronaca.it\/wordpress\/wp-content\/uploads\/2024\/05\/unnamed-184x300.jpg 184w, https:\/\/www.leccecronaca.it\/wordpress\/wp-content\/uploads\/2024\/05\/unnamed-629x1024.jpg 629w\" sizes=\"(max-width: 726px) 100vw, 726px\" \/><\/p>\n<fb:like href='https:\/\/www.leccecronaca.it\/index.php\/2024\/05\/03\/novita-editoriali-esce-carezze-di-perdono-raccolta-di-poesie-di-giseppe-zilli\/' send='true' layout='button_count' show_faces='true' width='450' height='65' action='recommend' colorscheme='light' font='lucida grande'><\/fb:like><span class=\"fb_share\"><fb:like href=\"https:\/\/www.leccecronaca.it\/index.php\/2024\/05\/03\/novita-editoriali-esce-carezze-di-perdono-raccolta-di-poesie-di-giseppe-zilli\/\" layout=\"button_count\"><\/fb:like><\/span>","protected":false},"excerpt":{"rendered":"<p>di Raffaele Polo \u00a0_______\u00a0 \u201cCarezze di perdono\u201d \u00e8 una raccolta di poesie di Giuseppe Zilli (Besa,108 pagine, 15 euro) che pu\u00f2 essere letta come grande racconto di un canto laico. L\u2019esistenza terrena di Ges\u00f9 di Nazareth e quella del suo traditore \u2013 o agnello \u2013 Giuda ci fa formulare alcune domande:\u00a0 \u00e8 Giuda la pi\u00f9 [&hellip;]<\/p>\n","protected":false},"author":4,"featured_media":229237,"comment_status":"open","ping_status":"closed","sticky":false,"template":"","format":"standard","meta":[],"categories":[31,57],"tags":[],"_links":{"self":[{"href":"https:\/\/www.leccecronaca.it\/index.php\/wp-json\/wp\/v2\/posts\/229236"}],"collection":[{"href":"https:\/\/www.leccecronaca.it\/index.php\/wp-json\/wp\/v2\/posts"}],"about":[{"href":"https:\/\/www.leccecronaca.it\/index.php\/wp-json\/wp\/v2\/types\/post"}],"author":[{"embeddable":true,"href":"https:\/\/www.leccecronaca.it\/index.php\/wp-json\/wp\/v2\/users\/4"}],"replies":[{"embeddable":true,"href":"https:\/\/www.leccecronaca.it\/index.php\/wp-json\/wp\/v2\/comments?post=229236"}],"version-history":[{"count":3,"href":"https:\/\/www.leccecronaca.it\/index.php\/wp-json\/wp\/v2\/posts\/229236\/revisions"}],"predecessor-version":[{"id":229241,"href":"https:\/\/www.leccecronaca.it\/index.php\/wp-json\/wp\/v2\/posts\/229236\/revisions\/229241"}],"wp:featuredmedia":[{"embeddable":true,"href":"https:\/\/www.leccecronaca.it\/index.php\/wp-json\/wp\/v2\/media\/229237"}],"wp:attachment":[{"href":"https:\/\/www.leccecronaca.it\/index.php\/wp-json\/wp\/v2\/media?parent=229236"}],"wp:term":[{"taxonomy":"category","embeddable":true,"href":"https:\/\/www.leccecronaca.it\/index.php\/wp-json\/wp\/v2\/categories?post=229236"},{"taxonomy":"post_tag","embeddable":true,"href":"https:\/\/www.leccecronaca.it\/index.php\/wp-json\/wp\/v2\/tags?post=229236"}],"curies":[{"name":"wp","href":"https:\/\/api.w.org\/{rel}","templated":true}]}}