{"id":230172,"date":"2024-05-30T14:00:00","date_gmt":"2024-05-30T12:00:00","guid":{"rendered":"https:\/\/www.leccecronaca.it\/?p=230172"},"modified":"2024-05-30T14:47:15","modified_gmt":"2024-05-30T12:47:15","slug":"i-mancati-giorni-di-chiara-orlando","status":"publish","type":"post","link":"https:\/\/www.leccecronaca.it\/index.php\/2024\/05\/30\/i-mancati-giorni-di-chiara-orlando\/","title":{"rendered":"I MANCATI GIORNI DI CHIARA ORLANDO"},"content":{"rendered":"\n<p><img decoding=\"async\" loading=\"lazy\" width=\"1237\" height=\"2048\" class=\"wp-image-230173\" style=\"width: 2500px;\" src=\"https:\/\/www.leccecronaca.it\/wordpress\/wp-content\/uploads\/2024\/05\/428155523_1897205444031093_2244582781445083548_n.jpg\" alt=\"\" srcset=\"https:\/\/www.leccecronaca.it\/wordpress\/wp-content\/uploads\/2024\/05\/428155523_1897205444031093_2244582781445083548_n.jpg 1237w, https:\/\/www.leccecronaca.it\/wordpress\/wp-content\/uploads\/2024\/05\/428155523_1897205444031093_2244582781445083548_n-181x300.jpg 181w, https:\/\/www.leccecronaca.it\/wordpress\/wp-content\/uploads\/2024\/05\/428155523_1897205444031093_2244582781445083548_n-619x1024.jpg 619w, https:\/\/www.leccecronaca.it\/wordpress\/wp-content\/uploads\/2024\/05\/428155523_1897205444031093_2244582781445083548_n-768x1272.jpg 768w, https:\/\/www.leccecronaca.it\/wordpress\/wp-content\/uploads\/2024\/05\/428155523_1897205444031093_2244582781445083548_n-928x1536.jpg 928w\" sizes=\"(max-width: 1237px) 100vw, 1237px\" \/><\/p>\n\n\n\n<p>di <strong>Raffaele Polo<\/strong>\u00a0 ______\u00a0\u00a0<\/p>\n\n\n\n<p>Si intitola <em><strong>\u201cSul filo dei pensieri\u201d <\/strong><\/em>il libro di <strong>Chiara Orlando<\/strong> che \u00e8\u00a0presentato a Salve, sala convegni \u201cTabacchine di Salve\u201d\u00a0in via Roma,\u00a0sabato 1 giugno alle 19.30. <\/p>\n\n\n\n<p>Una raccolta fortemente voluta dalla famiglia: la mamma Anna Maria Pepe, che ha curato la pubblicazione edita da Il Raggio Verde, dal pap\u00e0 Vittorio Orlando e dal fratello Francesco con la moglie Ester D\u2019Amico. Intervengono il sindaco di Salve Francesco Villanova\u00a0e\u00a0il vice sindaco Giovanni Lecci. <\/p>\n\n\n\n<p>Sar\u00e0 una serata dedicata a Chiara, alla sua energia positiva con la partecipazione di quanti l\u2019hanno amata e conosciuta, un modo gioioso di ricordare e trasmettere a tutti il suo amore per la vita, il messaggio che in fondo racchiude il senso di questa pubblicazione. <\/p>\n\n\n\n<p>\u00a0<\/p>\n\n\n\n<p>Chiara Orlando nasce a Gagliano del Capo il 5 maggio 1985. <\/p>\n\n\n\n<p>Sin da bambina amava e apprezzava le cose belle che la circondavano, nei suoi disegni e nei suoi scritti lo si comprende con chiarezza. \u00a0<\/p>\n\n\n\n<p>\u201cHo sempre conservato tutto ci\u00f2 che la sua mente creativa e vivace riusciva a produrre: dipinti, sculture testi scritti e disegni\u201d racconta mamma Annamaria, curatrice della pubblicazione che raccoglie alcuni suoi elaborati realizzati prima, durante e dopo la prima fase della malattia, un sarcoma di Ewing diagnosticato nell\u2019estate 1996. Muore a soli 13 anni, nell\u2019ospedale Panico, a Tricase  il 20 luglio 1998. <\/p>\n\n\n\n<p>Ci\u00f2 che emerge dalla lettura di queste sue pagine, profonde e autentiche, \u00e8 un messaggio di forza e di speranza, di entusiasmo e amore per la vita che va vissuta fino all\u2019ultimo minuto. \u00a0<\/p>\n\n\n\n<p>Un libro,\u00a0sottolinea Antonietta Fulvio de Il Raggio Verde \u201c&#8230;che aiuta a far conoscere Chiara sempre fiduciosa anche nei momenti pi\u00f9 bui, solare e positiva, profondamente religiosa e determinata nell\u2019affrontare le cure e la malattia cos\u00ec come lo studio di cui aveva capito l\u2019importanza. Un progetto editoriale che nasce anche con il desiderio di sostenere la ricerca e la prevenzione, una goccia nell\u2019oceano in nome di Chiara.\u201d<\/p>\n\n\n\n<p><\/p>\n\n\n\n<p>Il libro infatti raccoglie nella prime tre sezioni gli elaborati di Chiara quasi scandendo il percorso scolastico che la vede dalle scuole elementari padroneggiare i suoi pensieri, il suo grande desiderio di esprimersi attraverso il disegno, la passione per lo studio mai venuta meno al punto che durante la malattia continua a studiare e in una prima fase in cui la malattia sembrava sconfitta riesce a recuperare l\u2019anno scolastico e a ritrovare in seconda media le sue amiche di sempre. <\/p>\n\n\n\n<p>Poi l\u2019epilogo tristissimo e dolorosissimo che sembra intatto sebbene siano trascorsi venticinque anni dalla sua assenza. <\/p>\n\n\n\n<p>Tantissime le testimonianze raccolte nella quarta sezione del libro:\u00a0dagli insegnanti al personale dell\u2019ospedale Panico Tricase, al Sindaco di Salve Francesco Villanova che scrive: \u00abChiara affronta ogni argomento con una competenza linguistica e culturale disarmante rivelando una profondit\u00e0 emotiva e di pensiero che denota una saggezza e una conoscenza inusuali per una ragazzina. Ed \u00e8 per questo che le opere di Chiara rappresentano una preziosa eredit\u00e0 morale ed artistica, a cui possono attingere sia i suoi coetanei, sia le generazioni pi\u00f9 adulte. <\/p>\n\n\n\n<p>L\u2019amministrazione comunale \u00e8 lieta ed onorata di promuovere e tramandare un talento cos\u00ec poliedrico e significativo come parte integrante della memoria storica e del patrimonio culturale collettivo\u00bb.<\/p>\n\n\n\n<p><\/p>\n\n\n\n<p><img decoding=\"async\" loading=\"lazy\" width=\"549\" height=\"759\" class=\"wp-image-230174\" style=\"width: 800px;\" src=\"https:\/\/www.leccecronaca.it\/wordpress\/wp-content\/uploads\/2024\/05\/piattoCop_chiaraorlando.jpg\" alt=\"\" srcset=\"https:\/\/www.leccecronaca.it\/wordpress\/wp-content\/uploads\/2024\/05\/piattoCop_chiaraorlando.jpg 549w, https:\/\/www.leccecronaca.it\/wordpress\/wp-content\/uploads\/2024\/05\/piattoCop_chiaraorlando-217x300.jpg 217w\" sizes=\"(max-width: 549px) 100vw, 549px\" \/><\/p>\n<fb:like href='https:\/\/www.leccecronaca.it\/index.php\/2024\/05\/30\/i-mancati-giorni-di-chiara-orlando\/' send='true' layout='button_count' show_faces='true' width='450' height='65' action='recommend' colorscheme='light' font='lucida grande'><\/fb:like><span class=\"fb_share\"><fb:like href=\"https:\/\/www.leccecronaca.it\/index.php\/2024\/05\/30\/i-mancati-giorni-di-chiara-orlando\/\" layout=\"button_count\"><\/fb:like><\/span>","protected":false},"excerpt":{"rendered":"<p>di Raffaele Polo\u00a0 ______\u00a0\u00a0 Si intitola \u201cSul filo dei pensieri\u201d il libro di Chiara Orlando che \u00e8\u00a0presentato a Salve, sala convegni \u201cTabacchine di Salve\u201d\u00a0in via Roma,\u00a0sabato 1 giugno alle 19.30. Una raccolta fortemente voluta dalla famiglia: la mamma Anna Maria Pepe, che ha curato la pubblicazione edita da Il Raggio Verde, dal pap\u00e0 Vittorio Orlando [&hellip;]<\/p>\n","protected":false},"author":4,"featured_media":230173,"comment_status":"open","ping_status":"closed","sticky":false,"template":"","format":"standard","meta":[],"categories":[69,75,57],"tags":[],"_links":{"self":[{"href":"https:\/\/www.leccecronaca.it\/index.php\/wp-json\/wp\/v2\/posts\/230172"}],"collection":[{"href":"https:\/\/www.leccecronaca.it\/index.php\/wp-json\/wp\/v2\/posts"}],"about":[{"href":"https:\/\/www.leccecronaca.it\/index.php\/wp-json\/wp\/v2\/types\/post"}],"author":[{"embeddable":true,"href":"https:\/\/www.leccecronaca.it\/index.php\/wp-json\/wp\/v2\/users\/4"}],"replies":[{"embeddable":true,"href":"https:\/\/www.leccecronaca.it\/index.php\/wp-json\/wp\/v2\/comments?post=230172"}],"version-history":[{"count":1,"href":"https:\/\/www.leccecronaca.it\/index.php\/wp-json\/wp\/v2\/posts\/230172\/revisions"}],"predecessor-version":[{"id":230175,"href":"https:\/\/www.leccecronaca.it\/index.php\/wp-json\/wp\/v2\/posts\/230172\/revisions\/230175"}],"wp:featuredmedia":[{"embeddable":true,"href":"https:\/\/www.leccecronaca.it\/index.php\/wp-json\/wp\/v2\/media\/230173"}],"wp:attachment":[{"href":"https:\/\/www.leccecronaca.it\/index.php\/wp-json\/wp\/v2\/media?parent=230172"}],"wp:term":[{"taxonomy":"category","embeddable":true,"href":"https:\/\/www.leccecronaca.it\/index.php\/wp-json\/wp\/v2\/categories?post=230172"},{"taxonomy":"post_tag","embeddable":true,"href":"https:\/\/www.leccecronaca.it\/index.php\/wp-json\/wp\/v2\/tags?post=230172"}],"curies":[{"name":"wp","href":"https:\/\/api.w.org\/{rel}","templated":true}]}}