{"id":230180,"date":"2024-05-30T16:31:34","date_gmt":"2024-05-30T14:31:34","guid":{"rendered":"https:\/\/www.leccecronaca.it\/?p=230180"},"modified":"2024-05-30T16:47:32","modified_gmt":"2024-05-30T14:47:32","slug":"tre-carezze-di-osho-a-papa-francesco","status":"publish","type":"post","link":"https:\/\/www.leccecronaca.it\/index.php\/2024\/05\/30\/tre-carezze-di-osho-a-papa-francesco\/","title":{"rendered":"TRE CAREZZE DI OSHO A SUA SANTITA\u2019\u00a0"},"content":{"rendered":"\n<p><img decoding=\"async\" loading=\"lazy\" width=\"267\" height=\"189\" class=\"wp-image-230184\" style=\"width: 2500px;\" src=\"https:\/\/www.leccecronaca.it\/wordpress\/wp-content\/uploads\/2024\/05\/aas.jpg\" alt=\"\">(g.p.)&nbsp; ______&nbsp; E va beh dai, gli \u00e8 scappata. In fondo, sempre un essere umano \u00e8, e come tale, vive a Roma, e a Roma, l\u2019aggettivo di riferimento quello \u00e8, nel volgar eloquio quotidiano, piaccia o non piaccia.<\/p>\n\n\n\n<p>Poi, povero, si \u00e8 pure scusato, con tanto di comunicato ufficiale diramato dalla Sala Stampa del Vaticano:<\/p>\n\n\n\n<p><em>Il Papa non ha mai inteso offendere o esprimersi in termini omofobi, e rivolge le sue scuse a coloro che si sono sentiti offesi per l\u2019uso di un termine, riferito da altri<\/em>.<\/p>\n\n\n\n<p>Certo, se l\u2019espressione fosse stata adoperata da un\u2026generale, o professore, o impiegato qualunque, egli sarebbe stato immediatamente giudicato e subito condannato dall\u2019ufficio inquisizione del pensiero unico totalitario in servizio permanente effettivo.<\/p>\n\n\n\n<p>Tutto sottratto, a Papa Francesco, gliel\u2019hanno perdonata.<\/p>\n\n\n\n<p>Ma il popolo di internet non perdona. Da due giorni \u00e8 scatenato, a colpi di post, meme, vignette e&nbsp; chi pi\u00f9 ne ha pi\u00f9 ne posti.<\/p>\n\n\n\n<p>Il migliore, nettamente, la classe non \u00e8 acqua, come sempre, in tutte e tre le sue sortite, una spanna sopra le altre, Osho.<\/p>\n\n\n\n<p>Tre carezze, affettuose quanto graffianti, a Sua Santit\u00e0, umano, troppo umano.<\/p>\n\n\n\n<p><img decoding=\"async\" loading=\"lazy\" width=\"583\" height=\"448\" class=\"wp-image-230181\" style=\"width: 1200px;\" src=\"https:\/\/www.leccecronaca.it\/wordpress\/wp-content\/uploads\/2024\/05\/pria.jpg\" alt=\"\" srcset=\"https:\/\/www.leccecronaca.it\/wordpress\/wp-content\/uploads\/2024\/05\/pria.jpg 583w, https:\/\/www.leccecronaca.it\/wordpress\/wp-content\/uploads\/2024\/05\/pria-300x231.jpg 300w\" sizes=\"(max-width: 583px) 100vw, 583px\" \/><\/p>\n\n\n\n<p>______<\/p>\n\n\n\n<p><img decoding=\"async\" loading=\"lazy\" width=\"720\" height=\"521\" class=\"wp-image-230182\" style=\"width: 1200px;\" src=\"https:\/\/www.leccecronaca.it\/wordpress\/wp-content\/uploads\/2024\/05\/de.jpg\" alt=\"\" srcset=\"https:\/\/www.leccecronaca.it\/wordpress\/wp-content\/uploads\/2024\/05\/de.jpg 720w, https:\/\/www.leccecronaca.it\/wordpress\/wp-content\/uploads\/2024\/05\/de-300x217.jpg 300w\" sizes=\"(max-width: 720px) 100vw, 720px\" \/><\/p>\n\n\n\n<p>______<\/p>\n\n\n\n<p><img decoding=\"async\" loading=\"lazy\" width=\"1080\" height=\"720\" class=\"wp-image-230183\" style=\"width: 1200px;\" src=\"https:\/\/www.leccecronaca.it\/wordpress\/wp-content\/uploads\/2024\/05\/tre.jpg\" alt=\"\" srcset=\"https:\/\/www.leccecronaca.it\/wordpress\/wp-content\/uploads\/2024\/05\/tre.jpg 1080w, https:\/\/www.leccecronaca.it\/wordpress\/wp-content\/uploads\/2024\/05\/tre-300x200.jpg 300w, https:\/\/www.leccecronaca.it\/wordpress\/wp-content\/uploads\/2024\/05\/tre-1024x683.jpg 1024w, https:\/\/www.leccecronaca.it\/wordpress\/wp-content\/uploads\/2024\/05\/tre-768x512.jpg 768w\" sizes=\"(max-width: 1080px) 100vw, 1080px\" \/><\/p>\n\n\n\n<p>______<\/p>\n\n\n\n<p>L<a href=\"https:\/\/www.leccecronaca.it\/index.php\/2024\/05\/30\/buongiorno-per-tutto-il-giorno-188\/\">\u2019&nbsp;<\/a>APPROFONDIMENTO nel nostro articolo del 2 maggio scorso<\/p>\n\n\n\n<figure class=\"wp-block-embed is-type-wp-embed is-provider-leccecronaca-it wp-block-embed-leccecronaca-it\"><div class=\"wp-block-embed__wrapper\">\n<blockquote class=\"wp-embedded-content\" data-secret=\"e0NUHNiZ8O\"><a href=\"https:\/\/www.leccecronaca.it\/index.php\/2024\/05\/02\/il-fenomeno-osho\/\">IL FENOMENO OSHO<\/a><\/blockquote><iframe class=\"wp-embedded-content\" sandbox=\"allow-scripts\" security=\"restricted\" style=\"position: absolute; clip: rect(1px, 1px, 1px, 1px);\" title=\"&#8220;IL FENOMENO OSHO&#8221; &#8212; LecceCronaca.it\" src=\"https:\/\/www.leccecronaca.it\/index.php\/2024\/05\/02\/il-fenomeno-osho\/embed\/#?secret=brcWAL7osf#?secret=e0NUHNiZ8O\" data-secret=\"e0NUHNiZ8O\" width=\"500\" height=\"282\" frameborder=\"0\" marginwidth=\"0\" marginheight=\"0\" scrolling=\"no\"><\/iframe>\n<\/div><\/figure>\n<fb:like href='https:\/\/www.leccecronaca.it\/index.php\/2024\/05\/30\/tre-carezze-di-osho-a-papa-francesco\/' send='true' layout='button_count' show_faces='true' width='450' height='65' action='recommend' colorscheme='light' font='lucida grande'><\/fb:like><span class=\"fb_share\"><fb:like href=\"https:\/\/www.leccecronaca.it\/index.php\/2024\/05\/30\/tre-carezze-di-osho-a-papa-francesco\/\" layout=\"button_count\"><\/fb:like><\/span>","protected":false},"excerpt":{"rendered":"<p>(g.p.)&nbsp; ______&nbsp; E va beh dai, gli \u00e8 scappata. In fondo, sempre un essere umano \u00e8, e come tale, vive a Roma, e a Roma, l\u2019aggettivo di riferimento quello \u00e8, nel volgar eloquio quotidiano, piaccia o non piaccia. Poi, povero, si \u00e8 pure scusato, con tanto di comunicato ufficiale diramato dalla Sala Stampa del Vaticano: [&hellip;]<\/p>\n","protected":false},"author":4,"featured_media":230184,"comment_status":"open","ping_status":"closed","sticky":false,"template":"","format":"standard","meta":[],"categories":[1,69,31,47,76],"tags":[],"_links":{"self":[{"href":"https:\/\/www.leccecronaca.it\/index.php\/wp-json\/wp\/v2\/posts\/230180"}],"collection":[{"href":"https:\/\/www.leccecronaca.it\/index.php\/wp-json\/wp\/v2\/posts"}],"about":[{"href":"https:\/\/www.leccecronaca.it\/index.php\/wp-json\/wp\/v2\/types\/post"}],"author":[{"embeddable":true,"href":"https:\/\/www.leccecronaca.it\/index.php\/wp-json\/wp\/v2\/users\/4"}],"replies":[{"embeddable":true,"href":"https:\/\/www.leccecronaca.it\/index.php\/wp-json\/wp\/v2\/comments?post=230180"}],"version-history":[{"count":2,"href":"https:\/\/www.leccecronaca.it\/index.php\/wp-json\/wp\/v2\/posts\/230180\/revisions"}],"predecessor-version":[{"id":230187,"href":"https:\/\/www.leccecronaca.it\/index.php\/wp-json\/wp\/v2\/posts\/230180\/revisions\/230187"}],"wp:featuredmedia":[{"embeddable":true,"href":"https:\/\/www.leccecronaca.it\/index.php\/wp-json\/wp\/v2\/media\/230184"}],"wp:attachment":[{"href":"https:\/\/www.leccecronaca.it\/index.php\/wp-json\/wp\/v2\/media?parent=230180"}],"wp:term":[{"taxonomy":"category","embeddable":true,"href":"https:\/\/www.leccecronaca.it\/index.php\/wp-json\/wp\/v2\/categories?post=230180"},{"taxonomy":"post_tag","embeddable":true,"href":"https:\/\/www.leccecronaca.it\/index.php\/wp-json\/wp\/v2\/tags?post=230180"}],"curies":[{"name":"wp","href":"https:\/\/api.w.org\/{rel}","templated":true}]}}