{"id":230961,"date":"2024-06-24T14:10:58","date_gmt":"2024-06-24T12:10:58","guid":{"rendered":"https:\/\/www.leccecronaca.it\/?p=230961"},"modified":"2024-06-24T14:11:01","modified_gmt":"2024-06-24T12:11:01","slug":"una-strana-visione-nel-cielo","status":"publish","type":"post","link":"https:\/\/www.leccecronaca.it\/index.php\/2024\/06\/24\/una-strana-visione-nel-cielo\/","title":{"rendered":"UNA STRANA VISIONE NEL CIELO"},"content":{"rendered":"\n<p><img decoding=\"async\" loading=\"lazy\" width=\"850\" height=\"560\" class=\"wp-image-230962\" style=\"width: 1500px;\" src=\"https:\/\/www.leccecronaca.it\/wordpress\/wp-content\/uploads\/2024\/06\/IMG_5348-850x560-1.jpeg\" alt=\"\" srcset=\"https:\/\/www.leccecronaca.it\/wordpress\/wp-content\/uploads\/2024\/06\/IMG_5348-850x560-1.jpeg 850w, https:\/\/www.leccecronaca.it\/wordpress\/wp-content\/uploads\/2024\/06\/IMG_5348-850x560-1-300x198.jpeg 300w, https:\/\/www.leccecronaca.it\/wordpress\/wp-content\/uploads\/2024\/06\/IMG_5348-850x560-1-768x506.jpeg 768w\" sizes=\"(max-width: 850px) 100vw, 850px\" \/><\/p>\n\n\n\n<p>(Rdl) ______\u00a0Ieri sera nel cielo del Salento, e, come si \u00e8 appreso poi, di tutto il Sud Italia, sono apparsi una specie di nuvola grigia e a specie di stella splendente, in movimento l\u2019una vicina all\u2019altra.<\/p>\n\n\n\n<p>L\u2019insolito fenomeno \u00e8 durato solo pochi minuti, quanto \u00e8 bastato per\u00f2 per scatenare sui social post con  foto e video con le pi\u00f9 disparate supposizioni.<\/p>\n\n\n\n<p>In realt\u00e0 per conoscere di persona qualche extraterrestre dovremo aspettare ancora.<\/p>\n\n\n\n<p>La duplice visione di ieri sera era legata alla messa in orbita di satelliti destinati a migliorare la diffusione di internet per tutto il pianeta a opera dell\u2019azienda SpaceXi Elon Musk.<\/p>\n\n\n\n<p><\/p>\n<fb:like href='https:\/\/www.leccecronaca.it\/index.php\/2024\/06\/24\/una-strana-visione-nel-cielo\/' send='true' layout='button_count' show_faces='true' width='450' height='65' action='recommend' colorscheme='light' font='lucida grande'><\/fb:like><span class=\"fb_share\"><fb:like href=\"https:\/\/www.leccecronaca.it\/index.php\/2024\/06\/24\/una-strana-visione-nel-cielo\/\" layout=\"button_count\"><\/fb:like><\/span>","protected":false},"excerpt":{"rendered":"<p>(Rdl) ______\u00a0Ieri sera nel cielo del Salento, e, come si \u00e8 appreso poi, di tutto il Sud Italia, sono apparsi una specie di nuvola grigia e a specie di stella splendente, in movimento l\u2019una vicina all\u2019altra. L\u2019insolito fenomeno \u00e8 durato solo pochi minuti, quanto \u00e8 bastato per\u00f2 per scatenare sui social post con foto e [&hellip;]<\/p>\n","protected":false},"author":4,"featured_media":230962,"comment_status":"open","ping_status":"closed","sticky":false,"template":"","format":"standard","meta":[],"categories":[69],"tags":[],"_links":{"self":[{"href":"https:\/\/www.leccecronaca.it\/index.php\/wp-json\/wp\/v2\/posts\/230961"}],"collection":[{"href":"https:\/\/www.leccecronaca.it\/index.php\/wp-json\/wp\/v2\/posts"}],"about":[{"href":"https:\/\/www.leccecronaca.it\/index.php\/wp-json\/wp\/v2\/types\/post"}],"author":[{"embeddable":true,"href":"https:\/\/www.leccecronaca.it\/index.php\/wp-json\/wp\/v2\/users\/4"}],"replies":[{"embeddable":true,"href":"https:\/\/www.leccecronaca.it\/index.php\/wp-json\/wp\/v2\/comments?post=230961"}],"version-history":[{"count":1,"href":"https:\/\/www.leccecronaca.it\/index.php\/wp-json\/wp\/v2\/posts\/230961\/revisions"}],"predecessor-version":[{"id":230963,"href":"https:\/\/www.leccecronaca.it\/index.php\/wp-json\/wp\/v2\/posts\/230961\/revisions\/230963"}],"wp:featuredmedia":[{"embeddable":true,"href":"https:\/\/www.leccecronaca.it\/index.php\/wp-json\/wp\/v2\/media\/230962"}],"wp:attachment":[{"href":"https:\/\/www.leccecronaca.it\/index.php\/wp-json\/wp\/v2\/media?parent=230961"}],"wp:term":[{"taxonomy":"category","embeddable":true,"href":"https:\/\/www.leccecronaca.it\/index.php\/wp-json\/wp\/v2\/categories?post=230961"},{"taxonomy":"post_tag","embeddable":true,"href":"https:\/\/www.leccecronaca.it\/index.php\/wp-json\/wp\/v2\/tags?post=230961"}],"curies":[{"name":"wp","href":"https:\/\/api.w.org\/{rel}","templated":true}]}}