{"id":231002,"date":"2024-06-25T15:38:38","date_gmt":"2024-06-25T13:38:38","guid":{"rendered":"https:\/\/www.leccecronaca.it\/?p=231002"},"modified":"2024-07-09T13:45:36","modified_gmt":"2024-07-09T11:45:36","slug":"xylella-ecco-la-verita","status":"publish","type":"post","link":"https:\/\/www.leccecronaca.it\/index.php\/2024\/06\/25\/xylella-ecco-la-verita\/","title":{"rendered":"XYLELLA, ECCO LA VERITA\u2019"},"content":{"rendered":"\n<p><img decoding=\"async\" loading=\"lazy\" width=\"480\" height=\"360\" class=\"wp-image-231003\" style=\"width: 2500px;\" src=\"https:\/\/www.leccecronaca.it\/wordpress\/wp-content\/uploads\/2024\/06\/hqdefault.jpg\" alt=\"\" srcset=\"https:\/\/www.leccecronaca.it\/wordpress\/wp-content\/uploads\/2024\/06\/hqdefault.jpg 480w, https:\/\/www.leccecronaca.it\/wordpress\/wp-content\/uploads\/2024\/06\/hqdefault-300x225.jpg 300w, https:\/\/www.leccecronaca.it\/wordpress\/wp-content\/uploads\/2024\/06\/hqdefault-400x300.jpg 400w\" sizes=\"(max-width: 480px) 100vw, 480px\" \/><\/p>\n\n\n\n<p>Riceviamo e volentieri pubblichiamo. UliVivo, comitato di cittadini e associazioni in difesa degli Ulivi della Puglia, ci manda il seguente comunicato (nella nostra foto, la professoressa Luziatelli)&nbsp; ______&nbsp;<\/p>\n\n\n\n<p>La XIII Commissione Agricoltura della Camera dei Deputati riprende le audizioni nell\u2019ambito dell\u2019Indagine Conoscitiva sulla presenza della Fastidiosa in Puglia e il 18 giugno ascolta: <\/p>\n\n\n\n<p>Francesca Luziatelli, docente presso l\u2019Universit\u00e0 della Tuscia, <\/p>\n\n\n\n<p>Margherita Ciervo, docente presso l\u2019Universit\u00e0 di Foggia e <\/p>\n\n\n\n<p>Margherita D\u2019Amico, biologa e fitopatologa. <\/p>\n\n\n\n<p><\/p>\n\n\n\n<p>La Prof.ssa Francesca Luziatelli richiama l\u2019attenzione sulla fondamentale importanza della biodiversit\u00e0 dei microrganismi del suolo sulla salute degli oliveti e di come questa in Salento sia stata fortemente ridotta. In definitiva, una pianta che cresce su un suolo sano \u00e8 in grado di difendersi autonomamente anche da Xylella fastidiosa. <\/p>\n\n\n\n<p><\/p>\n\n\n\n<p>La Prof.ssa Margherita Ciervo presenta i risultati della sua ultima ricerca svolta con il Dott. Marco Scortichini del CREA e pubblicata sulla Rivista scientifica internazionale Journal of Phytopathology che, sull\u2019analisi dei dati ufficiali decennali delle indagini di monitoraggio effettuate dalla Regione Puglia, rivelano indiscutibilmente: <\/p>\n\n\n\n<p>a) una bassissima incidenza di olivi positivi a Xylella finanche in \u201carea infetta\u201d (zona contenimento); <\/p>\n\n\n\n<p>b) migliaia di olivi sani abbattuti solo negli ultimi anni, secondo la regola dei \u201c50 metri di raggio\u201d e nonostante il bassissimo tasso di incidenza di Xyella, molti dei quali plurisecolari in pieno stato produttivo e finanche millenari censiti; <\/p>\n\n\n\n<p>c) la mancanza di correlazione tra la presenza di Xylella negli ulivi e i sintomi di CODIRO. E richiama altri studi scientifici che dimostrano l\u2019irrilevanza epidemiologica degli alberi asintomatici per la diffusione di Xylella e l\u2019inadeguatezza delle strategie di eradicazione. Sulla base di questi studi presenta alla Commissione la proposta &#8211; gi\u00e0 presentata in sede scientifica &#8211; di eliminazione della regola secondo cui debbono essere abbattuti tutti gli alberi presenti nel raggio dei 50 metri dalla pianta rilevata positiva a Xylella, in quanto tale modus operandi comporta un costo inutile e dannoso. <\/p>\n\n\n\n<p><\/p>\n\n\n\n<p>La dott.ssa Margherita D\u2019Amico ha presentato i risultati scientifici ottenuti nell\u2019ambito del Progetto SILECC, in particolare di come le buone pratiche agricole, soprattutto la corretta potatura, hanno consentito alle piante di olivo di rigenerare la chioma. Inoltre, ha fatto notare alla Commissione che i batteriologi, in particolare il dott. Scortichini batteriologo del CREA (ente di ricerca vigilato dal Ministero dell\u2019Agricoltura), non siano stati coinvolti nella gestione del fenomeno Xylella. Infine, ha portato a conoscenza la Commissione del fatto che i principali enti di ricerca coinvolti, in particolare il CNR, sapevano gi\u00e0 dal 2014 che la variet\u00e0 Coratina era molto pi\u00f9 resistente a Xylella rispetto alle variet\u00e0 Leccino e Favolosa, come dimostrato dal Decreto di archiviazione della Procura di Lecce e dalle pubblicazioni scientifiche.<\/p>\n\n\n\n<p>IL VIDEO DELL\u2019AUDIZIONE<\/p>\n\n\n\n<figure class=\"wp-block-embed is-type-video is-provider-youtube wp-block-embed-youtube wp-embed-aspect-16-9 wp-has-aspect-ratio\"><div class=\"wp-block-embed__wrapper\">\n<iframe loading=\"lazy\" title=\"Indagine conoscitiva xylella (18.06.2024)\" width=\"500\" height=\"281\" src=\"https:\/\/www.youtube.com\/embed\/_kCbypCpYhE?feature=oembed\" frameborder=\"0\" allow=\"accelerometer; autoplay; clipboard-write; encrypted-media; gyroscope; picture-in-picture; web-share\" referrerpolicy=\"strict-origin-when-cross-origin\" allowfullscreen><\/iframe>\n<\/div><\/figure>\n\n\n\n<p> ______&nbsp;<\/p>\n\n\n\n<p>LA RICERCA nel nostro articolo del 21 maggio scorso<\/p>\n\n\n\n<figure class=\"wp-block-embed is-type-wp-embed is-provider-leccecronaca-it wp-block-embed-leccecronaca-it\"><div class=\"wp-block-embed__wrapper\">\n<blockquote class=\"wp-embedded-content\" data-secret=\"QOQ97cqsaQ\"><a href=\"https:\/\/www.leccecronaca.it\/index.php\/2024\/05\/21\/due-richieste-delle-associazioni-alla-regione-pglia-sulla-xilella\/\">DUE RICHIESTE DELLE ASSOCIAZIONI ALLA REGIONE PUGLIA SULLA XYLELLA<\/a><\/blockquote><iframe class=\"wp-embedded-content\" sandbox=\"allow-scripts\" security=\"restricted\" style=\"position: absolute; clip: rect(1px, 1px, 1px, 1px);\" title=\"&#8220;DUE RICHIESTE DELLE ASSOCIAZIONI ALLA REGIONE PUGLIA SULLA XYLELLA&#8221; &#8212; LecceCronaca.it\" src=\"https:\/\/www.leccecronaca.it\/index.php\/2024\/05\/21\/due-richieste-delle-associazioni-alla-regione-pglia-sulla-xilella\/embed\/#?secret=7O6l7YNDPr#?secret=QOQ97cqsaQ\" data-secret=\"QOQ97cqsaQ\" width=\"500\" height=\"282\" frameborder=\"0\" marginwidth=\"0\" marginheight=\"0\" scrolling=\"no\"><\/iframe>\n<\/div><\/figure>\n\n\n\n<p>______&nbsp;<\/p>\n\n\n\n<p>L\u2019APPROFONDIMENTO nel nostro articolo del 5 maggio scorso<\/p>\n\n\n\n<figure class=\"wp-block-embed is-type-wp-embed is-provider-leccecronaca-it wp-block-embed-leccecronaca-it\"><div class=\"wp-block-embed__wrapper\">\n<blockquote class=\"wp-embedded-content\" data-secret=\"1ZnFRPK9AA\"><a href=\"https:\/\/www.leccecronaca.it\/index.php\/2024\/05\/05\/la-xylella-spiegata-in-breve-a-chi-ancora-non-lha-capita\/\">LA XYLELLA SPIEGATA IN BREVE A CHI ANCORA NON L\u2019HA CAPITA<\/a><\/blockquote><iframe class=\"wp-embedded-content\" sandbox=\"allow-scripts\" security=\"restricted\" style=\"position: absolute; clip: rect(1px, 1px, 1px, 1px);\" title=\"&#8220;LA XYLELLA SPIEGATA IN BREVE A CHI ANCORA NON L\u2019HA CAPITA&#8221; &#8212; LecceCronaca.it\" src=\"https:\/\/www.leccecronaca.it\/index.php\/2024\/05\/05\/la-xylella-spiegata-in-breve-a-chi-ancora-non-lha-capita\/embed\/#?secret=CrvMqUhoGV#?secret=1ZnFRPK9AA\" data-secret=\"1ZnFRPK9AA\" width=\"500\" height=\"282\" frameborder=\"0\" marginwidth=\"0\" marginheight=\"0\" scrolling=\"no\"><\/iframe>\n<\/div><\/figure>\n<fb:like href='https:\/\/www.leccecronaca.it\/index.php\/2024\/06\/25\/xylella-ecco-la-verita\/' send='true' layout='button_count' show_faces='true' width='450' height='65' action='recommend' colorscheme='light' font='lucida grande'><\/fb:like><span class=\"fb_share\"><fb:like href=\"https:\/\/www.leccecronaca.it\/index.php\/2024\/06\/25\/xylella-ecco-la-verita\/\" layout=\"button_count\"><\/fb:like><\/span>","protected":false},"excerpt":{"rendered":"<p>Riceviamo e volentieri pubblichiamo. UliVivo, comitato di cittadini e associazioni in difesa degli Ulivi della Puglia, ci manda il seguente comunicato (nella nostra foto, la professoressa Luziatelli)&nbsp; ______&nbsp; La XIII Commissione Agricoltura della Camera dei Deputati riprende le audizioni nell\u2019ambito dell\u2019Indagine Conoscitiva sulla presenza della Fastidiosa in Puglia e il 18 giugno ascolta: Francesca Luziatelli, [&hellip;]<\/p>\n","protected":false},"author":4,"featured_media":231003,"comment_status":"open","ping_status":"closed","sticky":false,"template":"","format":"standard","meta":[],"categories":[1,69,31,76,36],"tags":[],"_links":{"self":[{"href":"https:\/\/www.leccecronaca.it\/index.php\/wp-json\/wp\/v2\/posts\/231002"}],"collection":[{"href":"https:\/\/www.leccecronaca.it\/index.php\/wp-json\/wp\/v2\/posts"}],"about":[{"href":"https:\/\/www.leccecronaca.it\/index.php\/wp-json\/wp\/v2\/types\/post"}],"author":[{"embeddable":true,"href":"https:\/\/www.leccecronaca.it\/index.php\/wp-json\/wp\/v2\/users\/4"}],"replies":[{"embeddable":true,"href":"https:\/\/www.leccecronaca.it\/index.php\/wp-json\/wp\/v2\/comments?post=231002"}],"version-history":[{"count":2,"href":"https:\/\/www.leccecronaca.it\/index.php\/wp-json\/wp\/v2\/posts\/231002\/revisions"}],"predecessor-version":[{"id":231025,"href":"https:\/\/www.leccecronaca.it\/index.php\/wp-json\/wp\/v2\/posts\/231002\/revisions\/231025"}],"wp:featuredmedia":[{"embeddable":true,"href":"https:\/\/www.leccecronaca.it\/index.php\/wp-json\/wp\/v2\/media\/231003"}],"wp:attachment":[{"href":"https:\/\/www.leccecronaca.it\/index.php\/wp-json\/wp\/v2\/media?parent=231002"}],"wp:term":[{"taxonomy":"category","embeddable":true,"href":"https:\/\/www.leccecronaca.it\/index.php\/wp-json\/wp\/v2\/categories?post=231002"},{"taxonomy":"post_tag","embeddable":true,"href":"https:\/\/www.leccecronaca.it\/index.php\/wp-json\/wp\/v2\/tags?post=231002"}],"curies":[{"name":"wp","href":"https:\/\/api.w.org\/{rel}","templated":true}]}}