{"id":231123,"date":"2024-06-28T19:44:00","date_gmt":"2024-06-28T17:44:00","guid":{"rendered":"https:\/\/www.leccecronaca.it\/?p=231123"},"modified":"2024-07-02T17:19:27","modified_gmt":"2024-07-02T15:19:27","slug":"addio-a-lisetta","status":"publish","type":"post","link":"https:\/\/www.leccecronaca.it\/index.php\/2024\/06\/28\/addio-a-lisetta\/","title":{"rendered":"ADDIO A LISETTA"},"content":{"rendered":"\n<p><img decoding=\"async\" loading=\"lazy\" width=\"617\" height=\"786\" class=\"wp-image-231124\" style=\"width: 1500px;\" src=\"https:\/\/www.leccecronaca.it\/wordpress\/wp-content\/uploads\/2024\/06\/449412936_10224007848600838_1550570373513929210_n.jpg\" alt=\"\" srcset=\"https:\/\/www.leccecronaca.it\/wordpress\/wp-content\/uploads\/2024\/06\/449412936_10224007848600838_1550570373513929210_n.jpg 617w, https:\/\/www.leccecronaca.it\/wordpress\/wp-content\/uploads\/2024\/06\/449412936_10224007848600838_1550570373513929210_n-235x300.jpg 235w\" sizes=\"(max-width: 617px) 100vw, 617px\" \/><\/p>\n\n\n\n<p>(e.l.) _______\u00a0\u00a0Drammatico incidente stradale\u00a0ieri sera sulla provinciale fra Torre Santa Susanna e  Mesagne. Il bilancio \u00e8 di un morto e tre feriti. La vittima \u00e8 Luisa, detta Lisetta, Cal\u00f2, 66 anni, di Erchie.<\/p>\n\n\n\n<p>Per cause ancora da accertare, la Renault Scenic\u00a0su cui viaggiava insieme alla figlia, al genero e alla nipotina si \u00e8 scontrata con una Fiat 500.<\/p>\n\n\n\n<p>L<strong>\u2018<\/strong>impatto \u00e8 stato violento e per lei fatale. E<strong>\u2018<\/strong>&nbsp;morta sul colpo, a causa della gravit\u00e0 delle lesioni riportate.<\/p>\n\n\n\n<p>Indagini della Polizia di Stato  in corso di svolgimento per accertare l<strong>\u2018<\/strong>&nbsp;esatta dinamica di quanto accaduto e stabilirne le cause.<\/p>\n<fb:like href='https:\/\/www.leccecronaca.it\/index.php\/2024\/06\/28\/addio-a-lisetta\/' send='true' layout='button_count' show_faces='true' width='450' height='65' action='recommend' colorscheme='light' font='lucida grande'><\/fb:like><span class=\"fb_share\"><fb:like href=\"https:\/\/www.leccecronaca.it\/index.php\/2024\/06\/28\/addio-a-lisetta\/\" layout=\"button_count\"><\/fb:like><\/span>","protected":false},"excerpt":{"rendered":"<p>(e.l.) _______\u00a0\u00a0Drammatico incidente stradale\u00a0ieri sera sulla provinciale fra Torre Santa Susanna e Mesagne. Il bilancio \u00e8 di un morto e tre feriti. La vittima \u00e8 Luisa, detta Lisetta, Cal\u00f2, 66 anni, di Erchie. Per cause ancora da accertare, la Renault Scenic\u00a0su cui viaggiava insieme alla figlia, al genero e alla nipotina si \u00e8 scontrata con [&hellip;]<\/p>\n","protected":false},"author":4,"featured_media":231124,"comment_status":"open","ping_status":"closed","sticky":false,"template":"","format":"standard","meta":[],"categories":[69],"tags":[],"_links":{"self":[{"href":"https:\/\/www.leccecronaca.it\/index.php\/wp-json\/wp\/v2\/posts\/231123"}],"collection":[{"href":"https:\/\/www.leccecronaca.it\/index.php\/wp-json\/wp\/v2\/posts"}],"about":[{"href":"https:\/\/www.leccecronaca.it\/index.php\/wp-json\/wp\/v2\/types\/post"}],"author":[{"embeddable":true,"href":"https:\/\/www.leccecronaca.it\/index.php\/wp-json\/wp\/v2\/users\/4"}],"replies":[{"embeddable":true,"href":"https:\/\/www.leccecronaca.it\/index.php\/wp-json\/wp\/v2\/comments?post=231123"}],"version-history":[{"count":3,"href":"https:\/\/www.leccecronaca.it\/index.php\/wp-json\/wp\/v2\/posts\/231123\/revisions"}],"predecessor-version":[{"id":231285,"href":"https:\/\/www.leccecronaca.it\/index.php\/wp-json\/wp\/v2\/posts\/231123\/revisions\/231285"}],"wp:featuredmedia":[{"embeddable":true,"href":"https:\/\/www.leccecronaca.it\/index.php\/wp-json\/wp\/v2\/media\/231124"}],"wp:attachment":[{"href":"https:\/\/www.leccecronaca.it\/index.php\/wp-json\/wp\/v2\/media?parent=231123"}],"wp:term":[{"taxonomy":"category","embeddable":true,"href":"https:\/\/www.leccecronaca.it\/index.php\/wp-json\/wp\/v2\/categories?post=231123"},{"taxonomy":"post_tag","embeddable":true,"href":"https:\/\/www.leccecronaca.it\/index.php\/wp-json\/wp\/v2\/tags?post=231123"}],"curies":[{"name":"wp","href":"https:\/\/api.w.org\/{rel}","templated":true}]}}