{"id":231170,"date":"2024-07-01T00:02:00","date_gmt":"2024-06-30T22:02:00","guid":{"rendered":"https:\/\/www.leccecronaca.it\/?p=231170"},"modified":"2024-06-30T11:29:06","modified_gmt":"2024-06-30T09:29:06","slug":"note-darte-2","status":"publish","type":"post","link":"https:\/\/www.leccecronaca.it\/index.php\/2024\/07\/01\/note-darte-2\/","title":{"rendered":"NOTE D\u2019ARTE \/\u00a0LA MOSTRA DI COSTAS VAROTSOS A LECCE FINO A GENNAIO 2025"},"content":{"rendered":"\n<p><img decoding=\"async\" loading=\"lazy\" width=\"1436\" height=\"1436\" class=\"wp-image-231171\" style=\"width: 2500px;\" src=\"https:\/\/www.leccecronaca.it\/wordpress\/wp-content\/uploads\/2024\/06\/12916300_10208813178950367_6495507153112741121_o.jpg\" alt=\"\" srcset=\"https:\/\/www.leccecronaca.it\/wordpress\/wp-content\/uploads\/2024\/06\/12916300_10208813178950367_6495507153112741121_o.jpg 1436w, https:\/\/www.leccecronaca.it\/wordpress\/wp-content\/uploads\/2024\/06\/12916300_10208813178950367_6495507153112741121_o-300x300.jpg 300w, https:\/\/www.leccecronaca.it\/wordpress\/wp-content\/uploads\/2024\/06\/12916300_10208813178950367_6495507153112741121_o-1024x1024.jpg 1024w, https:\/\/www.leccecronaca.it\/wordpress\/wp-content\/uploads\/2024\/06\/12916300_10208813178950367_6495507153112741121_o-150x150.jpg 150w, https:\/\/www.leccecronaca.it\/wordpress\/wp-content\/uploads\/2024\/06\/12916300_10208813178950367_6495507153112741121_o-768x768.jpg 768w, https:\/\/www.leccecronaca.it\/wordpress\/wp-content\/uploads\/2024\/06\/12916300_10208813178950367_6495507153112741121_o-60x60.jpg 60w\" sizes=\"(max-width: 1436px) 100vw, 1436px\" \/><\/p>\n\n\n\n<p>di <strong>Raffaele Polo<\/strong> ______\u00a0 Durer\u00e0 sino a gennaio 2025 la mostra <em><strong>&#8216;Elp\u00eds. Prometeo o del sogno infranto di Europa&#8217;,<\/strong><\/em> d<strong>i Costas Varotsos<\/strong> (nella foto), un itinerario dedicato alla figura mitologica di Prometeo, che ha rubato il fuoco sacro a Zeus. Un percorso espositivo che si snoda tra Lecce e Otranto, ideato e coordinato dal Museo Sigismondo Castromediano.<\/p>\n\n\n\n<p>Costas Varotsos nasce ad Atene nel 1955, si trasferisce prima a Roma, dove frequenta l\u2019Accademia di Belle Arti, e poi in Abruzzo la Facolt\u00e0 di Architettura di Pescara. Nel 1982 rientra in Grecia dove realizza i primi lavori di livello internazionale<\/p>\n\n\n\n<p>\u00a0La mostra  mette in scena la disillusione dell\u2019artista nei confronti di un\u2019umanit\u00e0 reietta che non ha saputo valorizzare il dono del fuoco, inteso come simbolo del sapere e della \u03c4\u03ad\u03c7\u03bd\u03b7, la tecnica. <\/p>\n\n\n\n<p>Elp\u00eds, \u00e8 la personificazione dello spirito della speranza che, Esiodo ne Le opere e i giorni, ci racconta essere l\u2019ultimo dono rimasto custodito nel vaso di Pandora.<\/p>\n\n\n\n<p>Nonostante gli uomini siano corrotti e inclini alla bramosia, e abbiano sprecato perci\u00f2 il dono di Prometeo, Elp\u00eds resta la scintilla che l\u2019artista coltiva nel futuro dell\u2019umanit\u00e0. <\/p>\n\n\n\n<p>In tal senso \u00e8 anche la metafora dell\u2019arte stessa, l\u2019unico barlume nel buio che attanaglia l\u2019esistenza dell\u2019uomo contemporaneo. Cos\u00ec sintetizza la sua idea l&#8217;artista greco: <\/p>\n\n\n\n<p>\u201cIn un&#8217;epoca in cui la verit\u00e0 \u00e8 sempre un\u2019altra e la destabilizzazione dei valori crea confusione e paura, tutti guardano in alto aspettando una soluzione dal nulla. Prometeo cerca di riportare gli uomini alla verit\u00e0 e ai valori basilari dell\u2019esistenza umana. Ma il nostro mondo ha perduto il contatto con il mondo reale, vive ormai al passato o al futuro e ha smarrito il senso del tempo presente. Ogni epoca della storia umana ha avuto il suo Prometeo sotto forma di aspettativa, di speranza, di urgenza. L&#8217;uomo contemporaneo ha perso il senso dell&#8217;attesa e la speranza ed \u00e8 incapace persino di vedere il fuoco che Prometeo ha rubato a Giove per salvare l&#8217;umanit\u00e0. Oggi \u00e8 urgente recuperare il significato di quel fuoco e dare una forma visibile a Elp\u00eds\u201d.<\/p>\n\n\n\n<p><\/p>\n\n\n\n<p>Varotsos torna in Puglia oltre dieci anni dopo l\u2019intervento, a Otranto, sul relitto della motovedetta albanese Kat\u00ebr i Rad\u00ebs, ovvero L\u2019Approdo. Opera all\u2019Umanit\u00e0 Migrante, una delle sue opere pi\u00f9 significative e attuali, dedicata appunto al tema delle migrazioni.<\/p>\n\n\n\n<p>Non meno attuale il tema del nuovo intervento, che si ispira al legame tra il patrimonio storico e archeologico del territorio e l\u2019arte contemporanea. La mostra include un nucleo di opere provenienti dalla collezione dell\u2019artista e concepite a partire dagli anni Ottanta, e si compone altres\u00ec di due nuove installazioni pensate appositamente per gli spazi del Museo Castromediano, l\u2019istituto culturale pi\u00f9 antico della Puglia, che da alcuni anni porta avanti una programmazione espositiva strettamente legata al rapporto tra l\u2019antico e il contemporaneo.<\/p>\n\n\n\n<p><img decoding=\"async\" loading=\"lazy\" width=\"1920\" height=\"1280\" class=\"wp-image-231173\" style=\"width: 1200px;\" src=\"https:\/\/www.leccecronaca.it\/wordpress\/wp-content\/uploads\/2024\/06\/441971115_927317309192380_3061682040433991583_n.jpg\" alt=\"\" srcset=\"https:\/\/www.leccecronaca.it\/wordpress\/wp-content\/uploads\/2024\/06\/441971115_927317309192380_3061682040433991583_n.jpg 1920w, https:\/\/www.leccecronaca.it\/wordpress\/wp-content\/uploads\/2024\/06\/441971115_927317309192380_3061682040433991583_n-300x200.jpg 300w, https:\/\/www.leccecronaca.it\/wordpress\/wp-content\/uploads\/2024\/06\/441971115_927317309192380_3061682040433991583_n-1024x683.jpg 1024w, https:\/\/www.leccecronaca.it\/wordpress\/wp-content\/uploads\/2024\/06\/441971115_927317309192380_3061682040433991583_n-768x512.jpg 768w, https:\/\/www.leccecronaca.it\/wordpress\/wp-content\/uploads\/2024\/06\/441971115_927317309192380_3061682040433991583_n-1536x1024.jpg 1536w\" sizes=\"(max-width: 1920px) 100vw, 1920px\" \/><\/p>\n\n\n\n<p>\u00a0\u00a0______<\/p>\n\n\n\n<p>&nbsp;&nbsp; 29 GIUGNO \u2013 12 GENNAIO 2025<\/p>\n\n\n\n<p>&nbsp;&nbsp;&nbsp; Museo Sigismondo Castromediano<\/p>\n\n\n\n<p>&nbsp;&nbsp;&nbsp; Viale Gallipoli, 28 73100 Lecce<\/p>\n\n\n\n<p>&nbsp;&nbsp;&nbsp; Aperto da marted\u00ec a domenica, 8.30 -22.00&nbsp;&nbsp; Tel. 0832 37.35.72.<\/p>\n<fb:like href='https:\/\/www.leccecronaca.it\/index.php\/2024\/07\/01\/note-darte-2\/' send='true' layout='button_count' show_faces='true' width='450' height='65' action='recommend' colorscheme='light' font='lucida grande'><\/fb:like><span class=\"fb_share\"><fb:like href=\"https:\/\/www.leccecronaca.it\/index.php\/2024\/07\/01\/note-darte-2\/\" layout=\"button_count\"><\/fb:like><\/span>","protected":false},"excerpt":{"rendered":"<p>di Raffaele Polo ______\u00a0 Durer\u00e0 sino a gennaio 2025 la mostra &#8216;Elp\u00eds. Prometeo o del sogno infranto di Europa&#8217;, di Costas Varotsos (nella foto), un itinerario dedicato alla figura mitologica di Prometeo, che ha rubato il fuoco sacro a Zeus. Un percorso espositivo che si snoda tra Lecce e Otranto, ideato e coordinato dal Museo [&hellip;]<\/p>\n","protected":false},"author":4,"featured_media":231171,"comment_status":"open","ping_status":"closed","sticky":false,"template":"","format":"standard","meta":[],"categories":[31,75],"tags":[],"_links":{"self":[{"href":"https:\/\/www.leccecronaca.it\/index.php\/wp-json\/wp\/v2\/posts\/231170"}],"collection":[{"href":"https:\/\/www.leccecronaca.it\/index.php\/wp-json\/wp\/v2\/posts"}],"about":[{"href":"https:\/\/www.leccecronaca.it\/index.php\/wp-json\/wp\/v2\/types\/post"}],"author":[{"embeddable":true,"href":"https:\/\/www.leccecronaca.it\/index.php\/wp-json\/wp\/v2\/users\/4"}],"replies":[{"embeddable":true,"href":"https:\/\/www.leccecronaca.it\/index.php\/wp-json\/wp\/v2\/comments?post=231170"}],"version-history":[{"count":2,"href":"https:\/\/www.leccecronaca.it\/index.php\/wp-json\/wp\/v2\/posts\/231170\/revisions"}],"predecessor-version":[{"id":231175,"href":"https:\/\/www.leccecronaca.it\/index.php\/wp-json\/wp\/v2\/posts\/231170\/revisions\/231175"}],"wp:featuredmedia":[{"embeddable":true,"href":"https:\/\/www.leccecronaca.it\/index.php\/wp-json\/wp\/v2\/media\/231171"}],"wp:attachment":[{"href":"https:\/\/www.leccecronaca.it\/index.php\/wp-json\/wp\/v2\/media?parent=231170"}],"wp:term":[{"taxonomy":"category","embeddable":true,"href":"https:\/\/www.leccecronaca.it\/index.php\/wp-json\/wp\/v2\/categories?post=231170"},{"taxonomy":"post_tag","embeddable":true,"href":"https:\/\/www.leccecronaca.it\/index.php\/wp-json\/wp\/v2\/tags?post=231170"}],"curies":[{"name":"wp","href":"https:\/\/api.w.org\/{rel}","templated":true}]}}