{"id":231208,"date":"2024-07-01T15:21:03","date_gmt":"2024-07-01T13:21:03","guid":{"rendered":"https:\/\/www.leccecronaca.it\/?p=231208"},"modified":"2024-07-01T15:48:52","modified_gmt":"2024-07-01T13:48:52","slug":"la-polemica-si-puo-fare","status":"publish","type":"post","link":"https:\/\/www.leccecronaca.it\/index.php\/2024\/07\/01\/la-polemica-si-puo-fare\/","title":{"rendered":"LA POLEMICA \/\u00a0SI PUO\u2019 FARE?\u00a0"},"content":{"rendered":"\n<p><img decoding=\"async\" loading=\"lazy\" width=\"1209\" height=\"900\" class=\"wp-image-231209\" style=\"width: 2500px;\" src=\"https:\/\/www.leccecronaca.it\/wordpress\/wp-content\/uploads\/2024\/07\/449685919_10229128534416955_3423175104845367720_n.jpg\" alt=\"\" srcset=\"https:\/\/www.leccecronaca.it\/wordpress\/wp-content\/uploads\/2024\/07\/449685919_10229128534416955_3423175104845367720_n.jpg 1209w, https:\/\/www.leccecronaca.it\/wordpress\/wp-content\/uploads\/2024\/07\/449685919_10229128534416955_3423175104845367720_n-300x223.jpg 300w, https:\/\/www.leccecronaca.it\/wordpress\/wp-content\/uploads\/2024\/07\/449685919_10229128534416955_3423175104845367720_n-1024x762.jpg 1024w, https:\/\/www.leccecronaca.it\/wordpress\/wp-content\/uploads\/2024\/07\/449685919_10229128534416955_3423175104845367720_n-768x572.jpg 768w\" sizes=\"(max-width: 1209px) 100vw, 1209px\" \/>(Rdl) ______  Arturo Baglivo, del Movimento 5 Stelle, ha postato su Facebook la seguente nota con relativa documentazione fotografica  ______<\/p>\n\n\n\n<p>Oggi ho visto sulle plance adibite appositamente dal comune per la propaganda elettorale suddivise tra tutti gli schieramenti politici (e solo per quello scopo a norma di legge) spuntare decine di manifesti in cui la nuova Sindaca di Lecce ringrazia lecce immagino per la sua elezione.<\/p>\n\n\n\n<p>Penso che lei non lo sappia nemmeno di quelle affissioni, perch\u00e8 non posso immaginare che abbia dato il suo placet all&#8217;affisione di quei manifesti chiaramenti abusivi.<\/p>\n\n\n\n<p>Mi chiedo se vuoi <a><\/a>lecitamente ringraziare i tuoi elettori non \u00e8 giusto rivolgersi agli spazi pubblicitari regolamentati, ce ne sono tantissimi comunali gestiti dalla DOGRE, per affiggere i tuoi manifesti e pagando i giusti dovuti oneri pubblicitari?<\/p>\n\n\n\n<p>Immagino gi\u00e0 il mio amico (si \u00e8 cos\u00ec) <a href=\"https:\/\/www.facebook.com\/gianpaolo.scorrano.1?__cft__[0]=AZVzR8rEmUqt0y-qz1Xn6e7eMXj6-C595U8foglCHpmp_0GeaZMe1qh-Cw7bHAbCr2j0_eU-isfI3rtEY7n6-2lihV7wo25sjzhKpSeWJcl8uF28gSjSpGeIetgJqtyLoeC0Pp9kfpEIqgnGA7aLm5tjwOgCOuOWb2vOklSkpZ2bnA&amp;__tn__=-]K-R\">Gianpaolo Scorrano<\/a> se fosse successo durante il nostro mandato in commissione controllo avremmo certamente convocato una commissione per farci dare chiarimenti, magari \u00e8 lecito farlo e non lo sappiamo!<\/p>\n\n\n\n<p>Allora lo chiedo alla nostra Sindaca: <a href=\"https:\/\/www.facebook.com\/adrianapolibortone?__cft__[0]=AZVzR8rEmUqt0y-qz1Xn6e7eMXj6-C595U8foglCHpmp_0GeaZMe1qh-Cw7bHAbCr2j0_eU-isfI3rtEY7n6-2lihV7wo25sjzhKpSeWJcl8uF28gSjSpGeIetgJqtyLoeC0Pp9kfpEIqgnGA7aLm5tjwOgCOuOWb2vOklSkpZ2bnA&amp;__tn__=-]K-R\">Adriana Poli Bortone<\/a> si pu\u00f2 fare? Se si mi da qualche giorno di tempo per fare anche io dei manifesti di ringraziamento per <a href=\"https:\/\/www.facebook.com\/hashtag\/lecce?__eep__=6&amp;__cft__[0]=AZVzR8rEmUqt0y-qz1Xn6e7eMXj6-C595U8foglCHpmp_0GeaZMe1qh-Cw7bHAbCr2j0_eU-isfI3rtEY7n6-2lihV7wo25sjzhKpSeWJcl8uF28gSjSpGeIetgJqtyLoeC0Pp9kfpEIqgnGA7aLm5tjwOgCOuOWb2vOklSkpZ2bnA&amp;__tn__=*NK-R\">#lecce<\/a>, perch\u00e8 comunque sia andata \u00e8 nel mio cuore?<\/p>\n<fb:like href='https:\/\/www.leccecronaca.it\/index.php\/2024\/07\/01\/la-polemica-si-puo-fare\/' send='true' layout='button_count' show_faces='true' width='450' height='65' action='recommend' colorscheme='light' font='lucida grande'><\/fb:like><span class=\"fb_share\"><fb:like href=\"https:\/\/www.leccecronaca.it\/index.php\/2024\/07\/01\/la-polemica-si-puo-fare\/\" layout=\"button_count\"><\/fb:like><\/span>","protected":false},"excerpt":{"rendered":"<p>(Rdl) ______ Arturo Baglivo, del Movimento 5 Stelle, ha postato su Facebook la seguente nota con relativa documentazione fotografica ______ Oggi ho visto sulle plance adibite appositamente dal comune per la propaganda elettorale suddivise tra tutti gli schieramenti politici (e solo per quello scopo a norma di legge) spuntare decine di manifesti in cui la [&hellip;]<\/p>\n","protected":false},"author":4,"featured_media":231209,"comment_status":"open","ping_status":"closed","sticky":false,"template":"","format":"standard","meta":[],"categories":[69,76],"tags":[],"_links":{"self":[{"href":"https:\/\/www.leccecronaca.it\/index.php\/wp-json\/wp\/v2\/posts\/231208"}],"collection":[{"href":"https:\/\/www.leccecronaca.it\/index.php\/wp-json\/wp\/v2\/posts"}],"about":[{"href":"https:\/\/www.leccecronaca.it\/index.php\/wp-json\/wp\/v2\/types\/post"}],"author":[{"embeddable":true,"href":"https:\/\/www.leccecronaca.it\/index.php\/wp-json\/wp\/v2\/users\/4"}],"replies":[{"embeddable":true,"href":"https:\/\/www.leccecronaca.it\/index.php\/wp-json\/wp\/v2\/comments?post=231208"}],"version-history":[{"count":1,"href":"https:\/\/www.leccecronaca.it\/index.php\/wp-json\/wp\/v2\/posts\/231208\/revisions"}],"predecessor-version":[{"id":231210,"href":"https:\/\/www.leccecronaca.it\/index.php\/wp-json\/wp\/v2\/posts\/231208\/revisions\/231210"}],"wp:featuredmedia":[{"embeddable":true,"href":"https:\/\/www.leccecronaca.it\/index.php\/wp-json\/wp\/v2\/media\/231209"}],"wp:attachment":[{"href":"https:\/\/www.leccecronaca.it\/index.php\/wp-json\/wp\/v2\/media?parent=231208"}],"wp:term":[{"taxonomy":"category","embeddable":true,"href":"https:\/\/www.leccecronaca.it\/index.php\/wp-json\/wp\/v2\/categories?post=231208"},{"taxonomy":"post_tag","embeddable":true,"href":"https:\/\/www.leccecronaca.it\/index.php\/wp-json\/wp\/v2\/tags?post=231208"}],"curies":[{"name":"wp","href":"https:\/\/api.w.org\/{rel}","templated":true}]}}