{"id":231680,"date":"2024-07-13T17:41:47","date_gmt":"2024-07-13T15:41:47","guid":{"rendered":"https:\/\/www.leccecronaca.it\/?p=231680"},"modified":"2024-07-13T17:41:50","modified_gmt":"2024-07-13T15:41:50","slug":"il-lecce-vola-in-ritiro-precampionato-in-montagna-in-austria-col-caldo-di-questi-questi-giorni-un-po-di-invidia-da-parte-di-tutti-noi-in-citta-ecco-la-lista-completa-dei-con","status":"publish","type":"post","link":"https:\/\/www.leccecronaca.it\/index.php\/2024\/07\/13\/il-lecce-vola-in-ritiro-precampionato-in-montagna-in-austria-col-caldo-di-questi-questi-giorni-un-po-di-invidia-da-parte-di-tutti-noi-in-citta-ecco-la-lista-completa-dei-con\/","title":{"rendered":"IL LECCE VOLA IN RITIRO PRECAMPIONATO IN MONTAGNA IN AUSTRIA. COL CALDO DI QUESTI  QUESTI GIORNI, UN PO\u2019\u00a0DI INVIDIA DA PARTE DI TUTTI NOI IN CITTA\u2019. ECCO LA LISTA COMPLETA DEI CONVOCATI"},"content":{"rendered":"\n<p><img decoding=\"async\" loading=\"lazy\" width=\"680\" height=\"382\" class=\"wp-image-231681\" style=\"width: 3000px;\" src=\"https:\/\/www.leccecronaca.it\/wordpress\/wp-content\/uploads\/2024\/07\/2021-08-11-1.jpg\" alt=\"\" srcset=\"https:\/\/www.leccecronaca.it\/wordpress\/wp-content\/uploads\/2024\/07\/2021-08-11-1.jpg 680w, https:\/\/www.leccecronaca.it\/wordpress\/wp-content\/uploads\/2024\/07\/2021-08-11-1-300x169.jpg 300w\" sizes=\"(max-width: 680px) 100vw, 680px\" \/><\/p>\n\n\n\n<p>(Rdl) \u00a0______ <\/p>\n\n\n\n<p>L\u2019U.S. Lecce ha comunicato la lista dei 26 calciatori della Prima Squadra e dei 12 giovani calciatori aggregati, convocati per il ritiro precampionato di Neustift, in programma dal 14 al 28 luglio.<\/p>\n\n\n\n<p>Prima Squadra <\/p>\n\n\n\n<p>PORTIERI (2):<br>Falcone Wladimiro (1995), Fr\u00fcchtl Christian (2000)<\/p>\n\n\n\n<p>MARCATORI CENTRALI (2):<br>Baschirotto Federico (1996), Gaspar Kialonda (1997)<\/p>\n\n\n\n<p>ESTERNI DIFENSIVI (4):<br>Dorgu Patrick (2004), Gallo Antonino (2000), Gendrey Valentin (2000),<br>Venuti Lorenzo (1995).<\/p>\n\n\n\n<p>CENTROCAMPISTI (9):<br>Berisha Medon (2003), Blin Alexis (1996), Faticanti Giacomo (2004),<br>Helgason Thorir (2000), Kaba Mohamed (2001), Maleh Youssef (1998),<br>Pierret Balthazar (2000), Rafia Hamza (1999), Ramadani Ylber (1996).<\/p>\n\n\n\n<p>ESTERNI OFFENSIVI (5):<br>Banda Lameck (2001), Listkowski Marcin (1998), Morente Jos\u00e8 Antonio<br>(1996), Oudin R\u00e9mi (1996), Pierotti Santiago (2001).<\/p>\n\n\n\n<p>ATTACCANTI (4):<br>Krstovi\u0107 Nikola (2000), Rodriguez Pablo (2001), Sansone Nicola (1991),<br>Voelkerling Persson Joel (2003).<\/p>\n\n\n\n<p><\/p>\n\n\n\n<p>Aggregati alla Prima Squadra <\/p>\n\n\n\n<p>PORTIERI (3):<br>Borbei Alexandru (2003), Samooja Jasper (2003), Viola Antonino (2003)<\/p>\n\n\n\n<p>MARCATORI CENTRALI (2):<br>Esposito Sebastian (2005), Smajlovi\u0107 Zinedin (2003).<\/p>\n\n\n\n<p>ESTERNI DIFENSIVI (2):<br>Addo Vernon (2005), Lemmens Mats (2002).<\/p>\n\n\n\n<p>CENTROCAMPISTI (2):<br>McJannet Ed (2004), Samek Daniel (2004).<\/p>\n\n\n\n<p>ESTERNI OFFENSIVI (2):<br>Daka Dario (2004), Salomaa Henri (2003).<\/p>\n\n\n\n<p>ATTACCANTI (1):<br>Burnete Rares (2004).<\/p>\n\n\n\n<p>La squadra raggiunger\u00e0 la localit\u00e0 austriaca con un volo charter domani mattina e sosterr\u00e0 il primo allenamento gi\u00e0 nel pomeriggio di domenica presso il SSV Neustift &#8211; Stadion (nella foto)..<\/p>\n\n\n\n<p>Come precedentemente comunicato, i calciatori Berisha e Ramadani, per il protrarsi degli impegni con le rispettive Nazionali, raggiungeranno la sede del ritiro nella giornata di sabato 20 luglio. <\/p>\n\n\n\n<p>Il calciatore Pongra\u010di\u0107 \u00e8 stato autorizzato a recarsi a Rennes per svolgere visite mediche, in vista della cessione al club della Ligue 1 francese. ______\u00a0\u00a0<\/p>\n\n\n\n<p><\/p>\n\n\n\n<p>LA RICERCA nel nostro articolo immediatamente precedente<\/p>\n\n\n\n<figure class=\"wp-block-embed is-type-wp-embed is-provider-leccecronaca-it wp-block-embed-leccecronaca-it\"><div class=\"wp-block-embed__wrapper\">\n<blockquote class=\"wp-embedded-content\" data-secret=\"zRaGwyFAMB\"><a href=\"https:\/\/www.leccecronaca.it\/index.php\/2024\/07\/13\/il-giovane-talento-gonzales-si-deve-fermare-ha-problemi-al-cuore\/\">IL GIOVANE TALENTO GONZALES SI DEVE FERMARE, HA PROBLEMI AL CUORE<\/a><\/blockquote><iframe class=\"wp-embedded-content\" sandbox=\"allow-scripts\" security=\"restricted\" style=\"position: absolute; clip: rect(1px, 1px, 1px, 1px);\" title=\"&#8220;IL GIOVANE TALENTO GONZALES SI DEVE FERMARE, HA PROBLEMI AL CUORE&#8221; &#8212; LecceCronaca.it\" src=\"https:\/\/www.leccecronaca.it\/index.php\/2024\/07\/13\/il-giovane-talento-gonzales-si-deve-fermare-ha-problemi-al-cuore\/embed\/#?secret=OyxHQXkI2N#?secret=zRaGwyFAMB\" data-secret=\"zRaGwyFAMB\" width=\"500\" height=\"282\" frameborder=\"0\" marginwidth=\"0\" marginheight=\"0\" scrolling=\"no\"><\/iframe>\n<\/div><\/figure>\n<fb:like href='https:\/\/www.leccecronaca.it\/index.php\/2024\/07\/13\/il-lecce-vola-in-ritiro-precampionato-in-montagna-in-austria-col-caldo-di-questi-questi-giorni-un-po-di-invidia-da-parte-di-tutti-noi-in-citta-ecco-la-lista-completa-dei-con\/' send='true' layout='button_count' show_faces='true' width='450' height='65' action='recommend' colorscheme='light' font='lucida grande'><\/fb:like><span class=\"fb_share\"><fb:like href=\"https:\/\/www.leccecronaca.it\/index.php\/2024\/07\/13\/il-lecce-vola-in-ritiro-precampionato-in-montagna-in-austria-col-caldo-di-questi-questi-giorni-un-po-di-invidia-da-parte-di-tutti-noi-in-citta-ecco-la-lista-completa-dei-con\/\" layout=\"button_count\"><\/fb:like><\/span>","protected":false},"excerpt":{"rendered":"<p>(Rdl) \u00a0______ L\u2019U.S. Lecce ha comunicato la lista dei 26 calciatori della Prima Squadra e dei 12 giovani calciatori aggregati, convocati per il ritiro precampionato di Neustift, in programma dal 14 al 28 luglio. Prima Squadra PORTIERI (2):Falcone Wladimiro (1995), Fr\u00fcchtl Christian (2000) MARCATORI CENTRALI (2):Baschirotto Federico (1996), Gaspar Kialonda (1997) ESTERNI DIFENSIVI (4):Dorgu Patrick [&hellip;]<\/p>\n","protected":false},"author":4,"featured_media":231681,"comment_status":"open","ping_status":"closed","sticky":false,"template":"","format":"standard","meta":[],"categories":[28],"tags":[],"_links":{"self":[{"href":"https:\/\/www.leccecronaca.it\/index.php\/wp-json\/wp\/v2\/posts\/231680"}],"collection":[{"href":"https:\/\/www.leccecronaca.it\/index.php\/wp-json\/wp\/v2\/posts"}],"about":[{"href":"https:\/\/www.leccecronaca.it\/index.php\/wp-json\/wp\/v2\/types\/post"}],"author":[{"embeddable":true,"href":"https:\/\/www.leccecronaca.it\/index.php\/wp-json\/wp\/v2\/users\/4"}],"replies":[{"embeddable":true,"href":"https:\/\/www.leccecronaca.it\/index.php\/wp-json\/wp\/v2\/comments?post=231680"}],"version-history":[{"count":1,"href":"https:\/\/www.leccecronaca.it\/index.php\/wp-json\/wp\/v2\/posts\/231680\/revisions"}],"predecessor-version":[{"id":231682,"href":"https:\/\/www.leccecronaca.it\/index.php\/wp-json\/wp\/v2\/posts\/231680\/revisions\/231682"}],"wp:featuredmedia":[{"embeddable":true,"href":"https:\/\/www.leccecronaca.it\/index.php\/wp-json\/wp\/v2\/media\/231681"}],"wp:attachment":[{"href":"https:\/\/www.leccecronaca.it\/index.php\/wp-json\/wp\/v2\/media?parent=231680"}],"wp:term":[{"taxonomy":"category","embeddable":true,"href":"https:\/\/www.leccecronaca.it\/index.php\/wp-json\/wp\/v2\/categories?post=231680"},{"taxonomy":"post_tag","embeddable":true,"href":"https:\/\/www.leccecronaca.it\/index.php\/wp-json\/wp\/v2\/tags?post=231680"}],"curies":[{"name":"wp","href":"https:\/\/api.w.org\/{rel}","templated":true}]}}