{"id":232382,"date":"2024-08-01T16:16:59","date_gmt":"2024-08-01T14:16:59","guid":{"rendered":"https:\/\/www.leccecronaca.it\/?p=232382"},"modified":"2024-08-01T16:58:28","modified_gmt":"2024-08-01T14:58:28","slug":"potenziati-i-servizi-allanagrafe","status":"publish","type":"post","link":"https:\/\/www.leccecronaca.it\/index.php\/2024\/08\/01\/potenziati-i-servizi-allanagrafe\/","title":{"rendered":"POTENZIATI I SERVIZI ALL\u2019ANAGRAFE"},"content":{"rendered":"\n<p><img decoding=\"async\" loading=\"lazy\" width=\"1536\" height=\"2048\" class=\"wp-image-232383\" style=\"width: 1200px;\" src=\"https:\/\/www.leccecronaca.it\/wordpress\/wp-content\/uploads\/2024\/08\/IMG-20240801-WA0013.jpg\" alt=\"\" srcset=\"https:\/\/www.leccecronaca.it\/wordpress\/wp-content\/uploads\/2024\/08\/IMG-20240801-WA0013.jpg 1536w, https:\/\/www.leccecronaca.it\/wordpress\/wp-content\/uploads\/2024\/08\/IMG-20240801-WA0013-225x300.jpg 225w, https:\/\/www.leccecronaca.it\/wordpress\/wp-content\/uploads\/2024\/08\/IMG-20240801-WA0013-768x1024.jpg 768w, https:\/\/www.leccecronaca.it\/wordpress\/wp-content\/uploads\/2024\/08\/IMG-20240801-WA0013-1152x1536.jpg 1152w\" sizes=\"(max-width: 1536px) 100vw, 1536px\" \/><\/p>\n\n\n\n<p>Riceviamo e volentieri pubblichiamo il seuente comunicato dell\u2019assessore agli Affari Generali e Organizzazione &nbsp;del Comune di Lecce Laura Cal\u00f2 _______&nbsp;<\/p>\n\n\n\n<p>Ufficio Anagrafe pi\u00f9 efficiente con quattro addetti in pi\u00f9. Da oggi, l\u2019&#8217;amministrazione comunale di Lecce ha provveduto al ricollocamento di quattro unit\u00e0 del personale per potenziare il servizio degli Uffici Demografici e di Stato civile. Questo, in un&#8217;ottica di efficienza della macchina amministrativa e senza alcuna variazione di spesa. Il ricollocamento del personale, infatti, \u00e8 stato fatto all&#8217;interno dello stesso comparto. L\u2019Amministrazione ha voluto, cos\u00ec, andare incontro alle giuste richieste dei cittadini che negli ultimi anni hanno dovuto subire notevolissimi ritardi nell&#8217;ottenimento, per esempio, della carta d&#8217;identit\u00e0 o di un certificato.<\/p>\n\n\n\n<p>&lt;In questi anni il personale ha lavorato in condizioni veramente difficili &#8211; dice l&#8217;assessore al ramo, Laura Cal\u00f2 \u2013 Per questo lo ringraziamo per i servizi che sono comunque stati garantiti per andare incontro ai cittadini ed a tutte le altre necessit\u00e0. Dal primo giorno del mio insediamento ho ritenuto opportuno affrontare il grave problema&nbsp; della carenza di personale negli uffici dell&#8217;Anagrafe &#8211; fa sapere l\u2019assessore &#8211; cosa che procurava gravi disagi ai cittadini oltre che difficolt\u00e0 al personale in servizio. Il ricollocamento di quattro unit\u00e0, a costo zero per l&#8217;amministrazione comunale, consente di garantire servizi efficienti in tempi rapidi, assicurando anche un ambiente di lavoro ottimale all&#8217;interno degli uffici, a beneficio di tutta la macchina amministrativa&gt;.<\/p>\n<fb:like href='https:\/\/www.leccecronaca.it\/index.php\/2024\/08\/01\/potenziati-i-servizi-allanagrafe\/' send='true' layout='button_count' show_faces='true' width='450' height='65' action='recommend' colorscheme='light' font='lucida grande'><\/fb:like><span class=\"fb_share\"><fb:like href=\"https:\/\/www.leccecronaca.it\/index.php\/2024\/08\/01\/potenziati-i-servizi-allanagrafe\/\" layout=\"button_count\"><\/fb:like><\/span>","protected":false},"excerpt":{"rendered":"<p>Riceviamo e volentieri pubblichiamo il seuente comunicato dell\u2019assessore agli Affari Generali e Organizzazione &nbsp;del Comune di Lecce Laura Cal\u00f2 _______&nbsp; Ufficio Anagrafe pi\u00f9 efficiente con quattro addetti in pi\u00f9. Da oggi, l\u2019&#8217;amministrazione comunale di Lecce ha provveduto al ricollocamento di quattro unit\u00e0 del personale per potenziare il servizio degli Uffici Demografici e di Stato civile. [&hellip;]<\/p>\n","protected":false},"author":4,"featured_media":232383,"comment_status":"open","ping_status":"closed","sticky":false,"template":"","format":"standard","meta":[],"categories":[1,69,76,36],"tags":[],"_links":{"self":[{"href":"https:\/\/www.leccecronaca.it\/index.php\/wp-json\/wp\/v2\/posts\/232382"}],"collection":[{"href":"https:\/\/www.leccecronaca.it\/index.php\/wp-json\/wp\/v2\/posts"}],"about":[{"href":"https:\/\/www.leccecronaca.it\/index.php\/wp-json\/wp\/v2\/types\/post"}],"author":[{"embeddable":true,"href":"https:\/\/www.leccecronaca.it\/index.php\/wp-json\/wp\/v2\/users\/4"}],"replies":[{"embeddable":true,"href":"https:\/\/www.leccecronaca.it\/index.php\/wp-json\/wp\/v2\/comments?post=232382"}],"version-history":[{"count":2,"href":"https:\/\/www.leccecronaca.it\/index.php\/wp-json\/wp\/v2\/posts\/232382\/revisions"}],"predecessor-version":[{"id":232392,"href":"https:\/\/www.leccecronaca.it\/index.php\/wp-json\/wp\/v2\/posts\/232382\/revisions\/232392"}],"wp:featuredmedia":[{"embeddable":true,"href":"https:\/\/www.leccecronaca.it\/index.php\/wp-json\/wp\/v2\/media\/232383"}],"wp:attachment":[{"href":"https:\/\/www.leccecronaca.it\/index.php\/wp-json\/wp\/v2\/media?parent=232382"}],"wp:term":[{"taxonomy":"category","embeddable":true,"href":"https:\/\/www.leccecronaca.it\/index.php\/wp-json\/wp\/v2\/categories?post=232382"},{"taxonomy":"post_tag","embeddable":true,"href":"https:\/\/www.leccecronaca.it\/index.php\/wp-json\/wp\/v2\/tags?post=232382"}],"curies":[{"name":"wp","href":"https:\/\/api.w.org\/{rel}","templated":true}]}}