{"id":232598,"date":"2024-08-07T15:14:31","date_gmt":"2024-08-07T13:14:31","guid":{"rendered":"https:\/\/www.leccecronaca.it\/?p=232598"},"modified":"2024-08-09T15:55:23","modified_gmt":"2024-08-09T13:55:23","slug":"si-ma-il-nuovo-medico-di-famiglia-quando-sara-operativo","status":"publish","type":"post","link":"https:\/\/www.leccecronaca.it\/index.php\/2024\/08\/07\/si-ma-il-nuovo-medico-di-famiglia-quando-sara-operativo\/","title":{"rendered":"SI\u2019, MA IL NUOVO MEDICO DI FAMIGLIA QUANDO SARA\u2019 OPERATIVO?"},"content":{"rendered":"\n<p><img decoding=\"async\" loading=\"lazy\" width=\"669\" height=\"944\" class=\"wp-image-232599\" style=\"width: 1200px;\" src=\"https:\/\/www.leccecronaca.it\/wordpress\/wp-content\/uploads\/2024\/08\/impianto-idrovoro.png\" alt=\"\" srcset=\"https:\/\/www.leccecronaca.it\/wordpress\/wp-content\/uploads\/2024\/08\/impianto-idrovoro.png 669w, https:\/\/www.leccecronaca.it\/wordpress\/wp-content\/uploads\/2024\/08\/impianto-idrovoro-213x300.png 213w\" sizes=\"(max-width: 669px) 100vw, 669px\" \/><\/p>\n\n\n\n<p>Riceviamo e volentieri pubblichiamo il seguente comunicato dell\u2019Ufficio Stampa del Comune di Lecce _______\u00a0\u00a0<\/p>\n\n\n\n<p>Assistenza sanitaria a Frigole, domani mattina sopralluogo del Comune e della Asl. Domani, gioved\u00ec 8 agosto, alle 12, il capo di gabinetto del sindaco di Lecce, Angelo Tondo, il consigliere comunale Alessio Poso, il direttore generale della Asl, Stefano Rossi insieme con i funzionari dell&#8217;Area gestione tecnica e del Sisp della Asl, effettueranno un sopralluogo nella sede ambulatoriale di piazza Bertacchi, a Frigole. Dovr\u00e0 essere valutata l&#8217;idoneit\u00e0 del locale individuato quale studio di Medicina generale per la frazione di Frigole. Il direttore Rossi ha accolto la richiesta del sindaco Adriana Poli Bortone, la quale aveva chiesto rassicurazioni sulla presenza di un servizio assolutamente necessario per i cittadini, qual \u00e8 quello sanitario. Il problema \u00e8 che attualmente ai residenti di Frigole non viene garantita l&#8217;assistenza in seguito al pensionamento di un medico di medicina generale. Gli assistiti sono cos\u00ec costretti a fare riferimento agli ambulatori in citt\u00e0, molti dei quali peraltro chiusi in questo periodo estivo. Del problema si \u00e8 interessata, tra l&#8217;altro, Federfarma Lecce, evidenziando come all&#8217;assistenza primaria ed alla regolare apertura degli ambulatori medici sia anche strettamente legato e funzionale il servizio farmaceutico. Soprattutto, ha rilevato, per i cittadini di Frigole, una situazione di in contrasto con la costituzione italiana e le altre leggi istitutive del Servizio sanitario nazionale e dei Distretti sanitari, i quali devono garantire l&#8217;equo accesso alle cure a tutta la popolazione, qualunque sia la zona di residenza.<\/p>\n<fb:like href='https:\/\/www.leccecronaca.it\/index.php\/2024\/08\/07\/si-ma-il-nuovo-medico-di-famiglia-quando-sara-operativo\/' send='true' layout='button_count' show_faces='true' width='450' height='65' action='recommend' colorscheme='light' font='lucida grande'><\/fb:like><span class=\"fb_share\"><fb:like href=\"https:\/\/www.leccecronaca.it\/index.php\/2024\/08\/07\/si-ma-il-nuovo-medico-di-famiglia-quando-sara-operativo\/\" layout=\"button_count\"><\/fb:like><\/span>","protected":false},"excerpt":{"rendered":"<p>Riceviamo e volentieri pubblichiamo il seguente comunicato dell\u2019Ufficio Stampa del Comune di Lecce _______\u00a0\u00a0 Assistenza sanitaria a Frigole, domani mattina sopralluogo del Comune e della Asl. Domani, gioved\u00ec 8 agosto, alle 12, il capo di gabinetto del sindaco di Lecce, Angelo Tondo, il consigliere comunale Alessio Poso, il direttore generale della Asl, Stefano Rossi insieme [&hellip;]<\/p>\n","protected":false},"author":4,"featured_media":232599,"comment_status":"open","ping_status":"closed","sticky":false,"template":"","format":"standard","meta":[],"categories":[69,76,36],"tags":[],"_links":{"self":[{"href":"https:\/\/www.leccecronaca.it\/index.php\/wp-json\/wp\/v2\/posts\/232598"}],"collection":[{"href":"https:\/\/www.leccecronaca.it\/index.php\/wp-json\/wp\/v2\/posts"}],"about":[{"href":"https:\/\/www.leccecronaca.it\/index.php\/wp-json\/wp\/v2\/types\/post"}],"author":[{"embeddable":true,"href":"https:\/\/www.leccecronaca.it\/index.php\/wp-json\/wp\/v2\/users\/4"}],"replies":[{"embeddable":true,"href":"https:\/\/www.leccecronaca.it\/index.php\/wp-json\/wp\/v2\/comments?post=232598"}],"version-history":[{"count":2,"href":"https:\/\/www.leccecronaca.it\/index.php\/wp-json\/wp\/v2\/posts\/232598\/revisions"}],"predecessor-version":[{"id":232667,"href":"https:\/\/www.leccecronaca.it\/index.php\/wp-json\/wp\/v2\/posts\/232598\/revisions\/232667"}],"wp:featuredmedia":[{"embeddable":true,"href":"https:\/\/www.leccecronaca.it\/index.php\/wp-json\/wp\/v2\/media\/232599"}],"wp:attachment":[{"href":"https:\/\/www.leccecronaca.it\/index.php\/wp-json\/wp\/v2\/media?parent=232598"}],"wp:term":[{"taxonomy":"category","embeddable":true,"href":"https:\/\/www.leccecronaca.it\/index.php\/wp-json\/wp\/v2\/categories?post=232598"},{"taxonomy":"post_tag","embeddable":true,"href":"https:\/\/www.leccecronaca.it\/index.php\/wp-json\/wp\/v2\/tags?post=232598"}],"curies":[{"name":"wp","href":"https:\/\/api.w.org\/{rel}","templated":true}]}}