{"id":232649,"date":"2024-08-08T17:39:40","date_gmt":"2024-08-08T15:39:40","guid":{"rendered":"https:\/\/www.leccecronaca.it\/?p=232649"},"modified":"2024-08-08T17:39:43","modified_gmt":"2024-08-08T15:39:43","slug":"addio-a-emanuele-3","status":"publish","type":"post","link":"https:\/\/www.leccecronaca.it\/index.php\/2024\/08\/08\/addio-a-emanuele-3\/","title":{"rendered":"ADDIO A EMANUELE"},"content":{"rendered":"\n<p><img decoding=\"async\" loading=\"lazy\" width=\"503\" height=\"640\" class=\"wp-image-232650\" style=\"width: 1500px;\" src=\"https:\/\/www.leccecronaca.it\/wordpress\/wp-content\/uploads\/2024\/08\/454322397_1017866150345173_4174393773357637198_n.jpg\" alt=\"\" srcset=\"https:\/\/www.leccecronaca.it\/wordpress\/wp-content\/uploads\/2024\/08\/454322397_1017866150345173_4174393773357637198_n.jpg 503w, https:\/\/www.leccecronaca.it\/wordpress\/wp-content\/uploads\/2024\/08\/454322397_1017866150345173_4174393773357637198_n-236x300.jpg 236w\" sizes=\"(max-width: 503px) 100vw, 503px\" \/><\/p>\n\n\n\n<p>(e.l.) _______\u00a0 \u00a0<\/p>\n\n\n\n<p>Drammatico incidente mortale questa notte sulla tangenziale ovest di Lecce.<\/p>\n\n\n\n<p>La vittima \u00e8 Emanuele Montanaro, 23 anni, studente universitario, di Novoli.<\/p>\n\n\n\n<p>Stava tornando a casa dopo a serata con amici quando, per cause ancora da accertare, in quanto ci sono due auto coivolte,  ha perso il controllo della moto Yamaha R6 che guidava, e che si \u00e8 schiantata sull<strong>\u2018<\/strong> asfalto prendendo fuoco .<\/p>\n\n\n\n<p>L<strong>\u2018<\/strong>impatto \u00e8 stato violento e per lui fatale, \u00e8 morto sul colpo a causa della gravit\u00e0 delle lesioni riportate.<\/p>\n\n\n\n<p>Indagini dei Carabinieri in corso di svolgimento per accertare l<strong>\u2018<\/strong>esatta dinamica di quanto accaduto e stabilirne le cause.<\/p>\n\n\n\n<p>In queste ore sono tanti i messaggi social di condivisione del lutto, affetto, incredulit\u00e0 e sgomento da parte di amici e conoscenti.<\/p>\n\n\n\n<p>\u00a0<\/p>\n\n\n\n<p><em>Profondamente scossi e attoniti per la tragica notizia, partecipiamo al lutto che ha colpito la nostra Comunit\u00e0 in seguito alla morte di Emanuele Montanaro. A mamma Antonella e pap\u00e0 Ivan, al nostro caro amico Fiorino e alle famiglie Montanaro  &#8211;  Ruggio giunga la nostra vicinanza in questo momento di profondo ed inconsolabile dolore <\/em> &#8211;  il post su Facebook di Novoli rinasce &#8211; Comitato di Cittadinanza Attiva\u00a0<\/p>\n\n\n\n<p><\/p>\n\n\n\n<p>Il Comune di Novoli ha scritto <\/p>\n\n\n\n<p><em>Stamane il cielo di Novoli \u00e8 stato &#8220;squarciato&#8221; dalla ferale notizia della morte di Emanuele Montanaro, un nostro giovane venuto tragicamente a mancare<\/em>.<\/p>\n\n\n\n<p><em>La sua perdita, come qualsiasi morte, soprattutto quando \u00e8 prematura, ferisce profondamente e lascia interdetti. Non ci saranno mai parole adatte per colmare un vuoto perch\u00e9 le persone che amiamo non dovrebbero mai lasciarci. E quando questo accade, occorre lasciare spazio al silenzio e meditare su quanto accaduto.<\/em><\/p>\n\n\n\n<p><em>Il Sindaco e l&#8217;Amministrazione Comunale sono vicini ai genitori e a quanti piangono la morte di Emanuele e, uniti nel cordoglio, invitano tutta la cittadinanza ad un momento corale di riflessione.<\/em><\/p>\n\n\n\n<p><em>Riposa in pace Emanuele<\/em>.<\/p>\n<fb:like href='https:\/\/www.leccecronaca.it\/index.php\/2024\/08\/08\/addio-a-emanuele-3\/' send='true' layout='button_count' show_faces='true' width='450' height='65' action='recommend' colorscheme='light' font='lucida grande'><\/fb:like><span class=\"fb_share\"><fb:like href=\"https:\/\/www.leccecronaca.it\/index.php\/2024\/08\/08\/addio-a-emanuele-3\/\" layout=\"button_count\"><\/fb:like><\/span>","protected":false},"excerpt":{"rendered":"<p>(e.l.) _______\u00a0 \u00a0 Drammatico incidente mortale questa notte sulla tangenziale ovest di Lecce. La vittima \u00e8 Emanuele Montanaro, 23 anni, studente universitario, di Novoli. Stava tornando a casa dopo a serata con amici quando, per cause ancora da accertare, in quanto ci sono due auto coivolte, ha perso il controllo della moto Yamaha R6 che [&hellip;]<\/p>\n","protected":false},"author":4,"featured_media":232650,"comment_status":"open","ping_status":"closed","sticky":false,"template":"","format":"standard","meta":[],"categories":[69],"tags":[],"_links":{"self":[{"href":"https:\/\/www.leccecronaca.it\/index.php\/wp-json\/wp\/v2\/posts\/232649"}],"collection":[{"href":"https:\/\/www.leccecronaca.it\/index.php\/wp-json\/wp\/v2\/posts"}],"about":[{"href":"https:\/\/www.leccecronaca.it\/index.php\/wp-json\/wp\/v2\/types\/post"}],"author":[{"embeddable":true,"href":"https:\/\/www.leccecronaca.it\/index.php\/wp-json\/wp\/v2\/users\/4"}],"replies":[{"embeddable":true,"href":"https:\/\/www.leccecronaca.it\/index.php\/wp-json\/wp\/v2\/comments?post=232649"}],"version-history":[{"count":1,"href":"https:\/\/www.leccecronaca.it\/index.php\/wp-json\/wp\/v2\/posts\/232649\/revisions"}],"predecessor-version":[{"id":232651,"href":"https:\/\/www.leccecronaca.it\/index.php\/wp-json\/wp\/v2\/posts\/232649\/revisions\/232651"}],"wp:featuredmedia":[{"embeddable":true,"href":"https:\/\/www.leccecronaca.it\/index.php\/wp-json\/wp\/v2\/media\/232650"}],"wp:attachment":[{"href":"https:\/\/www.leccecronaca.it\/index.php\/wp-json\/wp\/v2\/media?parent=232649"}],"wp:term":[{"taxonomy":"category","embeddable":true,"href":"https:\/\/www.leccecronaca.it\/index.php\/wp-json\/wp\/v2\/categories?post=232649"},{"taxonomy":"post_tag","embeddable":true,"href":"https:\/\/www.leccecronaca.it\/index.php\/wp-json\/wp\/v2\/tags?post=232649"}],"curies":[{"name":"wp","href":"https:\/\/api.w.org\/{rel}","templated":true}]}}