{"id":233093,"date":"2024-08-22T14:50:03","date_gmt":"2024-08-22T12:50:03","guid":{"rendered":"https:\/\/www.leccecronaca.it\/?p=233093"},"modified":"2024-08-22T14:50:06","modified_gmt":"2024-08-22T12:50:06","slug":"la-drammatica-situazione-in-cui-versano-molti-degli-istituti-penitenziari-italiani-a-partire-dal-problema-del-sovraffollamento-che-nella-nostra-regione-e-in-particolare-a-lecce-e-piuttosto-grave","status":"publish","type":"post","link":"https:\/\/www.leccecronaca.it\/index.php\/2024\/08\/22\/la-drammatica-situazione-in-cui-versano-molti-degli-istituti-penitenziari-italiani-a-partire-dal-problema-del-sovraffollamento-che-nella-nostra-regione-e-in-particolare-a-lecce-e-piuttosto-grave\/","title":{"rendered":"&#8220;La drammatica situazione in cui versano molti degli istituti penitenziari italiani, a partire dal problema del sovraffollamento che nella nostra regione e in particolare a Lecce \u00e8 piuttosto grave&#8221;"},"content":{"rendered":"\n<p><img decoding=\"async\" loading=\"lazy\" width=\"980\" height=\"497\" class=\"wp-image-233094\" style=\"width: 1500px;\" src=\"https:\/\/www.leccecronaca.it\/wordpress\/wp-content\/uploads\/2024\/08\/delega.jpg\" alt=\"\" srcset=\"https:\/\/www.leccecronaca.it\/wordpress\/wp-content\/uploads\/2024\/08\/delega.jpg 980w, https:\/\/www.leccecronaca.it\/wordpress\/wp-content\/uploads\/2024\/08\/delega-300x152.jpg 300w, https:\/\/www.leccecronaca.it\/wordpress\/wp-content\/uploads\/2024\/08\/delega-768x389.jpg 768w\" sizes=\"(max-width: 980px) 100vw, 980px\" \/><\/p>\n\n\n\n<p>Riceviamo e volentieri pubblichiamo. Maria Mancarella, Garante dei diritti delle persone private della libert\u00e0 personale della Citt\u00e0 di Lecce, ci scrive  ______<\/p>\n\n\n\n<p>l 20 Agosto 2024, alle ore 12, una delegazione di FI composta dall\u2019On. Mauro D\u2019Attis, il Sen. Antonio Trevisi, l\u2019On. Andrea Caroppo, il Cons. reg. Paride Mazzotta, ha fatto visita alla Casa Circondariale di Lecce, alla presenza della Direttrice del Carcere Maria Teresa Susca, del primo dirigente della Polizia penitenziaria Luigi Pell\u00e8 e della Garante dei diritti delle persone private della libert\u00e0 personale della citt\u00e0 di Lecce Maria Mancarella.<\/p>\n\n\n\n<p>I temi affrontati sono quelli che in questi ultimi mesi infiammano il dibattito sulla drammatica situazione in cui versano molti degli istituti penitenziari italiani, a partire dal problema del sovraffollamento che nella nostra regione e in particolare a Lecce \u00e8 piuttosto grave.<\/p>\n\n\n\n<p>La casa circondariale Borgo San Nicola presenta, secondo i dati del Ministero, un tasso di sovraffollamento del 140%, con una presenza al 31 luglio di 1.183 detenuti su una capienza regolamentare di 798. La situazione \u00e8 in realt\u00e0 \u00e8 resa pi\u00f9 difficile dalla necessit\u00e0 di dover chiudere, a turno, alcune sezioni per consentire i lavori di manutenzione sia ordinaria che straordinaria, indispensabili e continui in un carcere che ormai da tempo mostra i segni del tempo. Al momento sono chiuse due sezioni che accoglievano circa 100 unit\u00e0. Questo comporta che molte celle siano occupate da tre detenuti, sistemati in letti a castello, con il terzo letto a poche decine di cm dal tetto. La presenza di molte sezioni a regime chiuso, una carenza, al di l\u00e0 degli sforzi della direzione, di offerta lavorativa e di attivit\u00e0 trattamentali, in particolare nei lunghi e caldi mesi estivi, abbassano notevolmente la qualit\u00e0 della vita non solo dei detenuti ma di tutti coloro che nel carcere lavorano, in condizioni spesso di grave difficolt\u00e0.<\/p>\n\n\n\n<p>Un tema messo in evidenza dal Comandante Pell\u00e8 e dalla Direttrice \u00e8 quello del sottodimensionamento della polizia penitenziaria, in particolare nei ruoli di agente assistente, figura cardine nel sistema di controllo e sicurezza di un carcere. <\/p>\n\n\n\n<p>Sono le persone pi\u00f9 a stretto contatto con i detenuti, spesso chiamate al controllo e all\u2019assistenza di pi\u00f9 di una sezione, a volte collocate su piani diversi, spesso costrette a svolgere funzioni di sostegno e di accompagnamento che vanno al di l\u00e0 delle loro specifiche funzioni e che rischiano e scontano, frequentemente, condizioni di burnout pi\u00f9 o meno gravi.<\/p>\n\n\n\n<p>La Garante ha messo in evidenza la necessit\u00e0 di aumentare le figure professionali preposte al sostegno del detenuto: psicologi, funzionari giuridico-pedagogici, assistenti sociali, mediatori culturali, criminologi, il cui numero in pianta organica \u00e8 assolutamente inadeguato ad affrontare le tante, tantissime difficolt\u00e0, individuali e sociali, che i detenuti e le detenute portano con s\u00e9 in carcere e quelle che la vita carceraria genera e acuisce. Il numero di suicidi (ad oggi 67), il pi\u00f9 alto degli ultimi decenni, ne \u00e8 una drammatica dimostrazione.<\/p>\n\n\n\n<p>\u00c8 stato evidenziato poi il grave e ormai cronico tema del diritto alla salute, spesso particolarmente disatteso, della presenza in carcere di molte persone le cui condizioni di salute sono poco compatibili con il regime carcerario, delle gravi carenze nella presenza di medici, in particolare nell\u2019area della salute mentale. La situazione \u00e8 resa ancora pi\u00f9 drammatica dalla presenza in carcere di molti detenuti e detenute che, non trovando posto nella ATSM, Articolazione Tutela Salute Mentale, (che ha visto ridotto negli ultimi anni il numero dei posti letto da 20, al momento della sua costituzione, agli attuali 7, a causa di riduzione drastica delle presenze di medici specialistici), vengono inseriti, a volte anche per lunghi periodi, nelle sezioni ordinarie, con tutte le conseguenze che questo produce sulla vita di tutti, detenuti e detenenti, e sulla gestione delle emergenze.<\/p>\n\n\n\n<p>Tutti i presenti all\u2019incontro hanno evidenziato la necessit\u00e0 di azioni che invertano la direzione e affrontino con risolutezza i gravi problemi emersi. La Garante, vista la gravit\u00e0 della situazione, ha rimarcato la necessit\u00e0 di intervenire con azioni di immediata efficacia, cos\u00ec come chiesto ripetutamente dalla Conferenza dei garanti territoriali, anche come segno di comprensione, sostegno e vicinanza a tutta la popolazione carceraria.<\/p>\n\n\n\n<p>La delegazione ha poi effettuato la visita di alcune sezioni del Circondariale maschile.<\/p>\n\n\n\n<p>\u201cBisogna aver visto\u201d diceva Calamandrei delle carceri italiane, riferendosi all\u2019umanit\u00e0 dolente di quei luoghi e chiedendo l\u2019avvio di un\u2019inchiesta all\u2019interno delle carceri, con l\u2019obiettivo di avviare un processo di riforma. \u00c8 quello che chiunque si appresti a legiferare sul carcere e sulla vita detentiva deve fare prima di qualunque altra cosa.<\/p>\n\n\n\n<p>Come Garante non posso che essere soddisfatta ogni volta che questo si verifica.<\/p>\n\n\n\n<p><\/p>\n<fb:like href='https:\/\/www.leccecronaca.it\/index.php\/2024\/08\/22\/la-drammatica-situazione-in-cui-versano-molti-degli-istituti-penitenziari-italiani-a-partire-dal-problema-del-sovraffollamento-che-nella-nostra-regione-e-in-particolare-a-lecce-e-piuttosto-grave\/' send='true' layout='button_count' show_faces='true' width='450' height='65' action='recommend' colorscheme='light' font='lucida grande'><\/fb:like><span class=\"fb_share\"><fb:like href=\"https:\/\/www.leccecronaca.it\/index.php\/2024\/08\/22\/la-drammatica-situazione-in-cui-versano-molti-degli-istituti-penitenziari-italiani-a-partire-dal-problema-del-sovraffollamento-che-nella-nostra-regione-e-in-particolare-a-lecce-e-piuttosto-grave\/\" layout=\"button_count\"><\/fb:like><\/span>","protected":false},"excerpt":{"rendered":"<p>Riceviamo e volentieri pubblichiamo. Maria Mancarella, Garante dei diritti delle persone private della libert\u00e0 personale della Citt\u00e0 di Lecce, ci scrive ______ l 20 Agosto 2024, alle ore 12, una delegazione di FI composta dall\u2019On. Mauro D\u2019Attis, il Sen. Antonio Trevisi, l\u2019On. Andrea Caroppo, il Cons. reg. Paride Mazzotta, ha fatto visita alla Casa Circondariale [&hellip;]<\/p>\n","protected":false},"author":4,"featured_media":233094,"comment_status":"open","ping_status":"closed","sticky":false,"template":"","format":"standard","meta":[],"categories":[1,69,76,36],"tags":[],"_links":{"self":[{"href":"https:\/\/www.leccecronaca.it\/index.php\/wp-json\/wp\/v2\/posts\/233093"}],"collection":[{"href":"https:\/\/www.leccecronaca.it\/index.php\/wp-json\/wp\/v2\/posts"}],"about":[{"href":"https:\/\/www.leccecronaca.it\/index.php\/wp-json\/wp\/v2\/types\/post"}],"author":[{"embeddable":true,"href":"https:\/\/www.leccecronaca.it\/index.php\/wp-json\/wp\/v2\/users\/4"}],"replies":[{"embeddable":true,"href":"https:\/\/www.leccecronaca.it\/index.php\/wp-json\/wp\/v2\/comments?post=233093"}],"version-history":[{"count":1,"href":"https:\/\/www.leccecronaca.it\/index.php\/wp-json\/wp\/v2\/posts\/233093\/revisions"}],"predecessor-version":[{"id":233095,"href":"https:\/\/www.leccecronaca.it\/index.php\/wp-json\/wp\/v2\/posts\/233093\/revisions\/233095"}],"wp:featuredmedia":[{"embeddable":true,"href":"https:\/\/www.leccecronaca.it\/index.php\/wp-json\/wp\/v2\/media\/233094"}],"wp:attachment":[{"href":"https:\/\/www.leccecronaca.it\/index.php\/wp-json\/wp\/v2\/media?parent=233093"}],"wp:term":[{"taxonomy":"category","embeddable":true,"href":"https:\/\/www.leccecronaca.it\/index.php\/wp-json\/wp\/v2\/categories?post=233093"},{"taxonomy":"post_tag","embeddable":true,"href":"https:\/\/www.leccecronaca.it\/index.php\/wp-json\/wp\/v2\/tags?post=233093"}],"curies":[{"name":"wp","href":"https:\/\/api.w.org\/{rel}","templated":true}]}}