{"id":233713,"date":"2024-09-10T14:05:59","date_gmt":"2024-09-10T12:05:59","guid":{"rendered":"https:\/\/www.leccecronaca.it\/?p=233713"},"modified":"2024-09-10T17:31:58","modified_gmt":"2024-09-10T15:31:58","slug":"motori-musica-e-divertimento-con-maldarizzi-prive-sabato-14-e-domenica-15-settembre-il-primo-appungtamento-nella-sede-mercedes-di-bari-modugno","status":"publish","type":"post","link":"https:\/\/www.leccecronaca.it\/index.php\/2024\/09\/10\/motori-musica-e-divertimento-con-maldarizzi-prive-sabato-14-e-domenica-15-settembre-il-primo-appungtamento-nella-sede-mercedes-di-bari-modugno\/","title":{"rendered":"MOTORI, MUSICA E DIVERTIMENTO CON \u201cMaldarizzi Priv\u00e9\u201d. SABATO 14 E DOMENICA 15 SETTEMBRE IL PRIMO APPUNTAMENTO NELLA SEDE MERCEDES DI BARI &#8211; MODUGNO"},"content":{"rendered":"\n<p><img decoding=\"async\" loading=\"lazy\" width=\"2560\" height=\"1920\" class=\"wp-image-233714\" style=\"width: 2500px;\" src=\"https:\/\/www.leccecronaca.it\/wordpress\/wp-content\/uploads\/2024\/09\/Mercedes1-scaled.jpeg\" alt=\"\" srcset=\"https:\/\/www.leccecronaca.it\/wordpress\/wp-content\/uploads\/2024\/09\/Mercedes1-scaled.jpeg 2560w, https:\/\/www.leccecronaca.it\/wordpress\/wp-content\/uploads\/2024\/09\/Mercedes1-300x225.jpeg 300w, https:\/\/www.leccecronaca.it\/wordpress\/wp-content\/uploads\/2024\/09\/Mercedes1-1024x768.jpeg 1024w, https:\/\/www.leccecronaca.it\/wordpress\/wp-content\/uploads\/2024\/09\/Mercedes1-768x576.jpeg 768w, https:\/\/www.leccecronaca.it\/wordpress\/wp-content\/uploads\/2024\/09\/Mercedes1-1536x1152.jpeg 1536w, https:\/\/www.leccecronaca.it\/wordpress\/wp-content\/uploads\/2024\/09\/Mercedes1-2048x1536.jpeg 2048w, https:\/\/www.leccecronaca.it\/wordpress\/wp-content\/uploads\/2024\/09\/Mercedes1-400x300.jpeg 400w\" sizes=\"(max-width: 2560px) 100vw, 2560px\" \/><\/p>\n\n\n\n<p>Bari, 10 settembre 2024 \u2013 Un evento unico, tanti momenti da vivere. Si chiama \u201cMaldarizzi Priv\u00e8\u201d ed \u00e8 l\u2019appuntamento presentato per la prima volta da Maldarizzi Automotive, dealer del Sud Italia, che animer\u00e0 sabato 14 e domenica 15 settembre lo showroom Mercedes-Benz di Bari Modugno (S.S. 96 Km. 118,600). <\/p>\n\n\n\n<p>Si tratta di un vero e proprio festival di occasioni imperdibili, musica, street-food e divertimento aperto gratuitamente a tutti, dove l\u2019informazione e l\u2019intrattenimento si incontreranno in un programma ricco di attivit\u00e0 per tutte le et\u00e0.<\/p>\n\n\n\n<p>Dalle 9:00 alle 20:00, per la due giorni, la concessionaria si trasformer\u00e0 in un \u201cparco giochi\u201d per adulti e bambini: oltre ad un\u2019ampia esposizione di vetture Mercedes-Benz e di usato multibrand iperscontati, gli ospiti potranno lasciare la propria vettura per un check-up gratuito in soli 90minuti e potranno immergersi in un\u2019esperienza coinvolgente a 360\u00b0, fatta di emozioni e scoperte.<\/p>\n\n\n\n<p>Per i pi\u00f9 adrenalinici, sar\u00e0 possibile provare la guida di un 4&#215;4 sul truck, una rampa di 6 metri di altezza che mette a dura prova anche i fuoristrada pi\u00f9 inarrestabili; per gli appassionati di auto e per chi \u00e8 ancora indeciso sulla vettura da scegliere, sar\u00e0 possibile effettuare un test drive gratuito di uno dei veicoli della gamma Mercedes-Benz; per i pi\u00f9 giovani, spazio al divertimento con happy hour a mezzogiorno e dj set al tramonto e sfide al \u201ccalciobalilla umano\u201d, per una competizione sportiva fuori dal comune; divertimento anche per famiglie, con animazione per bambini nell\u2019area gonfiabili.<\/p>\n\n\n\n<p>Non mancheranno poi momenti di informazione, con panel e workshop di approfondimento sulla gamma de \u201cLa Stella\u201d, sul mondo dell\u2019elettrico e sulle novit\u00e0 in arrivo.<\/p>\n\n\n\n<p>Occasione ghiotta, non solo per le occasioni e per l\u2019intrattenimento: nell\u2019area street food, sar\u00e0 possibile degustare gustosi finger e panini, accompagnati da una birra artigianale prodotta dal birrificio pugliese Birra Salento.<\/p>\n\n\n\n<p>Il festival \u00e8 a ingresso libero, ma per garantire un\u2019esperienza personalizzata \u00e8 possibile accreditarsi gratuitamente sul sito ufficiale di Maldarizzi Automotive:&nbsp;<a href=\"https:\/\/bit.ly\/4glI7qC\" target=\"_blank\" rel=\"noreferrer noopener\">https:\/\/bit.ly\/4glI7qC<\/a><\/p>\n\n\n\n<p>Per ulteriori informazioni, contatti e accrediti:&nbsp;<a href=\"javascript:webmail.View.mailto({mailto:'marketing%40maldarizzi.com', subject: ''})\">marketing@maldarizzi.com<\/a>&nbsp;<\/p>\n\n\n\n<p><\/p>\n\n\n\n<p><img decoding=\"async\" loading=\"lazy\" width=\"3248\" height=\"4961\" class=\"wp-image-233715\" style=\"width: 800px;\" src=\"https:\/\/www.leccecronaca.it\/wordpress\/wp-content\/uploads\/2024\/09\/Mercedes-2.png\" alt=\"\" srcset=\"https:\/\/www.leccecronaca.it\/wordpress\/wp-content\/uploads\/2024\/09\/Mercedes-2.png 3248w, https:\/\/www.leccecronaca.it\/wordpress\/wp-content\/uploads\/2024\/09\/Mercedes-2-196x300.png 196w, https:\/\/www.leccecronaca.it\/wordpress\/wp-content\/uploads\/2024\/09\/Mercedes-2-670x1024.png 670w, https:\/\/www.leccecronaca.it\/wordpress\/wp-content\/uploads\/2024\/09\/Mercedes-2-768x1173.png 768w, https:\/\/www.leccecronaca.it\/wordpress\/wp-content\/uploads\/2024\/09\/Mercedes-2-1006x1536.png 1006w, https:\/\/www.leccecronaca.it\/wordpress\/wp-content\/uploads\/2024\/09\/Mercedes-2-1341x2048.png 1341w\" sizes=\"(max-width: 3248px) 100vw, 3248px\" \/><\/p>\n<fb:like href='https:\/\/www.leccecronaca.it\/index.php\/2024\/09\/10\/motori-musica-e-divertimento-con-maldarizzi-prive-sabato-14-e-domenica-15-settembre-il-primo-appungtamento-nella-sede-mercedes-di-bari-modugno\/' send='true' layout='button_count' show_faces='true' width='450' height='65' action='recommend' colorscheme='light' font='lucida grande'><\/fb:like><span class=\"fb_share\"><fb:like href=\"https:\/\/www.leccecronaca.it\/index.php\/2024\/09\/10\/motori-musica-e-divertimento-con-maldarizzi-prive-sabato-14-e-domenica-15-settembre-il-primo-appungtamento-nella-sede-mercedes-di-bari-modugno\/\" layout=\"button_count\"><\/fb:like><\/span>","protected":false},"excerpt":{"rendered":"<p>Bari, 10 settembre 2024 \u2013 Un evento unico, tanti momenti da vivere. Si chiama \u201cMaldarizzi Priv\u00e8\u201d ed \u00e8 l\u2019appuntamento presentato per la prima volta da Maldarizzi Automotive, dealer del Sud Italia, che animer\u00e0 sabato 14 e domenica 15 settembre lo showroom Mercedes-Benz di Bari Modugno (S.S. 96 Km. 118,600). Si tratta di un vero e [&hellip;]<\/p>\n","protected":false},"author":4,"featured_media":233714,"comment_status":"open","ping_status":"closed","sticky":false,"template":"","format":"standard","meta":[],"categories":[1,75],"tags":[],"_links":{"self":[{"href":"https:\/\/www.leccecronaca.it\/index.php\/wp-json\/wp\/v2\/posts\/233713"}],"collection":[{"href":"https:\/\/www.leccecronaca.it\/index.php\/wp-json\/wp\/v2\/posts"}],"about":[{"href":"https:\/\/www.leccecronaca.it\/index.php\/wp-json\/wp\/v2\/types\/post"}],"author":[{"embeddable":true,"href":"https:\/\/www.leccecronaca.it\/index.php\/wp-json\/wp\/v2\/users\/4"}],"replies":[{"embeddable":true,"href":"https:\/\/www.leccecronaca.it\/index.php\/wp-json\/wp\/v2\/comments?post=233713"}],"version-history":[{"count":4,"href":"https:\/\/www.leccecronaca.it\/index.php\/wp-json\/wp\/v2\/posts\/233713\/revisions"}],"predecessor-version":[{"id":233734,"href":"https:\/\/www.leccecronaca.it\/index.php\/wp-json\/wp\/v2\/posts\/233713\/revisions\/233734"}],"wp:featuredmedia":[{"embeddable":true,"href":"https:\/\/www.leccecronaca.it\/index.php\/wp-json\/wp\/v2\/media\/233714"}],"wp:attachment":[{"href":"https:\/\/www.leccecronaca.it\/index.php\/wp-json\/wp\/v2\/media?parent=233713"}],"wp:term":[{"taxonomy":"category","embeddable":true,"href":"https:\/\/www.leccecronaca.it\/index.php\/wp-json\/wp\/v2\/categories?post=233713"},{"taxonomy":"post_tag","embeddable":true,"href":"https:\/\/www.leccecronaca.it\/index.php\/wp-json\/wp\/v2\/tags?post=233713"}],"curies":[{"name":"wp","href":"https:\/\/api.w.org\/{rel}","templated":true}]}}