{"id":233891,"date":"2024-09-15T11:15:01","date_gmt":"2024-09-15T09:15:01","guid":{"rendered":"https:\/\/www.leccecronaca.it\/?p=233891"},"modified":"2024-09-15T11:53:10","modified_gmt":"2024-09-15T09:53:10","slug":"233891","status":"publish","type":"post","link":"https:\/\/www.leccecronaca.it\/index.php\/2024\/09\/15\/233891\/","title":{"rendered":"&#8220;\u00c8 possibile un\u2019economia che vada oltre la crescita economica garantendo la giustizia socio-spaziale? Ovvero in armonia con la vita e le leggi della natura?&#8221;. LA RISPOSTA IN UN SAGGIO CURATO DA MARGHERITA CIERVO"},"content":{"rendered":"\n<p><img decoding=\"async\" loading=\"lazy\" width=\"811\" height=\"378\" class=\"wp-image-233896\" style=\"width: 1500px;\" src=\"https:\/\/www.leccecronaca.it\/wordpress\/wp-content\/uploads\/2024\/09\/images-3.jpeg\" alt=\"\" srcset=\"https:\/\/www.leccecronaca.it\/wordpress\/wp-content\/uploads\/2024\/09\/images-3.jpeg 811w, https:\/\/www.leccecronaca.it\/wordpress\/wp-content\/uploads\/2024\/09\/images-3-300x140.jpeg 300w, https:\/\/www.leccecronaca.it\/wordpress\/wp-content\/uploads\/2024\/09\/images-3-768x358.jpeg 768w\" sizes=\"(max-width: 811px) 100vw, 811px\" \/><\/p>\n\n\n\n<p>(Rdl) ______<strong>  <\/strong>E&#8217; uscito, in formato e-book, il saggio <em><strong>\u201cBioeconomia e territori: oltre la crescita. Analisi, casi di studio, esperienze e pratiche territoriali\u201d<\/strong><\/em>, a cura della professoressa<strong> Margherita Ciervo.<\/strong><\/p>\n\n\n\n<p>E&#8217; <strong>p<\/strong>romosso dall\u2019OIB, Osservatorio Interdisciplinare sulla Bioeconomia (<a href=\"http:\/\/www.osservatoriobioeconomia.it\/\" target=\"_blank\" rel=\"noreferrer noopener\">www.osservatoriobioeconomia.it<\/a>) e dalla Rivista \u201cEconomia e Ambiente\u201d (<a href=\"http:\/\/www.economiaeambiente.it\/\" target=\"_blank\" rel=\"noreferrer noopener\">www.economiaeambiente.it<\/a>), patrocinato dalla Cattedra UNESCO \u201cSistemi Economici e Diritti Umani\u201d dell\u2019Universit\u00e0 de la Plata, Argentina e realizzato con il sostegno dell\u2019Universit\u00e0 degli Studi di Foggia.<\/p>\n\n\n\n<p><\/p>\n\n\n\n<p>Il periodo che stiamo vivendo \u00e8 un periodo di crisi ecologica e sociale, di stravolgimenti e apparenti cambiamenti sul piano politico, nonch\u00e9 di caos sistemico. Tuttavia, molte delle attuali attivit\u00e0 e politiche economiche \u201cverdi\u201d ripropongono la stessa logica industrialista e tecnocentrica alla base dell\u2019economia \u201cfossile\u201d, basata sui dogmi della crescita economica e della competizione dai quali sembra non si possa prescindere. Ma \u00e8 davvero cos\u00ec? <\/p>\n\n\n\n<p>\u00c8 possibile immaginare e implementare un\u2019economia che vada oltre la crescita economica garantendo la giustizia socio-spaziale? Cosa significa oggi attuare una Bioeconomia coerente con la teoria bioeconomica di Nicholas Georgescu-Roegen (nella foto), ovvero una economia in armonia con la vita e le leggi della natura? Cosa ci insegnano le esperienze e le pratiche territoriali che si muovono in tale ambito?<\/p>\n\n\n\n<p>Queste sono alcune fra le domande a cui gli autori provano a dare risposta, approcciando la problematica da diversi punti di vista.&nbsp;Queste pagine, inoltre, aspirano ad offrire uno \u201cscampolo\u201d di recuperata saggezza attraverso la finestra dei casi di studio e delle esperienze territoriali che nel loro farsi si avvicinano all\u2019idea di un\u2019economia in armonia con la vita e la natura.<\/p>\n\n\n\n<p>Il volume termina con una parte conclusiva che si compone di una riflessione su orizzonti possibili di \u201cconservazione e rigenerazione dei luoghi di vita\u201d e \u201c<strong>Il (non) Manifesto della Bioeconomia<\/strong>\u201d la cui idea \u00e8 scaturita dal Convegno di dicembre 2022 svoltosi presso la Societ\u00e0 Geografica Italiana (<a href=\"https:\/\/societageografica.net\/wp\/?s=bioeconomia&amp;submit\" target=\"_blank\" rel=\"noreferrer noopener\">https:\/\/societageografica.net\/wp\/?s=bioeconomia&amp;submit<\/a>=) ed \u00e8 stata colta dall\u2019OIB che, in collaborazione con la Rivista \u201cEconomia e Ambiente\u201d, ne ha curato la redazione. \u201cIl (non) Manifesto della Bioeconomia\u201d intende rispondere alla necessit\u00e0 urgente di porre dei punti basilari per fare chiarezza immediata (tipica di un manifesto) ma al tempo stesso rigorosa (tipica di un documento scientifico) di cosa sia la Bioeconomia mettendo in luce cosa la Bioeconomia non \u00e8<em>.&nbsp;<\/em>Difatti, un atto redimente e improcrastinabile per la diffusione della Bioeconomia, sia in ambito accademico sia in ambito pi\u00f9 ampiamente sociale e politico, \u00e8 \u201cliberarla\u201d dalla trappola semantica in cui si trova \u201cincastrata\u201d da una decina d\u2019anni, ovvero da quando nel 2012, in seguito all\u2019approvazione delle Strategie di Bioeconomia a livello europeo e di altri Stati, \u00e8 stata diffusa \u2013 e sostenuta mediaticamente con grande vigore \u2013 l\u2019idea che la bioeconomia si sostanzi nella mera sostituzione di fonti fossili con quelle organiche, funzionale alla crescita economica, in evidente contraddizione rispetto alla prospettiva di Georgescu-Roegen. Questo approccio ha prodotto un\u2019enorme nebbia che richiede di essere diradata.<\/p>\n\n\n\n<p>Il testo \u00e8 pubblicato dalla Societ\u00e0 dei Territorialisti Edizioni (Collana \u201cRicerche e studi territorialisti\u201d) ed \u00e8 liberamente scaricabile dal suo sito al seguente link:<\/p>\n\n\n\n<p><a href=\"https:\/\/www.societadeiterritorialisti.it\/2016\/01\/17\/collana-qricerche-e-studi-territorialistiq\/.\">https:\/\/www.societadeiterritorialisti.it\/2016\/01\/17\/collana-qricerche-e-studi-territorialistiq\/.<\/a><\/p>\n\n\n\n<p><\/p>\n\n\n\n<p>Per eventuali informazioni:\u00a0<a href=\"javascript:webmail.View.mailto({mailto:'info@osservatoriobioeconomia.it', subject: ''})\">info@osservatoriobioeconomia.it<\/a><\/p>\n\n\n\n<p><\/p>\n\n\n\n<p><img decoding=\"async\" loading=\"lazy\" width=\"189\" height=\"267\" class=\"wp-image-233895\" style=\"width: 600px;\" src=\"https:\/\/www.leccecronaca.it\/wordpress\/wp-content\/uploads\/2024\/09\/cobrrbu.jpeg\" alt=\"\"><\/p>\n<fb:like href='https:\/\/www.leccecronaca.it\/index.php\/2024\/09\/15\/233891\/' send='true' layout='button_count' show_faces='true' width='450' height='65' action='recommend' colorscheme='light' font='lucida grande'><\/fb:like><span class=\"fb_share\"><fb:like href=\"https:\/\/www.leccecronaca.it\/index.php\/2024\/09\/15\/233891\/\" layout=\"button_count\"><\/fb:like><\/span>","protected":false},"excerpt":{"rendered":"<p>(Rdl) ______ E&#8217; uscito, in formato e-book, il saggio \u201cBioeconomia e territori: oltre la crescita. Analisi, casi di studio, esperienze e pratiche territoriali\u201d, a cura della professoressa Margherita Ciervo. E&#8217; promosso dall\u2019OIB, Osservatorio Interdisciplinare sulla Bioeconomia (www.osservatoriobioeconomia.it) e dalla Rivista \u201cEconomia e Ambiente\u201d (www.economiaeambiente.it), patrocinato dalla Cattedra UNESCO \u201cSistemi Economici e Diritti Umani\u201d dell\u2019Universit\u00e0 de [&hellip;]<\/p>\n","protected":false},"author":4,"featured_media":233896,"comment_status":"open","ping_status":"closed","sticky":false,"template":"","format":"standard","meta":[],"categories":[1,69,31,76],"tags":[],"_links":{"self":[{"href":"https:\/\/www.leccecronaca.it\/index.php\/wp-json\/wp\/v2\/posts\/233891"}],"collection":[{"href":"https:\/\/www.leccecronaca.it\/index.php\/wp-json\/wp\/v2\/posts"}],"about":[{"href":"https:\/\/www.leccecronaca.it\/index.php\/wp-json\/wp\/v2\/types\/post"}],"author":[{"embeddable":true,"href":"https:\/\/www.leccecronaca.it\/index.php\/wp-json\/wp\/v2\/users\/4"}],"replies":[{"embeddable":true,"href":"https:\/\/www.leccecronaca.it\/index.php\/wp-json\/wp\/v2\/comments?post=233891"}],"version-history":[{"count":2,"href":"https:\/\/www.leccecronaca.it\/index.php\/wp-json\/wp\/v2\/posts\/233891\/revisions"}],"predecessor-version":[{"id":233897,"href":"https:\/\/www.leccecronaca.it\/index.php\/wp-json\/wp\/v2\/posts\/233891\/revisions\/233897"}],"wp:featuredmedia":[{"embeddable":true,"href":"https:\/\/www.leccecronaca.it\/index.php\/wp-json\/wp\/v2\/media\/233896"}],"wp:attachment":[{"href":"https:\/\/www.leccecronaca.it\/index.php\/wp-json\/wp\/v2\/media?parent=233891"}],"wp:term":[{"taxonomy":"category","embeddable":true,"href":"https:\/\/www.leccecronaca.it\/index.php\/wp-json\/wp\/v2\/categories?post=233891"},{"taxonomy":"post_tag","embeddable":true,"href":"https:\/\/www.leccecronaca.it\/index.php\/wp-json\/wp\/v2\/tags?post=233891"}],"curies":[{"name":"wp","href":"https:\/\/api.w.org\/{rel}","templated":true}]}}