{"id":234081,"date":"2024-09-20T16:50:00","date_gmt":"2024-09-20T14:50:00","guid":{"rendered":"https:\/\/www.leccecronaca.it\/?p=234081"},"modified":"2024-09-20T21:02:15","modified_gmt":"2024-09-20T19:02:15","slug":"la-festa-provinciale-dell-unita-ad-aradeo-da-venerdi-27","status":"publish","type":"post","link":"https:\/\/www.leccecronaca.it\/index.php\/2024\/09\/20\/la-festa-provinciale-dell-unita-ad-aradeo-da-venerdi-27\/","title":{"rendered":"LA  FESTA PROVINCIALE DELL&#8217; UNITA&#8217; AD ARADEO DA VENERDI&#8217; 27"},"content":{"rendered":"\n<p><img decoding=\"async\" loading=\"lazy\" width=\"780\" height=\"470\" class=\"wp-image-234082\" style=\"width: 2500px;\" src=\"https:\/\/www.leccecronaca.it\/wordpress\/wp-content\/uploads\/2024\/09\/n-780x470-1.jpg\" alt=\"\" srcset=\"https:\/\/www.leccecronaca.it\/wordpress\/wp-content\/uploads\/2024\/09\/n-780x470-1.jpg 780w, https:\/\/www.leccecronaca.it\/wordpress\/wp-content\/uploads\/2024\/09\/n-780x470-1-300x181.jpg 300w, https:\/\/www.leccecronaca.it\/wordpress\/wp-content\/uploads\/2024\/09\/n-780x470-1-768x463.jpg 768w\" sizes=\"(max-width: 780px) 100vw, 780px\" \/><\/p>\n\n\n\n<p>Dalla segreteria PD Salento riceviamo e volentieri pubblichiamo (nella foto, al centro, il segretario provinciale luciano Marrocco) ______<\/p>\n\n\n\n<p>TORNA LA FESTA DE L&#8217;UNIT\u00c0 PROVINCIALE<\/p>\n\n\n\n<p>La Federazione provinciale del Partito Democratico e il circolo di Aradeo Guido Blandini insieme per tre giorni all&#8217;insegna dell&#8217;approfondimento, della riflessione e del dibattito per &#8220;creare l&#8217;alternativa&#8221;.<\/p>\n\n\n\n<p>27 &#8211; 28 &#8211; 29 settembre<\/p>\n\n\n\n<p>ARADEO &#8211; PIAZZA MUNICIPIO.<\/p>\n\n\n\n<p>Le parole d&#8217;ordine\u00a0 di questa tre giorni sono: Verde, Giusta, Sociale. Sono aggettivi che evocano gli stessi temi affrontati lo scorso dicembre nel &#8220;Forum Europa&#8221; e racchiudono certamente i valori che per noi rappresentano i punti saldi di riferimento della agenda politica del nostro Partito.<\/p>\n\n\n\n<p>&#8220;Sono contento e soddisfatto che il Partito\u00a0 sia tornato Ad organizzare la Festa provinciale segno questo di una vitalit\u00e0 e di un impegno costante. Ringrazio quanti si sono impegnati e si impegneranno nei prossimi giorni, a tutte le volontarie e i volontari, la segreteria provinciale e tutti i milanti che saranno con noi. Un ringraziamento particolare va al circolo ospitante, il circolo &#8220;Guido Blandini&#8221; di Aradeo. Un circolo molto attivo nel panorama provinciale e che si contraddistingue per impegno e qualit\u00e0 dell&#8217;azione politica svolta realizzando iniziative che incrociano e applicano sul campo proprio i contenuti di quella agenda politica che, grazie alla segreteria Schlein, sta ridando slancio e vigore al Partito Democratico. Siamo in una fase politica la cui gestione sar\u00e0 determinate per il futuro del centrosinistra e per il futuro dell&#8217;Italia, governata oggi da forze politiche che vanno contro la storia, contro i diritti e contro chi ha pi\u00f9 bisogno. Come Partito provinciale siamo in campo per &#8220;creare l&#8217;alternativa&#8221; necessaria.&#8221; Cos\u00ec il segretario provinciale LUCIANO MARROCCO.<\/p>\n\n\n\n<p><\/p>\n\n\n\n<p>Soddisfazione anche da Fabio Manta segretario del circolo di Aradeo: &#8220;L\u2019organizzazione della Festa de L\u2019Unit\u00e0 Provinciale \u00e9 una grande opportunit\u00e0 e un privilegio per tutta la comunit\u00e0 democratica aradeina. Siamo convinti che l\u2019aggregazione offerta da questa importante manifestazione sia un concreto avvicinamento alla gente e amplifichi la portata delle iniziative proposte dal Partito Democratico, oltre a dare slancio alle opportunit\u00e0 offerte dal territorio e fiducia alle diverse identit\u00e0 presenti nei nostri paesi.\u201d<\/p>\n<fb:like href='https:\/\/www.leccecronaca.it\/index.php\/2024\/09\/20\/la-festa-provinciale-dell-unita-ad-aradeo-da-venerdi-27\/' send='true' layout='button_count' show_faces='true' width='450' height='65' action='recommend' colorscheme='light' font='lucida grande'><\/fb:like><span class=\"fb_share\"><fb:like href=\"https:\/\/www.leccecronaca.it\/index.php\/2024\/09\/20\/la-festa-provinciale-dell-unita-ad-aradeo-da-venerdi-27\/\" layout=\"button_count\"><\/fb:like><\/span>","protected":false},"excerpt":{"rendered":"<p>Dalla segreteria PD Salento riceviamo e volentieri pubblichiamo (nella foto, al centro, il segretario provinciale luciano Marrocco) ______ TORNA LA FESTA DE L&#8217;UNIT\u00c0 PROVINCIALE La Federazione provinciale del Partito Democratico e il circolo di Aradeo Guido Blandini insieme per tre giorni all&#8217;insegna dell&#8217;approfondimento, della riflessione e del dibattito per &#8220;creare l&#8217;alternativa&#8221;. 27 &#8211; 28 &#8211; [&hellip;]<\/p>\n","protected":false},"author":4,"featured_media":234082,"comment_status":"open","ping_status":"closed","sticky":false,"template":"","format":"standard","meta":[],"categories":[69,76],"tags":[],"_links":{"self":[{"href":"https:\/\/www.leccecronaca.it\/index.php\/wp-json\/wp\/v2\/posts\/234081"}],"collection":[{"href":"https:\/\/www.leccecronaca.it\/index.php\/wp-json\/wp\/v2\/posts"}],"about":[{"href":"https:\/\/www.leccecronaca.it\/index.php\/wp-json\/wp\/v2\/types\/post"}],"author":[{"embeddable":true,"href":"https:\/\/www.leccecronaca.it\/index.php\/wp-json\/wp\/v2\/users\/4"}],"replies":[{"embeddable":true,"href":"https:\/\/www.leccecronaca.it\/index.php\/wp-json\/wp\/v2\/comments?post=234081"}],"version-history":[{"count":1,"href":"https:\/\/www.leccecronaca.it\/index.php\/wp-json\/wp\/v2\/posts\/234081\/revisions"}],"predecessor-version":[{"id":234083,"href":"https:\/\/www.leccecronaca.it\/index.php\/wp-json\/wp\/v2\/posts\/234081\/revisions\/234083"}],"wp:featuredmedia":[{"embeddable":true,"href":"https:\/\/www.leccecronaca.it\/index.php\/wp-json\/wp\/v2\/media\/234082"}],"wp:attachment":[{"href":"https:\/\/www.leccecronaca.it\/index.php\/wp-json\/wp\/v2\/media?parent=234081"}],"wp:term":[{"taxonomy":"category","embeddable":true,"href":"https:\/\/www.leccecronaca.it\/index.php\/wp-json\/wp\/v2\/categories?post=234081"},{"taxonomy":"post_tag","embeddable":true,"href":"https:\/\/www.leccecronaca.it\/index.php\/wp-json\/wp\/v2\/tags?post=234081"}],"curies":[{"name":"wp","href":"https:\/\/api.w.org\/{rel}","templated":true}]}}