{"id":234246,"date":"2024-09-26T11:37:58","date_gmt":"2024-09-26T09:37:58","guid":{"rendered":"https:\/\/www.leccecronaca.it\/?p=234246"},"modified":"2024-09-26T11:38:01","modified_gmt":"2024-09-26T09:38:01","slug":"il-libro-come-promesso-a-mia-nonna-di-ablaye-seye-a-lecce-venerdi-27","status":"publish","type":"post","link":"https:\/\/www.leccecronaca.it\/index.php\/2024\/09\/26\/il-libro-come-promesso-a-mia-nonna-di-ablaye-seye-a-lecce-venerdi-27\/","title":{"rendered":"IL LIBRO &#8220;Come promesso a mia nonna&#8221; DI ABLAYE SEYE A LECCE VENERDI&#8217; 27"},"content":{"rendered":"\n<p><img decoding=\"async\" loading=\"lazy\" width=\"960\" height=\"576\" class=\"wp-image-234247\" style=\"width: 1500px;\" src=\"https:\/\/www.leccecronaca.it\/wordpress\/wp-content\/uploads\/2024\/09\/10339741_10205260578887000_5513683967489422060_n.jpg\" alt=\"\" srcset=\"https:\/\/www.leccecronaca.it\/wordpress\/wp-content\/uploads\/2024\/09\/10339741_10205260578887000_5513683967489422060_n.jpg 960w, https:\/\/www.leccecronaca.it\/wordpress\/wp-content\/uploads\/2024\/09\/10339741_10205260578887000_5513683967489422060_n-300x180.jpg 300w, https:\/\/www.leccecronaca.it\/wordpress\/wp-content\/uploads\/2024\/09\/10339741_10205260578887000_5513683967489422060_n-768x461.jpg 768w\" sizes=\"(max-width: 960px) 100vw, 960px\" \/><\/p>\n\n\n\n<p>Riceviamo e volentieri pubblichiamo (nella nostra foto, l&#8217;autore del libro)  ______<\/p>\n\n\n\n<p>Presentazione del libro &#8220;Come promesso a mia nonna&#8221;  di Ablaye Seye il 27 settembre 2024 ore 16.00 in Piazzetta dei Peruzzi, 1, 73100 Lecce.<\/p>\n\n\n\n<p>L&#8217; Unione Italiana dei Ciechi e degli Ipovedenti \u2013 ETS-APS Consiglio Regionale della Puglia. La Sezione territoriale UICI Lecce con sede in Piazzetta dei Peruzzi, 1, 73100 Lecce organizza la presentazione del libro come promesso a mia nonna dell&#8217; autore Ablaye seye .<\/p>\n\n\n\n<p>\u00a0Nato a Yeumbeul (Dakar-Senegal) il 18\/08\/1991 \u00e8 Vice presidente dell\u2019Associazione TERANGA \/A.I.P Lecce, Changemaker presso OIM Roma,\u00a0 Referente territoriale nell\u2019ambito del progetto 2328 \u201cIMPACT-Integrazione dei Migranti con Politiche e azioni Cooprogettate sul territorio a Lecce, Mediatore culturale e linguistico e\u00a0 frequenta il corso di Laurea in Sociologia all\u2019Universit\u00e0 del Salento.<\/p>\n\n\n\n<p>Il libro &#8220;Come promesso a mia nonna&#8221; &nbsp;\u00e8 gi\u00e0 vincitore&nbsp; del Faraexcelsior 2024 di Rimini. Classificato al primo posto con i complimenti della giuria i cui membri hanno dichiarato:<\/p>\n\n\n\n<p>\u00abIl racconto di un viaggio che pochi fanno, un viaggio che cambia la vita di generazioni. Sia lodato Allah per aver concesso questo a chi l\u2019ha concesso. \u00c8 un segno, una volont\u00e0 scritta nel predestinato affinch\u00e9 molti ne abbiano giovamento. Un racconto fatto bene, scritto bene, pensato bene se non fosse che \u00e8 molto probabilmente la descrizione di un fatto reale. Complimenti per avermi fatto emozionare.\u00bb (Angelo Leva)<\/p>\n\n\n\n<p>\u00abL\u2019umanit\u00e0 tutta \u00e8 contenuta e narrata nelle vicende di una traversata in un barcone della speranza.\u00bb (Claudio Fraticelli)<\/p>\n\n\n\n<p>\u00abTesto di notevole maturit\u00e0 narrativa, intenso e dal forte tono drammatico. Da segnalare la sensibilit\u00e0 per la vita, pure vegetale (le piante \u00absono vive, si aspettano sempre una carezza da noi\u00bb). Fa intravedere delle luci, che si chiamano umanit\u00e0, solidariet\u00e0, speranza.\u00bb (Giuseppe Moscati)<\/p>\n\n\n\n<p>La Sezione territoriale UICI Lecce insieme all&#8217; autore, la comunit\u00e0 straniera a Lecce tramite la rete&nbsp; IMMIG-RETE &nbsp;(delle associazioni straniere presenti a Lecce e provincia) , insieme al comune di lecce, la provincia di Lecce e lo sportello dei diritti, organizzano&nbsp; un&#8217; incontro di lettura e di confronto intorno alle tematiche sull&#8217;immigrazione sottolineato nelle varie pagine del libro. Sar\u00e0 un momento di condivisione, di osmosi e soprattutto di confronto &nbsp;sull&#8217;interculturalit\u00e0.<\/p>\n\n\n\n<p>Sar\u00e0 anche l&#8217;occasione di sentire il racconto di&nbsp; una bellissima storia di speranza e riscatto, la storia di un giovanissimo uomo che sfida un viaggio per mare come tanti giovani africani in fuga dalla miseria o dalle persecuzioni religiose e civili o semplicemente in cerca di un futuro migliore.&nbsp;<\/p>\n\n\n\n<p>Si auspice, come&nbsp; dice la Claudia Piccini, che questo racconto venga letto dai ragazzi italiani e da quelli africani perch\u00e9 i primi potranno scoprire il valore del sacrificio, l&#8217;importanza di sfidare l&#8217;ignoto mettendosi alla prova e contando sulle sole proprie forze, i secondi potranno immedesimarsi nel nostro autore e protagonista e credere che un futuro&nbsp; migliore sia possibile. Per tutti infine, resta una morale: la saggezza degli anziani non \u00e8 cosa trascurabile, ma \u00e8 il fondamento delle nostre radici e pur avendo dispiegato le ali, prima o poi bisogna fare ritorno se non altro per tener fede ad una promessa e per fare un bilancio.<\/p>\n<fb:like href='https:\/\/www.leccecronaca.it\/index.php\/2024\/09\/26\/il-libro-come-promesso-a-mia-nonna-di-ablaye-seye-a-lecce-venerdi-27\/' send='true' layout='button_count' show_faces='true' width='450' height='65' action='recommend' colorscheme='light' font='lucida grande'><\/fb:like><span class=\"fb_share\"><fb:like href=\"https:\/\/www.leccecronaca.it\/index.php\/2024\/09\/26\/il-libro-come-promesso-a-mia-nonna-di-ablaye-seye-a-lecce-venerdi-27\/\" layout=\"button_count\"><\/fb:like><\/span>","protected":false},"excerpt":{"rendered":"<p>Riceviamo e volentieri pubblichiamo (nella nostra foto, l&#8217;autore del libro) ______ Presentazione del libro &#8220;Come promesso a mia nonna&#8221; di Ablaye Seye il 27 settembre 2024 ore 16.00 in Piazzetta dei Peruzzi, 1, 73100 Lecce. L&#8217; Unione Italiana dei Ciechi e degli Ipovedenti \u2013 ETS-APS Consiglio Regionale della Puglia. La Sezione territoriale UICI Lecce con [&hellip;]<\/p>\n","protected":false},"author":4,"featured_media":234247,"comment_status":"open","ping_status":"closed","sticky":false,"template":"","format":"standard","meta":[],"categories":[31,75,57],"tags":[],"_links":{"self":[{"href":"https:\/\/www.leccecronaca.it\/index.php\/wp-json\/wp\/v2\/posts\/234246"}],"collection":[{"href":"https:\/\/www.leccecronaca.it\/index.php\/wp-json\/wp\/v2\/posts"}],"about":[{"href":"https:\/\/www.leccecronaca.it\/index.php\/wp-json\/wp\/v2\/types\/post"}],"author":[{"embeddable":true,"href":"https:\/\/www.leccecronaca.it\/index.php\/wp-json\/wp\/v2\/users\/4"}],"replies":[{"embeddable":true,"href":"https:\/\/www.leccecronaca.it\/index.php\/wp-json\/wp\/v2\/comments?post=234246"}],"version-history":[{"count":1,"href":"https:\/\/www.leccecronaca.it\/index.php\/wp-json\/wp\/v2\/posts\/234246\/revisions"}],"predecessor-version":[{"id":234248,"href":"https:\/\/www.leccecronaca.it\/index.php\/wp-json\/wp\/v2\/posts\/234246\/revisions\/234248"}],"wp:featuredmedia":[{"embeddable":true,"href":"https:\/\/www.leccecronaca.it\/index.php\/wp-json\/wp\/v2\/media\/234247"}],"wp:attachment":[{"href":"https:\/\/www.leccecronaca.it\/index.php\/wp-json\/wp\/v2\/media?parent=234246"}],"wp:term":[{"taxonomy":"category","embeddable":true,"href":"https:\/\/www.leccecronaca.it\/index.php\/wp-json\/wp\/v2\/categories?post=234246"},{"taxonomy":"post_tag","embeddable":true,"href":"https:\/\/www.leccecronaca.it\/index.php\/wp-json\/wp\/v2\/tags?post=234246"}],"curies":[{"name":"wp","href":"https:\/\/api.w.org\/{rel}","templated":true}]}}