{"id":234262,"date":"2024-09-29T15:30:00","date_gmt":"2024-09-29T13:30:00","guid":{"rendered":"https:\/\/www.leccecronaca.it\/?p=234262"},"modified":"2024-10-03T14:58:26","modified_gmt":"2024-10-03T12:58:26","slug":"il-pranzo-della-domenica-nel-laboratorio-di-claudio-capone-campanelle-fischietti-e-peperoni","status":"publish","type":"post","link":"https:\/\/www.leccecronaca.it\/index.php\/2024\/09\/29\/il-pranzo-della-domenica-nel-laboratorio-di-claudio-capone-campanelle-fischietti-e-peperoni\/","title":{"rendered":"IL PRANZO DELLA DOMENICA \/ NEL LABORATORIO DI CLAUDIO CAPONE CAMPANELLE, FISCHIETTI E&#8230; PEPERONI"},"content":{"rendered":"\n<p><img decoding=\"async\" loading=\"lazy\" width=\"1920\" height=\"2560\" class=\"wp-image-234264\" style=\"width: 2500px;\" src=\"https:\/\/www.leccecronaca.it\/wordpress\/wp-content\/uploads\/2024\/09\/1723618019751claudio-scaled.jpg\" alt=\"\" srcset=\"https:\/\/www.leccecronaca.it\/wordpress\/wp-content\/uploads\/2024\/09\/1723618019751claudio-scaled.jpg 1920w, https:\/\/www.leccecronaca.it\/wordpress\/wp-content\/uploads\/2024\/09\/1723618019751claudio-225x300.jpg 225w, https:\/\/www.leccecronaca.it\/wordpress\/wp-content\/uploads\/2024\/09\/1723618019751claudio-768x1024.jpg 768w, https:\/\/www.leccecronaca.it\/wordpress\/wp-content\/uploads\/2024\/09\/1723618019751claudio-1152x1536.jpg 1152w, https:\/\/www.leccecronaca.it\/wordpress\/wp-content\/uploads\/2024\/09\/1723618019751claudio-1536x2048.jpg 1536w\" sizes=\"(max-width: 1920px) 100vw, 1920px\" \/><\/p>\n\n\n\n<p>di <strong>Raffaele Polo<\/strong> ______  l suo laboratorio \u00e8 nel centro storico di Lecce, in via Ascanio Grandi. Ed \u00e8 l\u00ec che ha voluto che ci incontrassimo per &#8216;Il pranzo della domenica&#8217;, assicurando che ci sarebbe stata una sorpresa&#8230;<\/p>\n\n\n\n<p>Cos\u00ec, siamo nel regno di Claudio Capone, circondati dai suoi incredibili, coloratissimi manufatti. Sono, per lo pi\u00f9, fischietti e campanelle: ma ci sono anche dei gradevolissimi dipinti e mattonelle colorate e di ogni dimensione.<\/p>\n\n\n\n<p>Il re dei fischietti ci osserva con uno sguardo tra l&#8217;ironico e il divertito, poi si siede e comincia la sua lunga storia: <\/p>\n\n\n\n<p>\u00abOggi devi accontentarti dei peperoni, quelli rossi di stagione. Del resto io sono abituato a consumare quello che ci offre la Natura, sin da bambino ho imparato che, nella vita, si deve accettare tutto, figurati che ho cominciato a lavorare duro in una officina, diesel per l&#8217;esattezza, e lo facevo mentre andavo a scuola.<\/p>\n\n\n\n<p> Era faticoso, ma ho imparato tanto, le persone semplici che erano con me, giovanissimo, mi hanno dato amicizia ed esperienza&#8230;anche un po&#8217; di mazzate che a quei tempi erano il condimento di ogni apprendistato&#8230;\u00bb<\/p>\n\n\n\n<p><\/p>\n\n\n\n<p><\/p>\n\n\n\n<p>Claudio ci racconta con dovizia di particolari tutta la sua vita, attendiamo con pazienza che il suo fluido narrare abbia una pausa, per porgli la domanda che pi\u00f9 ci interessa: \u00abSi, ma come sei arrivato ai fischietti?\u00bb<\/p>\n\n\n\n<p><\/p>\n\n\n\n<p>Claudio continua, imperterrito, mescolando aneddoti, ricordi e considerazioni:<\/p>\n\n\n\n<p>\u00ab Devo molto alla collaborazione con Gianpaolo Buscicchio, che mi ha sempre sostenuto e incoraggiato. Io, d&#8217;altro canto, ho sempre amato creare, modellare, inventare forme&#8230; la creta l&#8217;ho scoperta quando me ne hanno fornito un buon quantitativo ma, ancora, non sapevo che c&#8217;era bisogno del forno&#8230; E poi, per i fischietti, un nome che, per me, \u00e8 stato l&#8217;inizio: Antonio Corineo che mi ha consentito l&#8217;incredibile magia di creare suoni dalla pietra&#8230;\u00bb<\/p>\n\n\n\n<p><\/p>\n\n\n\n<p>Ma non solo fischietti, anche le campanelle&#8230;<\/p>\n\n\n\n<p>\u00abDobbiamo essere corretti e diciamo che &#8216;il fischietto&#8217; come strumento semplice e popolare, \u00e8 presente in tutte le culture, in ogni territorio. Io sono in contatto con il Museo del Fischietto che \u00e8 vicino a Vicenza, una istituzione splendida che, tra l&#8217;altro, qualche tempo fa, mi ha visto vincere l&#8217;annuale concorso nazionale&#8230; I fischietti hanno nomi diversi e forme sempre pi\u00f9 stravaganti. Lo sono sempre stati, partecipi dei giochi e delle simbologie del luogo in cui vengono prodotti&#8230; Qui, a Lecce, non siamo in molti, ma credo di essere tra i pi\u00f9 rappresentativi&#8230;Le campanelle sono un&#8217;altra modalit\u00e0 di mescolare i suoni alle forme&#8230; <\/p>\n\n\n\n<p>A Lecce, poi, c&#8217;\u00e8 una specifica tradizione per questi oggetti,&nbsp; se non erro a maggio c&#8217;\u00e8 la Madonna delle Cirase&#8230;\u00bb<\/p>\n\n\n\n<p><\/p>\n\n\n\n<p>Claudio, cosa senti quando i turisti si fermano ad ammirare i tuoi lavori?<\/p>\n\n\n\n<p><\/p>\n\n\n\n<p>\u00ab\u00c8 una gratificazione enorme: mio padre voleva che diventassi un meccanico, mia madre solo alla fine, sentendo chi parlava bene dei miei lavori, mi ha detto: &#8216;Ma allora, sei bravo veramente?&#8217;, io ho sempre amato creare, colorare, inventare&#8230;E chi acquista le mie cose, mi conferma in una scelta che non \u00e8 stata facile. Ma gustiamo questi peperoni, sono il pranzo della domenica, no?\u00bb<\/p>\n\n\n\n<p><\/p>\n\n\n\n<p>Lo sguardo sottilmente ironico di Claudio, circondato dalle sue coloratissime creature, ci fa accogliere bonariamente l&#8217;invito. E un peperone lo prendiamo veramente, ma solo per fischiarci dentro e meravigliarci per quel suono acuto e armonioso che nasconde un mistero semplice ma meraviglioso&#8230;<\/p>\n\n\n\n<p><\/p>\n\n\n\n<p><img decoding=\"async\" loading=\"lazy\" width=\"680\" height=\"453\" class=\"wp-image-234263\" style=\"width: 1200px;\" src=\"https:\/\/www.leccecronaca.it\/wordpress\/wp-content\/uploads\/2024\/09\/capone.jpg\" alt=\"\" srcset=\"https:\/\/www.leccecronaca.it\/wordpress\/wp-content\/uploads\/2024\/09\/capone.jpg 680w, https:\/\/www.leccecronaca.it\/wordpress\/wp-content\/uploads\/2024\/09\/capone-300x200.jpg 300w\" sizes=\"(max-width: 680px) 100vw, 680px\" \/><\/p>\n\n\n\n<p>_______<\/p>\n\n\n\n<p><strong>( 19 \u2010 continua )<\/strong><\/p>\n<fb:like href='https:\/\/www.leccecronaca.it\/index.php\/2024\/09\/29\/il-pranzo-della-domenica-nel-laboratorio-di-claudio-capone-campanelle-fischietti-e-peperoni\/' send='true' layout='button_count' show_faces='true' width='450' height='65' action='recommend' colorscheme='light' font='lucida grande'><\/fb:like><span class=\"fb_share\"><fb:like href=\"https:\/\/www.leccecronaca.it\/index.php\/2024\/09\/29\/il-pranzo-della-domenica-nel-laboratorio-di-claudio-capone-campanelle-fischietti-e-peperoni\/\" layout=\"button_count\"><\/fb:like><\/span>","protected":false},"excerpt":{"rendered":"<p>di Raffaele Polo ______ l suo laboratorio \u00e8 nel centro storico di Lecce, in via Ascanio Grandi. Ed \u00e8 l\u00ec che ha voluto che ci incontrassimo per &#8216;Il pranzo della domenica&#8217;, assicurando che ci sarebbe stata una sorpresa&#8230; Cos\u00ec, siamo nel regno di Claudio Capone, circondati dai suoi incredibili, coloratissimi manufatti. Sono, per lo pi\u00f9, [&hellip;]<\/p>\n","protected":false},"author":4,"featured_media":234264,"comment_status":"open","ping_status":"closed","sticky":false,"template":"","format":"standard","meta":[],"categories":[1,31],"tags":[],"_links":{"self":[{"href":"https:\/\/www.leccecronaca.it\/index.php\/wp-json\/wp\/v2\/posts\/234262"}],"collection":[{"href":"https:\/\/www.leccecronaca.it\/index.php\/wp-json\/wp\/v2\/posts"}],"about":[{"href":"https:\/\/www.leccecronaca.it\/index.php\/wp-json\/wp\/v2\/types\/post"}],"author":[{"embeddable":true,"href":"https:\/\/www.leccecronaca.it\/index.php\/wp-json\/wp\/v2\/users\/4"}],"replies":[{"embeddable":true,"href":"https:\/\/www.leccecronaca.it\/index.php\/wp-json\/wp\/v2\/comments?post=234262"}],"version-history":[{"count":2,"href":"https:\/\/www.leccecronaca.it\/index.php\/wp-json\/wp\/v2\/posts\/234262\/revisions"}],"predecessor-version":[{"id":234327,"href":"https:\/\/www.leccecronaca.it\/index.php\/wp-json\/wp\/v2\/posts\/234262\/revisions\/234327"}],"wp:featuredmedia":[{"embeddable":true,"href":"https:\/\/www.leccecronaca.it\/index.php\/wp-json\/wp\/v2\/media\/234264"}],"wp:attachment":[{"href":"https:\/\/www.leccecronaca.it\/index.php\/wp-json\/wp\/v2\/media?parent=234262"}],"wp:term":[{"taxonomy":"category","embeddable":true,"href":"https:\/\/www.leccecronaca.it\/index.php\/wp-json\/wp\/v2\/categories?post=234262"},{"taxonomy":"post_tag","embeddable":true,"href":"https:\/\/www.leccecronaca.it\/index.php\/wp-json\/wp\/v2\/tags?post=234262"}],"curies":[{"name":"wp","href":"https:\/\/api.w.org\/{rel}","templated":true}]}}