{"id":234457,"date":"2024-10-04T14:54:17","date_gmt":"2024-10-04T12:54:17","guid":{"rendered":"https:\/\/www.leccecronaca.it\/?p=234457"},"modified":"2024-10-04T15:29:11","modified_gmt":"2024-10-04T13:29:11","slug":"trenta-anni-fa-un-manipolo-di-poeti-occupo-simbolicamente-la-basilica-di-santa-croce-a-firenze-per-riaffermare-il-primato-dello-spirito","status":"publish","type":"post","link":"https:\/\/www.leccecronaca.it\/index.php\/2024\/10\/04\/trenta-anni-fa-un-manipolo-di-poeti-occupo-simbolicamente-la-basilica-di-santa-croce-a-firenze-per-riaffermare-il-primato-dello-spirito\/","title":{"rendered":"TRENTA ANNI FA UN MANIPOLO DI POETI OCCUPO&#8217; SIMBOLICAMENTE LA BASILICA DI SANTA CROCE A FIRENZE PER RIAFFERMARE IL PRIMATO DELLO SPIRITO"},"content":{"rendered":"\n<p><img decoding=\"async\" loading=\"lazy\" width=\"526\" height=\"701\" class=\"wp-image-234462\" style=\"width: 2500px;\" src=\"https:\/\/www.leccecronaca.it\/wordpress\/wp-content\/uploads\/2024\/10\/462041221_10233651451377303_349564381822260796_n.jpg\" alt=\"\" srcset=\"https:\/\/www.leccecronaca.it\/wordpress\/wp-content\/uploads\/2024\/10\/462041221_10233651451377303_349564381822260796_n.jpg 526w, https:\/\/www.leccecronaca.it\/wordpress\/wp-content\/uploads\/2024\/10\/462041221_10233651451377303_349564381822260796_n-225x300.jpg 225w\" sizes=\"(max-width: 526px) 100vw, 526px\" \/><\/p>\n\n\n\n<p>di <strong>Giuseppe Yusuf Cont<\/strong>e ______ (tratto dal suo diario di Facebook di oggi) ______<\/p>\n\n\n\n<p>Il 4 ottobre di trenta anni fa a quest&#8217;ora ero in piazza Santa Croce a riaffermare l&#8217;energia sociale e spirituale della poesia. Con me amici straordinari come<\/p>\n\n\n\n<p>il capitano napoleonico Tomaso Kemeny, il lirico assoluto Roberto Carifi, il poeta maledetto Lamberto Garzia, la combattiva innamorata della Grecia Isabella Vincentini e altri amici, tra cui Mario Baudino, grazie al quale l&#8217;impresa ebbe il risalto che ebbe, e, nel reparto organizzativo, Alessandro Prevosto e Max Mencarelli, autore della foto.<\/p>\n\n\n\n<p>Al quartier generale arrivarono , allora via fax, tantissime adesioni. Anche di autori importanti, americani, cinesi&#8230; Il Corriere della Sera invece mi insult\u00f2 e mi prese in giro, ma io ho resistito. Oggi non rinnego niente. <\/p>\n\n\n\n<p>Credo ancora di pi\u00f9, come voleva Giuseppe Ungaretti, nel primato dello spirito, cio\u00e8 della bellezza, della dignit\u00e0, del sacro, della felicit\u00e0 in un mondo ancor pi\u00f9 sprofondato nel vortice di tecnologia e finanza, materialismo e nichilismo. <\/p>\n\n\n\n<p>Se il primato dello spirito fosse affermato, tanti degli orrori che oggi abbiamo sotto gli occhi non esisterebbero, non vedremmo inerti morire migliaia di bambini a Gaza. <\/p>\n\n\n\n<p>Tutto questo \u00e8 un sogno di poeti?<\/p>\n\n\n\n<p>Io direi piuttosto che \u00e8 ci\u00f2 che resta di umano e luminoso nell&#8217;inferno contemporaneo.<\/p>\n<fb:like href='https:\/\/www.leccecronaca.it\/index.php\/2024\/10\/04\/trenta-anni-fa-un-manipolo-di-poeti-occupo-simbolicamente-la-basilica-di-santa-croce-a-firenze-per-riaffermare-il-primato-dello-spirito\/' send='true' layout='button_count' show_faces='true' width='450' height='65' action='recommend' colorscheme='light' font='lucida grande'><\/fb:like><span class=\"fb_share\"><fb:like href=\"https:\/\/www.leccecronaca.it\/index.php\/2024\/10\/04\/trenta-anni-fa-un-manipolo-di-poeti-occupo-simbolicamente-la-basilica-di-santa-croce-a-firenze-per-riaffermare-il-primato-dello-spirito\/\" layout=\"button_count\"><\/fb:like><\/span>","protected":false},"excerpt":{"rendered":"<p>di Giuseppe Yusuf Conte ______ (tratto dal suo diario di Facebook di oggi) ______ Il 4 ottobre di trenta anni fa a quest&#8217;ora ero in piazza Santa Croce a riaffermare l&#8217;energia sociale e spirituale della poesia. Con me amici straordinari come il capitano napoleonico Tomaso Kemeny, il lirico assoluto Roberto Carifi, il poeta maledetto Lamberto [&hellip;]<\/p>\n","protected":false},"author":4,"featured_media":234462,"comment_status":"open","ping_status":"closed","sticky":false,"template":"","format":"standard","meta":[],"categories":[1,31,75],"tags":[],"_links":{"self":[{"href":"https:\/\/www.leccecronaca.it\/index.php\/wp-json\/wp\/v2\/posts\/234457"}],"collection":[{"href":"https:\/\/www.leccecronaca.it\/index.php\/wp-json\/wp\/v2\/posts"}],"about":[{"href":"https:\/\/www.leccecronaca.it\/index.php\/wp-json\/wp\/v2\/types\/post"}],"author":[{"embeddable":true,"href":"https:\/\/www.leccecronaca.it\/index.php\/wp-json\/wp\/v2\/users\/4"}],"replies":[{"embeddable":true,"href":"https:\/\/www.leccecronaca.it\/index.php\/wp-json\/wp\/v2\/comments?post=234457"}],"version-history":[{"count":3,"href":"https:\/\/www.leccecronaca.it\/index.php\/wp-json\/wp\/v2\/posts\/234457\/revisions"}],"predecessor-version":[{"id":234463,"href":"https:\/\/www.leccecronaca.it\/index.php\/wp-json\/wp\/v2\/posts\/234457\/revisions\/234463"}],"wp:featuredmedia":[{"embeddable":true,"href":"https:\/\/www.leccecronaca.it\/index.php\/wp-json\/wp\/v2\/media\/234462"}],"wp:attachment":[{"href":"https:\/\/www.leccecronaca.it\/index.php\/wp-json\/wp\/v2\/media?parent=234457"}],"wp:term":[{"taxonomy":"category","embeddable":true,"href":"https:\/\/www.leccecronaca.it\/index.php\/wp-json\/wp\/v2\/categories?post=234457"},{"taxonomy":"post_tag","embeddable":true,"href":"https:\/\/www.leccecronaca.it\/index.php\/wp-json\/wp\/v2\/tags?post=234457"}],"curies":[{"name":"wp","href":"https:\/\/api.w.org\/{rel}","templated":true}]}}