{"id":234518,"date":"2024-10-06T00:03:00","date_gmt":"2024-10-05T22:03:00","guid":{"rendered":"https:\/\/www.leccecronaca.it\/?p=234518"},"modified":"2024-10-05T18:16:59","modified_gmt":"2024-10-05T16:16:59","slug":"lievi-favole-per-gavinuccio-canu-un-doppio-album-per-ricordare-il-musicista-sardo-scomparso-due-anni-fa-in-circostanze-misteriose","status":"publish","type":"post","link":"https:\/\/www.leccecronaca.it\/index.php\/2024\/10\/06\/lievi-favole-per-gavinuccio-canu-un-doppio-album-per-ricordare-il-musicista-sardo-scomparso-due-anni-fa-in-circostanze-misteriose\/","title":{"rendered":"&#8220;Lievi favole&#8221; PER GAVINUCCIO CANU. UN DOPPIO ALBUM PER RICORDARE IL MUSICISTA SARDO SCOMPARSO DUE ANNI FA IN CIRCOSTANZE MISTERIOSE"},"content":{"rendered":"\n<p><img decoding=\"async\" loading=\"lazy\" width=\"640\" height=\"360\" class=\"wp-image-234523\" style=\"width: 2500px;\" src=\"https:\/\/www.leccecronaca.it\/wordpress\/wp-content\/uploads\/2024\/10\/MOLLEBBO.jpg\" alt=\"\" srcset=\"https:\/\/www.leccecronaca.it\/wordpress\/wp-content\/uploads\/2024\/10\/MOLLEBBO.jpg 640w, https:\/\/www.leccecronaca.it\/wordpress\/wp-content\/uploads\/2024\/10\/MOLLEBBO-300x169.jpg 300w\" sizes=\"(max-width: 640px) 100vw, 640px\" \/><\/p>\n\n\n\n<p>di <strong>Roberto Molle <\/strong>______ Una delle immagini che non mi abbandoneranno mai \u00e8 quella di Gavinuccio che a un incrocio di strade, quasi al tramonto, imbracciando la sua chitarra e incurante delle macchine che gli scivolano accanto, esegue un\u2019intensa versione di \u201c<strong>She\u2019s lost control<\/strong>\u201d dei <strong>Joy Division<\/strong>. La sua figura in controluce ha qualcosa di solenne; le stesse parole di Ian Curtis si avvolgono di una sacralit\u00e0 che nella versione originale della canzone non \u00e8 percettibile.<\/p>\n\n\n\n<p><\/p>\n\n\n\n<p>Nella storia e nella musica di <strong>Gavinuccio Canu<\/strong> avevo messo in conto di dovermici immergere prima o poi, almeno da un paio di anni prima che lui decidesse di togliersi la vita.<\/p>\n\n\n\n<p>Gavinuccio \u00e8 stato il cantante degli <strong>Atro<\/strong>, gruppo post-punk di Sassari attivo dal 1989 al 2008. In un\u2019epoca quasi carbonara rispetto alla tecnologia di cui i musicisti possono disporre oggi, la band ha pubblicato l\u2019album \u201cS.O.S.\u201d e svariati demotape in cassetta. Quando gli Atro si sciolsero, Gavinuccio Canu prosegu\u00ec come cantautore, scrivendo canzoni in italiano e in dialetto sassarese.<\/p>\n\n\n\n<p><\/p>\n\n\n\n<p>Nel 2019 ero alle prese con un progetto (libro e cd) dedicato a <strong>Ian Curtis<\/strong> e volevo coinvolgere artisti da pi\u00f9 parti d\u2019Italia, in particolare volevo che la Sardegna fosse rappresentata perch\u00e9, all\u2019origine della mia scoperta dei Joy Division in tempi lontanissimi, quella splendida terra ne \u00e8 stata occasione.<\/p>\n\n\n\n<p>Il mio gancio con l\u2019isola era <strong>Giovanni Salis<\/strong> (instancabile operatore culturale e tanto altro), grazie a lui nel progetto entrarono la poetessa <strong>Daniela Rozzo<\/strong> e la band dark-post-punk degli<strong> Zoom<\/strong> (<strong>Gianfranco Mura<\/strong>, <strong>Sara Pirisino<\/strong> e <strong>Giovanni Borrielli<\/strong>). <\/p>\n\n\n\n<p>Ci doveva essere anche Gavinuccio Canu che scoprivo essere un musicista molto interessante e sui generis (la sua foto con indosso la t-shirt di Unknown Pleasures, con barba, occhiali e cappellino mentre suona la chitarra credo sia ormai diventata iconica), ma qualcosa and\u00f2 storto. Non ricordo se fu a causa di un limite di capienza di tracce audio nella playlist del cd o per una sua adesione arrivata in ritardo. Il fatto che lui come me, era un fan dei Joy Division mi faceva molto piacere e tramite Giovani Salis in qualche modo eravamo in contatto.<\/p>\n\n\n\n<p><\/p>\n\n\n\n<p>Poi un giorno di febbraio del 2022 apprendo che Gavinuccio \u00e8 scomparso. <\/p>\n\n\n\n<p>Familiari e amici sono preoccupati, se ne parla anche a \u201cChi l\u2019ha visto?\u201d. Qualche giorno dopo il suo corpo viene ritrovato senza vita in una localit\u00e0 in periferia di Sassari. Tra le ipotesi poi confermate dalle indagini, unica causa della morte resta il suicidio.<\/p>\n\n\n\n<p><\/p>\n\n\n\n<p><img decoding=\"async\" loading=\"lazy\" width=\"500\" height=\"331\" class=\"wp-image-234522\" style=\"width: 1200px;\" src=\"https:\/\/www.leccecronaca.it\/wordpress\/wp-content\/uploads\/2024\/10\/MOLLEUNO.jpg\" alt=\"\" srcset=\"https:\/\/www.leccecronaca.it\/wordpress\/wp-content\/uploads\/2024\/10\/MOLLEUNO.jpg 500w, https:\/\/www.leccecronaca.it\/wordpress\/wp-content\/uploads\/2024\/10\/MOLLEUNO-300x199.jpg 300w\" sizes=\"(max-width: 500px) 100vw, 500px\" \/><\/p>\n\n\n\n<p><\/p>\n\n\n\n<p>Il vuoto lasciato da Gavinuccio Canu nella comunit\u00e0 sassarese \u00e8 palpabile nelle mille testimonianze e attestazioni d\u2019affetto giunte oltre che dai conterranei, dai tantissimi musicisti sparsi nel resto d\u2019Italia che lo conoscevano e lo stimavano.<\/p>\n\n\n\n<p><\/p>\n\n\n\n<p>Nel marzo del 2022 \u00e8 nata <strong>l\u2019associazione \u201cGavinuccio Canu\u201d <\/strong>con lo scopo di tenere viva la memoria del musicista. Nel corso degli ultimi due anni l\u2019associazione ha organizzato concerti e manifestazioni intorno alla sua figura. <\/p>\n\n\n\n<p>L\u2019ultima iniziativa \u00e8 di qualche mese fa e coincide con la pubblicazione di un doppio album in vinile intitolato \u201c<strong>Lievi favole<\/strong>\u201d (dal titolo di una canzone di Gavinuccio).<\/p>\n\n\n\n<p><\/p>\n\n\n\n<p>Il primo disco contiene una selezione di canzoni soliste di Gavinuccio recuperate da registrazioni originali fatte su un registratore portatile, in una versione rimasterizzata e ripulita; un vero e proprio recupero e archivio storico. Il secondo disco contiene le stesse canzoni reinterpretate da musicisti della scena alternativa italiana: <strong>Andrea Chimenti <\/strong>(Moda), <strong>Rita Lilith Oberti<\/strong> (Not Moving), <strong>Cesare Basile<\/strong>, <strong>Mauro Ermanno Giovanardi<\/strong> (La Crus), <strong>Lele Battista<\/strong> (La Sintesi), <strong>Paolo Messere<\/strong> (Blessed Chil Opera, Ostara\u2019Bless, The Big Self), <strong>Stefano Giaccone<\/strong> e <strong>Lalli<\/strong> (Franti), <strong>Gianni Maroccolo<\/strong> (Litfiba, Consorzio Suonatori Indipendenti, Marlene Kuntz), <strong>Miro sassolini<\/strong> (Diaframma, (P)neumatica), oltre agli artisti sardi: <strong>Davide Catinari<\/strong> (Dorian Gray), <strong>Brigata Stirner<\/strong>, <strong>Arnaldo Pontis<\/strong> (TH26, Machina Amniotica), <strong>Marco Noce<\/strong> (Maniumane), <strong>Romina Palo<\/strong> (Pqzero, Sineddoche, A58), <strong>Domenico Canu<\/strong> (Anonimia, Zero sensibile, La Plonge), <strong>Magnificat <\/strong>(di Alessandro e Ludovico Sebastian Muroni).<\/p>\n\n\n\n<p><\/p>\n\n\n\n<p>Ho ascoltato le canzoni di \u201cLievi Favole\u201d in modalit\u00e0 random, confrontando la raffinatezza, gli arrangiamenti, l\u2019esperienza, il profondo rispetto e l\u2019amore che ogni musicista ha profuso nella propria versione con quelle di Gavinuccio, e devo dire che ho trovato un\u2019osmosi perfetta, un intreccio d\u2019intenti e una bellezza convergente in ogni esecuzione. <\/p>\n\n\n\n<p>Il lo-fi delle registrazioni di Gavinuccio mutua dentro una trasfigurazione, la sua voce si fonde di volta in volta in quelle dei musicisti che si sono prestati a farsi medium. \u00c8 Gavinuccio che ci canta le canzoni attraverso loro, rafforzate di linee melodiche e di intensa poesia.<\/p>\n\n\n\n<p><\/p>\n\n\n\n<p>Da qualche parte in rete ho recuperato un bellissimo filmato dedicato agli Atro di Gavinuccio Canu, girato nel 1999, quando la band era ancora in attivit\u00e0. Risulta chiaro da subito che \u00e8 lui il frontman. Parla a braccio di musica e socialit\u00e0, \u00e8 cos\u00ec giovane e fa quasi tenerezza. Nel filmato l\u2019operatore cerca di raccontarli e alla domanda: \u201c<em>Qual \u00e8 il messaggio che voi cercate di portare?\u201d<\/em><\/p>\n\n\n\n<p>Gavinuccio risponde: \u201c<strong><em>Come musicisti \u00e8 quello di fare la musica che ci piace, solo quella. Cercando di ascoltare tantissima musica, prescindendo dal genere, se una canzone ti piace\u2026 ti piace e basta.<\/em><\/strong><\/p>\n\n\n\n<p><strong><em>Come persona il messaggio \u00e8\u2026 anche se i messaggi sono una cosa brutta, perch\u00e9 poi \u00e8 la tua esperienza di vita il messaggio\u2026 e quindi dovresti fare un sondaggio alla fine, durante i tuoi ultimi giorni e dire questo \u00e8 il messaggio che io ho dato. La nostra strada \u00e8 questa, fare veramente le cose semplici e proseguire con queste\u2026 poi qualche risultato arriva<\/em><\/strong>\u201d.<\/p>\n\n\n\n<p><img decoding=\"async\" loading=\"lazy\" width=\"526\" height=\"526\" class=\"wp-image-234524\" style=\"width: 1200px;\" src=\"https:\/\/www.leccecronaca.it\/wordpress\/wp-content\/uploads\/2024\/10\/MOLLECODAA.jpg\" alt=\"\" srcset=\"https:\/\/www.leccecronaca.it\/wordpress\/wp-content\/uploads\/2024\/10\/MOLLECODAA.jpg 526w, https:\/\/www.leccecronaca.it\/wordpress\/wp-content\/uploads\/2024\/10\/MOLLECODAA-300x300.jpg 300w, https:\/\/www.leccecronaca.it\/wordpress\/wp-content\/uploads\/2024\/10\/MOLLECODAA-150x150.jpg 150w, https:\/\/www.leccecronaca.it\/wordpress\/wp-content\/uploads\/2024\/10\/MOLLECODAA-60x60.jpg 60w\" sizes=\"(max-width: 526px) 100vw, 526px\" \/><\/p>\n<fb:like href='https:\/\/www.leccecronaca.it\/index.php\/2024\/10\/06\/lievi-favole-per-gavinuccio-canu-un-doppio-album-per-ricordare-il-musicista-sardo-scomparso-due-anni-fa-in-circostanze-misteriose\/' send='true' layout='button_count' show_faces='true' width='450' height='65' action='recommend' colorscheme='light' font='lucida grande'><\/fb:like><span class=\"fb_share\"><fb:like href=\"https:\/\/www.leccecronaca.it\/index.php\/2024\/10\/06\/lievi-favole-per-gavinuccio-canu-un-doppio-album-per-ricordare-il-musicista-sardo-scomparso-due-anni-fa-in-circostanze-misteriose\/\" layout=\"button_count\"><\/fb:like><\/span>","protected":false},"excerpt":{"rendered":"<p>di Roberto Molle ______ Una delle immagini che non mi abbandoneranno mai \u00e8 quella di Gavinuccio che a un incrocio di strade, quasi al tramonto, imbracciando la sua chitarra e incurante delle macchine che gli scivolano accanto, esegue un\u2019intensa versione di \u201cShe\u2019s lost control\u201d dei Joy Division. La sua figura in controluce ha qualcosa di [&hellip;]<\/p>\n","protected":false},"author":4,"featured_media":234523,"comment_status":"open","ping_status":"closed","sticky":false,"template":"","format":"standard","meta":[],"categories":[31],"tags":[],"_links":{"self":[{"href":"https:\/\/www.leccecronaca.it\/index.php\/wp-json\/wp\/v2\/posts\/234518"}],"collection":[{"href":"https:\/\/www.leccecronaca.it\/index.php\/wp-json\/wp\/v2\/posts"}],"about":[{"href":"https:\/\/www.leccecronaca.it\/index.php\/wp-json\/wp\/v2\/types\/post"}],"author":[{"embeddable":true,"href":"https:\/\/www.leccecronaca.it\/index.php\/wp-json\/wp\/v2\/users\/4"}],"replies":[{"embeddable":true,"href":"https:\/\/www.leccecronaca.it\/index.php\/wp-json\/wp\/v2\/comments?post=234518"}],"version-history":[{"count":2,"href":"https:\/\/www.leccecronaca.it\/index.php\/wp-json\/wp\/v2\/posts\/234518\/revisions"}],"predecessor-version":[{"id":234525,"href":"https:\/\/www.leccecronaca.it\/index.php\/wp-json\/wp\/v2\/posts\/234518\/revisions\/234525"}],"wp:featuredmedia":[{"embeddable":true,"href":"https:\/\/www.leccecronaca.it\/index.php\/wp-json\/wp\/v2\/media\/234523"}],"wp:attachment":[{"href":"https:\/\/www.leccecronaca.it\/index.php\/wp-json\/wp\/v2\/media?parent=234518"}],"wp:term":[{"taxonomy":"category","embeddable":true,"href":"https:\/\/www.leccecronaca.it\/index.php\/wp-json\/wp\/v2\/categories?post=234518"},{"taxonomy":"post_tag","embeddable":true,"href":"https:\/\/www.leccecronaca.it\/index.php\/wp-json\/wp\/v2\/tags?post=234518"}],"curies":[{"name":"wp","href":"https:\/\/api.w.org\/{rel}","templated":true}]}}