{"id":234540,"date":"2024-10-06T15:36:42","date_gmt":"2024-10-06T13:36:42","guid":{"rendered":"https:\/\/www.leccecronaca.it\/?p=234540"},"modified":"2024-10-07T09:54:31","modified_gmt":"2024-10-07T07:54:31","slug":"la-rifflessione-sulla-xylella-la-natura-dimostra-la-verita","status":"publish","type":"post","link":"https:\/\/www.leccecronaca.it\/index.php\/2024\/10\/06\/la-rifflessione-sulla-xylella-la-natura-dimostra-la-verita\/","title":{"rendered":"LA RIFLESSIONE \/ SULLA XYLELLA LA NATURA DIMOSTRA LA VERITA&#8217;"},"content":{"rendered":"\n<p><img decoding=\"async\" loading=\"lazy\" width=\"600\" height=\"450\" class=\"wp-image-234541\" style=\"width: 1500px;\" src=\"https:\/\/www.leccecronaca.it\/wordpress\/wp-content\/uploads\/2024\/10\/462298730_8907948872548572_2146533851103910455_n.jpg\" alt=\"\" srcset=\"https:\/\/www.leccecronaca.it\/wordpress\/wp-content\/uploads\/2024\/10\/462298730_8907948872548572_2146533851103910455_n.jpg 600w, https:\/\/www.leccecronaca.it\/wordpress\/wp-content\/uploads\/2024\/10\/462298730_8907948872548572_2146533851103910455_n-300x225.jpg 300w, https:\/\/www.leccecronaca.it\/wordpress\/wp-content\/uploads\/2024\/10\/462298730_8907948872548572_2146533851103910455_n-400x300.jpg 400w\" sizes=\"(max-width: 600px) 100vw, 600px\" \/><\/p>\n\n\n\n<p>di <strong>Crocifisso Aloisi <\/strong> ______  (tratto dal suo diario di Facebook di oggi) ______<\/p>\n\n\n\n<p>Queste foto sono state scattate stamattina nelle campagne di Galatone cio\u00e8 in piena zona dichiarata &#8216;infetta&#8217; da xylella fastidiosa. <\/p>\n\n\n\n<p>Si tratta di un oliveto di oltre 100 anni, variet\u00e0 autoctone salentine Cellina di Nard\u00f2 e Ogliarola Salentina. <\/p>\n\n\n\n<p>Come potete notare voi stessi dalle foto questi olivi sono in completo stato di abbandono perch\u00e9 sono pieni di polloni, nuovi e vecchi, e non presentano alcuna potatura effettuata recentemente. Tra l&#8217;altro so benissimo dove si trova questo oliveto e sono certissimo che non sono stati effettuati alcuni trattamenti particolari per la loro rigenerazione: dunque l&#8217;oliveto dimostra evidente ripresa vegetativa e produttiva in modo naturale. \u00c8<\/p>\n\n\n\n<p> come se la pianta avesse trovato il modo e la forza di reagire agli agenti patogeni che in questi anni avevano provocato diffusi disseccamenti (e che l&#8217;oliveto fosse stato interessato da disseccamenti lo dimostrano quegli alberi che si vedono in foto, che sono stati segati quasi alla base perch\u00e9 secchi, con la speranza di rigenerare in questo modo gli alberi). <\/p>\n\n\n\n<p>Agli inizi di questa storiella le &#8216;autorit\u00e0&#8217; politiche e scientifiche&#8217; pugliesi parlavano del Salento che avrebbe dovuto essere laboratorio a cielo aperto per studiare variet\u00e0 e modalit\u00e0 di resistenza alla cosiddetta xylella fastidiosa. Dove sono fini<\/p>\n\n\n\n<p>ti adesso ? <\/p>\n\n\n\n<p>Evidentemente lo volevano soltanto a parole perch\u00e9 senn\u00f2 adesso questo oliveto dovrebbe essere oggetto di studio scientifico ma in realt\u00e0 \u00e8 abbandonato anche dalle cosiddette istituzioni scientifiche. <\/p>\n\n\n\n<p><\/p>\n\n\n\n<p>Quindi, come abbiamo scritto pi\u00f9 volte, la natura continua a smascherare la storiella xylella e tutti coloro hanno spinto i proprietari ad abbandonare i loro oliveti autoctoni, perch\u00e9 spacciati, dovrebbero semplicemente vergognarsi e rendere conto alla giustizia per i danni ingentissimi provocati al territorio in termini di perdita di valore dei terreni e di filiera olivicola distrutta. <\/p>\n\n\n\n<p>Per non parlare dell&#8217;offerta turistica : immaginate cosa sarebbe oggi il nostro Salento se ci fossero ancora distese di oliveti autoctoni invece delle distese desertificate che si vedono oggi. Se la politica non si fosse appiattita ad un dogma che fin dall&#8217;inizio faceva acqua da tutte le parti, e che adesso si sta rivelando in tutta la sua contraddizione, probabilmente staremmo raccontando un&#8217;altra storia e la situazione non sarebbe quella di un paesaggio olivicolo distrutto. Ma, come dicevamo, la natura sta nuovamente mettendo in riga tutti, proprietari distratti, &#8216;istituzioni&#8217; politiche e cosiddette scientifiche.<\/p>\n\n\n\n<p><\/p>\n\n\n\n<p><\/p>\n\n\n\n<p><a href=\"https:\/\/www.facebook.com\/photo\/?fbid=8907945482548911&amp;set=pcb.8907947499215376&amp;__cft__[0]=AZW1g0J5VxtlcoF_I6S-yjapracCxTdUrxr-HgdZbHrr0bF59a_kNa9oD2jJa6ffWDyMcHJ46dZv6OZecvWdza5c9fHaMOnWW09qdx7zI_VwBgFWHU4BgrvXhDy8xd2ffGQ0_ehNnaUTEW4veDkoDzuAJwL2zxVSsnowbenuC114Xg&amp;__tn__=*bH-R\"><\/a><\/p>\n\n\n\n<figure class=\"wp-block-image\"><a href=\"https:\/\/www.facebook.com\/photo\/?fbid=8907945482548911&amp;set=pcb.8907947499215376&amp;__cft__[0]=AZW1g0J5VxtlcoF_I6S-yjapracCxTdUrxr-HgdZbHrr0bF59a_kNa9oD2jJa6ffWDyMcHJ46dZv6OZecvWdza5c9fHaMOnWW09qdx7zI_VwBgFWHU4BgrvXhDy8xd2ffGQ0_ehNnaUTEW4veDkoDzuAJwL2zxVSsnowbenuC114Xg&amp;__tn__=*bH-R\"><img decoding=\"async\" src=\"https:\/\/scontent.fbds1-1.fna.fbcdn.net\/v\/t39.30808-6\/462074426_8907947819215344_1368221283622928239_n.jpg?stp=dst-jpg_s600x600&amp;_nc_cat=103&amp;ccb=1-7&amp;_nc_sid=127cfc&amp;_nc_ohc=ANr45thjz-QQ7kNvgFbg8xJ&amp;_nc_ht=scontent.fbds1-1.fna&amp;_nc_gid=AI5xEc9i7XgXGOlkKHdpMX4&amp;oh=00_AYAzyWghgW0i364PDWGQZLNQ8BO5UsmpMGPj8VBi0lmj-w&amp;oe=67086117\" alt=\"\"\/><\/a><\/figure>\n\n\n\n<p><a href=\"https:\/\/www.facebook.com\/photo\/?fbid=8907945959215530&amp;set=pcb.8907947499215376&amp;__cft__[0]=AZW1g0J5VxtlcoF_I6S-yjapracCxTdUrxr-HgdZbHrr0bF59a_kNa9oD2jJa6ffWDyMcHJ46dZv6OZecvWdza5c9fHaMOnWW09qdx7zI_VwBgFWHU4BgrvXhDy8xd2ffGQ0_ehNnaUTEW4veDkoDzuAJwL2zxVSsnowbenuC114Xg&amp;__tn__=*bH-R\"><\/a><\/p>\n\n\n\n<figure class=\"wp-block-image\"><a href=\"https:\/\/www.facebook.com\/photo\/?fbid=8907945959215530&amp;set=pcb.8907947499215376&amp;__cft__[0]=AZW1g0J5VxtlcoF_I6S-yjapracCxTdUrxr-HgdZbHrr0bF59a_kNa9oD2jJa6ffWDyMcHJ46dZv6OZecvWdza5c9fHaMOnWW09qdx7zI_VwBgFWHU4BgrvXhDy8xd2ffGQ0_ehNnaUTEW4veDkoDzuAJwL2zxVSsnowbenuC114Xg&amp;__tn__=*bH-R\"><img decoding=\"async\" src=\"https:\/\/scontent.fbds1-2.fna.fbcdn.net\/v\/t39.30808-6\/462367498_8907948412548618_8719606732120982487_n.jpg?stp=dst-jpg_s600x600&amp;_nc_cat=105&amp;ccb=1-7&amp;_nc_sid=127cfc&amp;_nc_ohc=tjWmYjJfIrMQ7kNvgGRszHs&amp;_nc_ht=scontent.fbds1-2.fna&amp;_nc_gid=AI5xEc9i7XgXGOlkKHdpMX4&amp;oh=00_AYBYYflgq3CVyyjfUa4bEh5vaHfO8hR_oY_KO70qaJOPOg&amp;oe=67086DEE\" alt=\"\"\/><\/a><\/figure>\n\n\n\n<p><a href=\"https:\/\/www.facebook.com\/photo\/?fbid=8907946389215487&amp;set=pcb.8907947499215376&amp;__cft__[0]=AZW1g0J5VxtlcoF_I6S-yjapracCxTdUrxr-HgdZbHrr0bF59a_kNa9oD2jJa6ffWDyMcHJ46dZv6OZecvWdza5c9fHaMOnWW09qdx7zI_VwBgFWHU4BgrvXhDy8xd2ffGQ0_ehNnaUTEW4veDkoDzuAJwL2zxVSsnowbenuC114Xg&amp;__tn__=*bH-R\"><\/a><\/p>\n\n\n\n<figure class=\"wp-block-image\"><a href=\"https:\/\/www.facebook.com\/photo\/?fbid=8907946389215487&amp;set=pcb.8907947499215376&amp;__cft__[0]=AZW1g0J5VxtlcoF_I6S-yjapracCxTdUrxr-HgdZbHrr0bF59a_kNa9oD2jJa6ffWDyMcHJ46dZv6OZecvWdza5c9fHaMOnWW09qdx7zI_VwBgFWHU4BgrvXhDy8xd2ffGQ0_ehNnaUTEW4veDkoDzuAJwL2zxVSsnowbenuC114Xg&amp;__tn__=*bH-R\"><img decoding=\"async\" src=\"https:\/\/scontent.fbds1-1.fna.fbcdn.net\/v\/t39.30808-6\/462298730_8907948872548572_2146533851103910455_n.jpg?stp=dst-jpg_s600x600&amp;_nc_cat=110&amp;ccb=1-7&amp;_nc_sid=127cfc&amp;_nc_ohc=EWYIeMA0wVMQ7kNvgHttQUf&amp;_nc_ht=scontent.fbds1-1.fna&amp;_nc_gid=AI5xEc9i7XgXGOlkKHdpMX4&amp;oh=00_AYA5zuvoeRc2wsWfr5-w0ooOJfyrB9fqkdxzQijT-lTOsQ&amp;oe=67084B68\" alt=\"\"\/><\/a><\/figure>\n\n\n\n<p><a href=\"https:\/\/www.facebook.com\/photo\/?fbid=8907946985882094&amp;set=pcb.8907947499215376&amp;__cft__[0]=AZW1g0J5VxtlcoF_I6S-yjapracCxTdUrxr-HgdZbHrr0bF59a_kNa9oD2jJa6ffWDyMcHJ46dZv6OZecvWdza5c9fHaMOnWW09qdx7zI_VwBgFWHU4BgrvXhDy8xd2ffGQ0_ehNnaUTEW4veDkoDzuAJwL2zxVSsnowbenuC114Xg&amp;__tn__=*bH-R\"><\/a><\/p>\n\n\n\n<figure class=\"wp-block-image\"><a href=\"https:\/\/www.facebook.com\/photo\/?fbid=8907946985882094&amp;set=pcb.8907947499215376&amp;__cft__[0]=AZW1g0J5VxtlcoF_I6S-yjapracCxTdUrxr-HgdZbHrr0bF59a_kNa9oD2jJa6ffWDyMcHJ46dZv6OZecvWdza5c9fHaMOnWW09qdx7zI_VwBgFWHU4BgrvXhDy8xd2ffGQ0_ehNnaUTEW4veDkoDzuAJwL2zxVSsnowbenuC114Xg&amp;__tn__=*bH-R\"><img decoding=\"async\" src=\"https:\/\/scontent.fbds1-1.fna.fbcdn.net\/v\/t39.30808-6\/462240892_8907949402548519_1702373188102504252_n.jpg?stp=dst-jpg_s600x600&amp;_nc_cat=111&amp;ccb=1-7&amp;_nc_sid=127cfc&amp;_nc_ohc=VlCek_RcUXsQ7kNvgFQXn8Z&amp;_nc_ht=scontent.fbds1-1.fna&amp;_nc_gid=AI5xEc9i7XgXGOlkKHdpMX4&amp;oh=00_AYA8SnVT8BPPbYlOBxaeWHBkrJqDhnKvyPNsmKoftGNyJg&amp;oe=67087A7C\" alt=\"\"\/><\/a><\/figure>\n\n\n\n<p><a href=\"https:\/\/www.facebook.com\/photo\/?fbid=8907947305882062&amp;set=pcb.8907947499215376&amp;__cft__[0]=AZW1g0J5VxtlcoF_I6S-yjapracCxTdUrxr-HgdZbHrr0bF59a_kNa9oD2jJa6ffWDyMcHJ46dZv6OZecvWdza5c9fHaMOnWW09qdx7zI_VwBgFWHU4BgrvXhDy8xd2ffGQ0_ehNnaUTEW4veDkoDzuAJwL2zxVSsnowbenuC114Xg&amp;__tn__=*bH-R\"><\/a><\/p>\n\n\n\n<p>L&#8217;APPROFONDIMENTO nel nostro articolo del 1 settembre scorso<\/p>\n\n\n\n<figure class=\"wp-block-embed is-type-wp-embed is-provider-leccecronaca-it wp-block-embed-leccecronaca-it\"><div class=\"wp-block-embed__wrapper\">\n<blockquote class=\"wp-embedded-content\" data-secret=\"AaFHDfO99P\"><a href=\"https:\/\/www.leccecronaca.it\/index.php\/2024\/09\/01\/scenari-post-xylella-favolosa-e-leccino-sono-controproducenti-ogliarola-e-cellina-si-riprendono\/\">SCENARI POST XYLELLA: &#8216;FAVOLOSA&#8217; E &#8216;LECCINO&#8217; SONO CONTROPRODUCENTI, &#8216;OGLIAROLA&#8217; E &#8216;CELLINA&#8217; SI RIPRENDONO<\/a><\/blockquote><iframe class=\"wp-embedded-content\" sandbox=\"allow-scripts\" security=\"restricted\" style=\"position: absolute; clip: rect(1px, 1px, 1px, 1px);\" title=\"&#8220;SCENARI POST XYLELLA: &#8216;FAVOLOSA&#8217; E &#8216;LECCINO&#8217; SONO CONTROPRODUCENTI, &#8216;OGLIAROLA&#8217; E &#8216;CELLINA&#8217; SI RIPRENDONO&#8221; &#8212; LecceCronaca.it\" src=\"https:\/\/www.leccecronaca.it\/index.php\/2024\/09\/01\/scenari-post-xylella-favolosa-e-leccino-sono-controproducenti-ogliarola-e-cellina-si-riprendono\/embed\/#?secret=kguVkE8MuV#?secret=AaFHDfO99P\" data-secret=\"AaFHDfO99P\" width=\"500\" height=\"282\" frameborder=\"0\" marginwidth=\"0\" marginheight=\"0\" scrolling=\"no\"><\/iframe>\n<\/div><\/figure>\n<fb:like href='https:\/\/www.leccecronaca.it\/index.php\/2024\/10\/06\/la-rifflessione-sulla-xylella-la-natura-dimostra-la-verita\/' send='true' layout='button_count' show_faces='true' width='450' height='65' action='recommend' colorscheme='light' font='lucida grande'><\/fb:like><span class=\"fb_share\"><fb:like href=\"https:\/\/www.leccecronaca.it\/index.php\/2024\/10\/06\/la-rifflessione-sulla-xylella-la-natura-dimostra-la-verita\/\" layout=\"button_count\"><\/fb:like><\/span>","protected":false},"excerpt":{"rendered":"<p>di Crocifisso Aloisi ______ (tratto dal suo diario di Facebook di oggi) ______ Queste foto sono state scattate stamattina nelle campagne di Galatone cio\u00e8 in piena zona dichiarata &#8216;infetta&#8217; da xylella fastidiosa. Si tratta di un oliveto di oltre 100 anni, variet\u00e0 autoctone salentine Cellina di Nard\u00f2 e Ogliarola Salentina. Come potete notare voi stessi [&hellip;]<\/p>\n","protected":false},"author":4,"featured_media":234541,"comment_status":"open","ping_status":"closed","sticky":false,"template":"","format":"standard","meta":[],"categories":[1,69,31,76],"tags":[],"_links":{"self":[{"href":"https:\/\/www.leccecronaca.it\/index.php\/wp-json\/wp\/v2\/posts\/234540"}],"collection":[{"href":"https:\/\/www.leccecronaca.it\/index.php\/wp-json\/wp\/v2\/posts"}],"about":[{"href":"https:\/\/www.leccecronaca.it\/index.php\/wp-json\/wp\/v2\/types\/post"}],"author":[{"embeddable":true,"href":"https:\/\/www.leccecronaca.it\/index.php\/wp-json\/wp\/v2\/users\/4"}],"replies":[{"embeddable":true,"href":"https:\/\/www.leccecronaca.it\/index.php\/wp-json\/wp\/v2\/comments?post=234540"}],"version-history":[{"count":3,"href":"https:\/\/www.leccecronaca.it\/index.php\/wp-json\/wp\/v2\/posts\/234540\/revisions"}],"predecessor-version":[{"id":234545,"href":"https:\/\/www.leccecronaca.it\/index.php\/wp-json\/wp\/v2\/posts\/234540\/revisions\/234545"}],"wp:featuredmedia":[{"embeddable":true,"href":"https:\/\/www.leccecronaca.it\/index.php\/wp-json\/wp\/v2\/media\/234541"}],"wp:attachment":[{"href":"https:\/\/www.leccecronaca.it\/index.php\/wp-json\/wp\/v2\/media?parent=234540"}],"wp:term":[{"taxonomy":"category","embeddable":true,"href":"https:\/\/www.leccecronaca.it\/index.php\/wp-json\/wp\/v2\/categories?post=234540"},{"taxonomy":"post_tag","embeddable":true,"href":"https:\/\/www.leccecronaca.it\/index.php\/wp-json\/wp\/v2\/tags?post=234540"}],"curies":[{"name":"wp","href":"https:\/\/api.w.org\/{rel}","templated":true}]}}