{"id":234571,"date":"2024-10-08T00:03:00","date_gmt":"2024-10-07T22:03:00","guid":{"rendered":"https:\/\/www.leccecronaca.it\/?p=234571"},"modified":"2024-10-07T13:48:41","modified_gmt":"2024-10-07T11:48:41","slug":"stefano-donno-e-in-corea-del-sud","status":"publish","type":"post","link":"https:\/\/www.leccecronaca.it\/index.php\/2024\/10\/08\/stefano-donno-e-in-corea-del-sud\/","title":{"rendered":"STEFANO DONNO E&#8217; IN COREA DEL SUD"},"content":{"rendered":"\n<p><img decoding=\"async\" loading=\"lazy\" width=\"1700\" height=\"2560\" class=\"wp-image-234572\" style=\"width: 1500px;\" src=\"https:\/\/www.leccecronaca.it\/wordpress\/wp-content\/uploads\/2024\/10\/donno-scaled.jpg\" alt=\"\" srcset=\"https:\/\/www.leccecronaca.it\/wordpress\/wp-content\/uploads\/2024\/10\/donno-scaled.jpg 1700w, https:\/\/www.leccecronaca.it\/wordpress\/wp-content\/uploads\/2024\/10\/donno-199x300.jpg 199w, https:\/\/www.leccecronaca.it\/wordpress\/wp-content\/uploads\/2024\/10\/donno-680x1024.jpg 680w, https:\/\/www.leccecronaca.it\/wordpress\/wp-content\/uploads\/2024\/10\/donno-768x1156.jpg 768w, https:\/\/www.leccecronaca.it\/wordpress\/wp-content\/uploads\/2024\/10\/donno-1020x1536.jpg 1020w, https:\/\/www.leccecronaca.it\/wordpress\/wp-content\/uploads\/2024\/10\/donno-1360x2048.jpg 1360w\" sizes=\"(max-width: 1700px) 100vw, 1700px\" \/><\/p>\n\n\n\n<p>(Rdl) ______ &#8220;Sono onorato di rappresentare in qualche modo l\u2019Italia in Corea del Sud e di avere l\u2019opportunit\u00e0 di condividere la mia passione per la poesia con un pubblico cos\u00ec attento e appassionato&#8221; &#8211; \u00e8 stato il commento di Stefano Donno, che ha aggiunto: &#8220;La poesia \u00e8 un linguaggio universale che ci unisce e ci permette di superare le barriere culturali&#8221;.<\/p>\n\n\n\n<p>Accompagnato dal presidente della Casa della Poesia di Como, Laura Garavaglia, l&#8217;editore leccese sar\u00e0 a Seul dall&#8217; 8 al 18 ottobre per una serie di incontri e iniziative volte a promuovere la poesia italiana e a rafforzare i legami culturali tra i due Paesi.<\/p>\n\n\n\n<p>Fra le altre cose, ritirer\u00e0 il prestigioso 5th Changwon KS International Poetry Prize,  riconoscimento il suo impegno nel promuovere lo scambio culturale tra l\u2019Italia e la Corea del Sud e nel contribuire a ridefinire il ruolo delle comunit\u00e0 poetiche internazionali.<\/p>\n<fb:like href='https:\/\/www.leccecronaca.it\/index.php\/2024\/10\/08\/stefano-donno-e-in-corea-del-sud\/' send='true' layout='button_count' show_faces='true' width='450' height='65' action='recommend' colorscheme='light' font='lucida grande'><\/fb:like><span class=\"fb_share\"><fb:like href=\"https:\/\/www.leccecronaca.it\/index.php\/2024\/10\/08\/stefano-donno-e-in-corea-del-sud\/\" layout=\"button_count\"><\/fb:like><\/span>","protected":false},"excerpt":{"rendered":"<p>(Rdl) ______ &#8220;Sono onorato di rappresentare in qualche modo l\u2019Italia in Corea del Sud e di avere l\u2019opportunit\u00e0 di condividere la mia passione per la poesia con un pubblico cos\u00ec attento e appassionato&#8221; &#8211; \u00e8 stato il commento di Stefano Donno, che ha aggiunto: &#8220;La poesia \u00e8 un linguaggio universale che ci unisce e ci [&hellip;]<\/p>\n","protected":false},"author":4,"featured_media":234572,"comment_status":"open","ping_status":"closed","sticky":false,"template":"","format":"standard","meta":[],"categories":[31,75],"tags":[],"_links":{"self":[{"href":"https:\/\/www.leccecronaca.it\/index.php\/wp-json\/wp\/v2\/posts\/234571"}],"collection":[{"href":"https:\/\/www.leccecronaca.it\/index.php\/wp-json\/wp\/v2\/posts"}],"about":[{"href":"https:\/\/www.leccecronaca.it\/index.php\/wp-json\/wp\/v2\/types\/post"}],"author":[{"embeddable":true,"href":"https:\/\/www.leccecronaca.it\/index.php\/wp-json\/wp\/v2\/users\/4"}],"replies":[{"embeddable":true,"href":"https:\/\/www.leccecronaca.it\/index.php\/wp-json\/wp\/v2\/comments?post=234571"}],"version-history":[{"count":1,"href":"https:\/\/www.leccecronaca.it\/index.php\/wp-json\/wp\/v2\/posts\/234571\/revisions"}],"predecessor-version":[{"id":234573,"href":"https:\/\/www.leccecronaca.it\/index.php\/wp-json\/wp\/v2\/posts\/234571\/revisions\/234573"}],"wp:featuredmedia":[{"embeddable":true,"href":"https:\/\/www.leccecronaca.it\/index.php\/wp-json\/wp\/v2\/media\/234572"}],"wp:attachment":[{"href":"https:\/\/www.leccecronaca.it\/index.php\/wp-json\/wp\/v2\/media?parent=234571"}],"wp:term":[{"taxonomy":"category","embeddable":true,"href":"https:\/\/www.leccecronaca.it\/index.php\/wp-json\/wp\/v2\/categories?post=234571"},{"taxonomy":"post_tag","embeddable":true,"href":"https:\/\/www.leccecronaca.it\/index.php\/wp-json\/wp\/v2\/tags?post=234571"}],"curies":[{"name":"wp","href":"https:\/\/api.w.org\/{rel}","templated":true}]}}