{"id":234586,"date":"2024-10-08T13:45:00","date_gmt":"2024-10-08T11:45:00","guid":{"rendered":"https:\/\/www.leccecronaca.it\/?p=234586"},"modified":"2024-10-18T17:40:12","modified_gmt":"2024-10-18T15:40:12","slug":"il-melograno-prezioso-frutto-autunnale-alleato-della-salute-nel-salento-diventa-azienda-deccellenza-a-leccecronaca-it-in-esclusiva-il-fondatore-di-melograni-martino-daniele-de-pascalis","status":"publish","type":"post","link":"https:\/\/www.leccecronaca.it\/index.php\/2024\/10\/08\/il-melograno-prezioso-frutto-autunnale-alleato-della-salute-nel-salento-diventa-azienda-deccellenza-a-leccecronaca-it-in-esclusiva-il-fondatore-di-melograni-martino-daniele-de-pascalis\/","title":{"rendered":"IL MELOGRANO, GUSTOSO FRUTTO  AUTUNNALE E PREZIOSO ALLEATO DELLA SALUTE, NEL SALENTO DIVENTA AZIENDA D\u2019ECCELLENZA. A LECCECRONACA.IT IN ESCLUSIVA IL FONDATORE DI MELOGRANI MARTINO, DANIELE DE PASCALIS"},"content":{"rendered":"\n<p><\/p>\n\n\n\n<figure class=\"wp-block-image size-full is-resized\"><img decoding=\"async\" loading=\"lazy\" src=\"https:\/\/www.leccecronaca.it\/wordpress\/wp-content\/uploads\/2024\/10\/DANIELE.jpg\" alt=\"\" class=\"wp-image-234587\" width=\"655\" height=\"820\" srcset=\"https:\/\/www.leccecronaca.it\/wordpress\/wp-content\/uploads\/2024\/10\/DANIELE.jpg 258w, https:\/\/www.leccecronaca.it\/wordpress\/wp-content\/uploads\/2024\/10\/DANIELE-240x300.jpg 240w\" sizes=\"(max-width: 655px) 100vw, 655px\" \/><\/figure>\n\n\n\n<p><strong>di Carmen Leo<\/strong>______ <strong><em>\u201cSin da piccolo sono sempre stato un grande appassionato di questa bellissima pianta, il melograno. Il mio amore per la campagna, il cercare di ritagliarmi, quando possibile, momenti di piacevole relax, era per me un modo per staccare la spina, quando a Milano svolgevo la professione di consulente aziendale, occupandomi di campagne pubblicitarie e strategie d\u2019impresa, curando i siti internet e marchi per le aziende per le quali lavoravo. Dalla Natura riuscivo a trarre anche grande ispirazione per il mio lavoro\u201d. &nbsp;&nbsp;&nbsp;<\/em><\/strong><\/p>\n\n\n\n<p>Cos\u00ec <strong><em>Daniele De Pascalis<\/em><\/strong> (nella foto di copertina), 43 anni, di Monteroni di Lecce, studi in Scienze Economiche in Universit\u00e0 Bocconi, a Milano, creatore dell\u2019azienda <strong><em>MELOGRANI MARTINO<\/em><\/strong>, sita sulla Strada Provinciale Lecce \u2013 Arnesano (SP 119), in agro della sua stessa citt\u00e0 natale, si racconta a <strong><em>Leccecronaca.it<\/em><\/strong><\/p>\n\n\n\n<figure class=\"wp-block-image size-full is-resized\"><img decoding=\"async\" loading=\"lazy\" src=\"https:\/\/www.leccecronaca.it\/wordpress\/wp-content\/uploads\/2024\/10\/FILARI.jpg\" alt=\"\" class=\"wp-image-234588\" width=\"836\" height=\"381\" srcset=\"https:\/\/www.leccecronaca.it\/wordpress\/wp-content\/uploads\/2024\/10\/FILARI.jpg 810w, https:\/\/www.leccecronaca.it\/wordpress\/wp-content\/uploads\/2024\/10\/FILARI-300x137.jpg 300w, https:\/\/www.leccecronaca.it\/wordpress\/wp-content\/uploads\/2024\/10\/FILARI-768x350.jpg 768w, https:\/\/www.leccecronaca.it\/wordpress\/wp-content\/uploads\/2024\/10\/FILARI-315x145.jpg 315w\" sizes=\"(max-width: 836px) 100vw, 836px\" \/><\/figure>\n\n\n\n<p><strong><em>MELOGRANI MARTINO <\/em><\/strong>nasce, dunque, dalla passione di un uomo stanco di svolgere una professione interessante, ma che lasciava poco spazio ad un innato e spasmodico bisogno di stare in contatto diretto con gli elementi pi\u00f9 naturali del nostro pianeta, ma soprattutto insofferente ad un clima e ad un ambiente sociale tanto diverso dalle sue origini.<\/p>\n\n\n\n<p>Cos\u00ec, dopo alcuni anni nella &#8220;Milano da bere&#8221;, dove<strong><em> Daniele <\/em><\/strong>studia e lavora, la meditata decisione di ritornare a respirare i profumi della terra natia: il suo e nostro meraviglioso Salento.<\/p>\n\n\n\n<p>E proprio cos\u00ec il sogno nel cassetto diviene, nel 2020, realt\u00e0! <\/p>\n\n\n\n<p>Lo spazio fisico, il terreno da adibire a questa iniziativa \u201cfrutto\u201d dello spirito imprenditoriale di <strong><em>Daniele,<\/em><\/strong> gli viene concesso in uso da un parente, insieme alla fiducia in un\u2019idea, che egli ha saputo trasformare in una vasta piantagione di melograni, che ricomprende circa cinquemila piante di diverse variet\u00e0.<\/p>\n\n\n<div class=\"wp-block-image\">\n<figure class=\"alignright size-full is-resized\"><img decoding=\"async\" loading=\"lazy\" src=\"https:\/\/www.leccecronaca.it\/wordpress\/wp-content\/uploads\/2024\/10\/filari-3.jpg\" alt=\"\" class=\"wp-image-234605\" width=\"595\" height=\"338\" srcset=\"https:\/\/www.leccecronaca.it\/wordpress\/wp-content\/uploads\/2024\/10\/filari-3.jpg 370w, https:\/\/www.leccecronaca.it\/wordpress\/wp-content\/uploads\/2024\/10\/filari-3-300x170.jpg 300w\" sizes=\"(max-width: 595px) 100vw, 595px\" \/><\/figure><\/div>\n\n\n<p><strong><em>\u201cSiamo un\u2019azienda agricola esperienziale, che con passione coltiva in biologico le melagrane della Valle della Cupa. Ogni giorno ci dedichiamo alla coltivazione di questa pianta millenaria, che ha trovato nel caldo e soleggiato Salento il luogo ideale per fiorire e regalarci i suoi gustosi frutti. Disponiamo di 25 diverse variet\u00e0 di melograni con caratteristiche organolettiche e di maturazione differente. Principalmente la precoce&nbsp;<a href=\"https:\/\/www.mywlife.it\/negozio\/vendita-melograno-fresco\/vendita-melograno-fresco-ako\/melagrane-dolci-italiane-20-kg\/\">Ako<\/a>, la&nbsp;<a href=\"https:\/\/www.mywlife.it\/negozio\/vendita-melograno-fresco\/vendita-melograno-fresco-wonderful\/melagrane-wonderful-italiane-20-kg-spedizione-gratuita\/\">Wonderful<\/a>&nbsp;e la&nbsp;<a href=\"https:\/\/www.mywlife.it\/negozio\/vendita-melograno-fresco\/vendita-melograno-fresco-viola-o-nero\/melagrane-viola\/\">Viola di Monteroni<\/a>.<\/em><\/strong><\/p>\n\n\n\n<p><strong><em>Inoltre, nel nostro campo sono presenti altre variet\u00e0 autoctone del Salento, come la Dente di Cavallo, la Mollar, la Sordo, ed altre internazionali. Dal 2020 abbiamo messo a dimora una variet\u00e0 nuova, creata nel 2015 da un\u2019ibridazione di mia invenzione, dedicata alla mia nipotina Sophie.&nbsp;<\/em><\/strong><\/p>\n\n\n\n<p><strong><em>Melograni Martino non \u00e8 soltanto questo, ma riunisce in s\u00e9 la mia grande passione per questo frutto dalle molteplici propriet\u00e0 benefiche con l\u2019esperienza acquisita nel corso della mia professione manageriale. Ho cercato, cos\u00ec, di creare un modo efficace di raccontare il territorio salentino attraverso alcuni prodotti enogastronomici di eccellenza, commercializzati anche da altre aziende locali, il tutto ambientato in un\u2019atmosfera bucolica, ove i visitatori si ritrovano a stretto contatto con la Natura e con i frutti che Essa ci offre, sapientemente trasformati da noi e dai nostri partner in esperienze sensoriali di varia e piacevole degustazione\u201d. &nbsp;&nbsp;<\/em><\/strong><\/p>\n\n\n\n<p><\/p>\n\n\n\n<figure class=\"wp-block-image size-full is-resized\"><img decoding=\"async\" loading=\"lazy\" src=\"https:\/\/www.leccecronaca.it\/wordpress\/wp-content\/uploads\/2024\/10\/MELOGRANI.jpg\" alt=\"\" class=\"wp-image-234590\" width=\"570\" height=\"570\" srcset=\"https:\/\/www.leccecronaca.it\/wordpress\/wp-content\/uploads\/2024\/10\/MELOGRANI.jpg 238w, https:\/\/www.leccecronaca.it\/wordpress\/wp-content\/uploads\/2024\/10\/MELOGRANI-150x150.jpg 150w, https:\/\/www.leccecronaca.it\/wordpress\/wp-content\/uploads\/2024\/10\/MELOGRANI-60x60.jpg 60w\" sizes=\"(max-width: 570px) 100vw, 570px\" \/><\/figure>\n\n\n\n<p>Questa la vera genialit\u00e0 di <strong><em>Daniele De Pascalis!<\/em><\/strong><\/p>\n\n\n\n<p>&nbsp;Ha saputo far nascere da un terreno da anni in disuso, una realt\u00e0 imprenditoriale in una vasta &nbsp;tenuta in cui si organizzano, per tutta la durata dei mesi estivi, e fino a tutto settembre, serate a tema in cui \u00e8 possibile cenare seduti su dei covoni di paglia, che fungono anche da tavoli, apparecchiati in maniera essenziale e spartana, adottando una politica aziendale rigorosamente <strong>\u201cplastic free\u201d.<\/strong><\/p>\n\n\n\n<p>Ad ogni visitatore viene offerto un grazioso cestino di paglia contenente una mise en place con cui apparecchier\u00e0 il proprio tavolo riservato durante la prenotazione. Nel corso della serata-evento  ciascuno potr\u00e0 approvvigionarsi in formula \u201cself service\u201d delle delizie gastronomiche dolci e salate preparate per la serata. Il tutto accompagnato dai vini di note e prestigiose cantine salentine, dai liquori e dai freschissimi succhi di melagrane e arance, naturalmente a chilometro\u2026meno di zero.<\/p>\n\n\n<div class=\"wp-block-image\">\n<figure class=\"alignleft size-full is-resized\"><img decoding=\"async\" loading=\"lazy\" src=\"https:\/\/www.leccecronaca.it\/wordpress\/wp-content\/uploads\/2024\/10\/PRODOTTI.jpg\" alt=\"\" class=\"wp-image-234592\" width=\"343\" height=\"343\" srcset=\"https:\/\/www.leccecronaca.it\/wordpress\/wp-content\/uploads\/2024\/10\/PRODOTTI.jpg 245w, https:\/\/www.leccecronaca.it\/wordpress\/wp-content\/uploads\/2024\/10\/PRODOTTI-150x150.jpg 150w, https:\/\/www.leccecronaca.it\/wordpress\/wp-content\/uploads\/2024\/10\/PRODOTTI-60x60.jpg 60w\" sizes=\"(max-width: 343px) 100vw, 343px\" \/><\/figure><\/div>\n\n\n<p><\/p>\n\n\n\n<p>Suggestiva e di particolare effetto l\u2019ambientazione tra i filari di melograni opportunamente illuminati, tra i quali risuonano le delicate note prodotte da un\u2019arpa, le cui note sono dolcemente pizzicate dal vivo da mani avvezze alla musicalit\u00e0 di professione.<\/p>\n\n\n<div class=\"wp-block-image\">\n<figure class=\"alignright size-full is-resized\"><img decoding=\"async\" loading=\"lazy\" src=\"https:\/\/www.leccecronaca.it\/wordpress\/wp-content\/uploads\/2024\/10\/ARPA.jpg\" alt=\"\" class=\"wp-image-234603\" width=\"395\" height=\"526\" srcset=\"https:\/\/www.leccecronaca.it\/wordpress\/wp-content\/uploads\/2024\/10\/ARPA.jpg 247w, https:\/\/www.leccecronaca.it\/wordpress\/wp-content\/uploads\/2024\/10\/ARPA-225x300.jpg 225w\" sizes=\"(max-width: 395px) 100vw, 395px\" \/><\/figure><\/div>\n\n\n<p><\/p>\n\n\n\n<p>Per gli amanti del divertimento, della musica e dei balli sfrenati, che in estate sono quasi un obbligo da concedersi non certo di tanto in tanto e cui cedere senza ritegno alcuno, le serata da <strong><em>Melograni Martino <\/em><\/strong>sono animate da DJ Set e contornate da ballerine bellissime e sensuali, che ondeggiano a ritmo di musica tra gli astanti stupiti e affascinati da cotanta straordinariet\u00e0.<\/p>\n\n\n<div class=\"wp-block-image\">\n<figure class=\"alignleft size-full is-resized\"><img decoding=\"async\" loading=\"lazy\" src=\"https:\/\/www.leccecronaca.it\/wordpress\/wp-content\/uploads\/2024\/10\/LUNA.jpg\" alt=\"\" class=\"wp-image-234593\" width=\"526\" height=\"189\" srcset=\"https:\/\/www.leccecronaca.it\/wordpress\/wp-content\/uploads\/2024\/10\/LUNA.jpg 786w, https:\/\/www.leccecronaca.it\/wordpress\/wp-content\/uploads\/2024\/10\/LUNA-300x108.jpg 300w, https:\/\/www.leccecronaca.it\/wordpress\/wp-content\/uploads\/2024\/10\/LUNA-768x276.jpg 768w\" sizes=\"(max-width: 526px) 100vw, 526px\" \/><\/figure><\/div>\n\n\n<p><\/p>\n\n\n<div class=\"wp-block-image\">\n<figure class=\"alignright size-full is-resized\"><img decoding=\"async\" loading=\"lazy\" src=\"https:\/\/www.leccecronaca.it\/wordpress\/wp-content\/uploads\/2024\/10\/BALLERINE.jpg\" alt=\"\" class=\"wp-image-234594\" width=\"461\" height=\"269\" srcset=\"https:\/\/www.leccecronaca.it\/wordpress\/wp-content\/uploads\/2024\/10\/BALLERINE.jpg 826w, https:\/\/www.leccecronaca.it\/wordpress\/wp-content\/uploads\/2024\/10\/BALLERINE-300x175.jpg 300w, https:\/\/www.leccecronaca.it\/wordpress\/wp-content\/uploads\/2024\/10\/BALLERINE-768x448.jpg 768w\" sizes=\"(max-width: 461px) 100vw, 461px\" \/><\/figure><\/div>\n\n\n<p><strong><em>\u201cNella nostra azienda \u00e8 assolutamente abolito l\u2019uso e l\u2019abuso di concimi chimici e pesticidi, preferendo adottare la lotta biologica, attraverso l\u2019azione delle coccinelle e delle api, l\u2019utilizzo dei metodi antichi appresi dai nostri nonni, mediante l\u2019uso, quindi, del tabacco e dell\u2019aglio. <\/em><\/strong><\/p>\n\n\n\n<p><strong><em>Noi operiamo un\u2019economia circolare per cui della melagrana non si scarta nulla, producendo dal succo alla confettura, alle melasse, al miele, all\u2019aceto, al gin, alla birra, alle tisane. Stiamo anche facendo, di recente, degli esperimenti per sviluppare delle bioplastiche da ci\u00f2 che risulti essere l\u2019ultimo scarto non pi\u00f9 commestibile\u201d.<\/em><\/strong><\/p>\n\n\n\n<figure class=\"wp-block-image size-full\"><img decoding=\"async\" loading=\"lazy\" width=\"906\" height=\"326\" src=\"https:\/\/www.leccecronaca.it\/wordpress\/wp-content\/uploads\/2024\/10\/FILARI-SERA.jpg\" alt=\"\" class=\"wp-image-234595\" srcset=\"https:\/\/www.leccecronaca.it\/wordpress\/wp-content\/uploads\/2024\/10\/FILARI-SERA.jpg 906w, https:\/\/www.leccecronaca.it\/wordpress\/wp-content\/uploads\/2024\/10\/FILARI-SERA-300x108.jpg 300w, https:\/\/www.leccecronaca.it\/wordpress\/wp-content\/uploads\/2024\/10\/FILARI-SERA-768x276.jpg 768w\" sizes=\"(max-width: 906px) 100vw, 906px\" \/><\/figure>\n\n\n\n<p>Questo meraviglioso frutto che la Natura ci offre come dono di annuncio della stagione autunnale, \u00e8 ricco di potenti antiossidanti che aiutano a ridurre il rischio di aterosclerosi e rendono perfetta la pelle, \u00e8 un antinfiammatorio naturale e ha un alto alto contenuto di acidi grassi essenziali, che promuovono la rigenerazione cellulare e la riparazione della pelle.<\/p>\n\n\n<div class=\"wp-block-image\">\n<figure class=\"alignleft size-full is-resized\"><img decoding=\"async\" loading=\"lazy\" src=\"https:\/\/www.leccecronaca.it\/wordpress\/wp-content\/uploads\/2024\/10\/FRUTTI.jpg\" alt=\"\" class=\"wp-image-234596\" width=\"391\" height=\"381\"\/><\/figure><\/div>\n\n\n<p><strong><em>Melograni Martino <\/em><\/strong>offre anche, a chi volesse accostarsi alla conoscenza dei suoi numerosi prodotti biologici, l\u2019opportunit\u00e0 di vivere alcune giornate di <strong>raccolta autogestita e di degustazione<\/strong> di succhi, miele e marmellate, previo il pagamento di un modico ticket all\u2019ingresso. Si organizzano, inoltre, pranzi domenicali sempre tra i filari colorati e gioiosi per la vista e per l\u2018olfatto.<\/p>\n\n\n<div class=\"wp-block-image\">\n<figure class=\"alignright size-full is-resized\"><img decoding=\"async\" loading=\"lazy\" src=\"https:\/\/www.leccecronaca.it\/wordpress\/wp-content\/uploads\/2024\/10\/PORTA-ROSSA.jpg\" alt=\"\" class=\"wp-image-234597\" width=\"303\" height=\"540\"\/><\/figure><\/div>\n\n\n<p><\/p>\n\n\n\n<p><strong><em>\u201cIl vero punto di forza della nostra azienda sono i miei collaboratori, al maschile e al femminile, persone molto in gamba, animate come me da grande passione e dalla convinzione nella riuscita di questo progetto, che grazie al nostro impegno, alla dedizione, alla determinazione, unite ai tanti sacrifici, \u00e8 diventata una realt\u00e0 consolidata, e sta raggiungendo obiettivi molto interessanti sia a livello locale che nazionale, con grandi soddisfazioni anche sul mercato estero\u201d.<\/em><\/strong><\/p>\n\n\n\n<p><\/p>\n\n\n<div class=\"wp-block-image\">\n<figure class=\"alignleft size-full is-resized\"><img decoding=\"async\" loading=\"lazy\" src=\"https:\/\/www.leccecronaca.it\/wordpress\/wp-content\/uploads\/2024\/10\/STAFF.jpg\" alt=\"\" class=\"wp-image-234598\" width=\"421\" height=\"375\"\/><\/figure><\/div>\n\n\n<p><\/p>\n\n\n\n<p>Non possiamo che essere ammirati da quanto apprendiamo dal proprietario di questa azienda, nella conclusione di questa intervista concessa in esclusiva a <strong>Leccecronaca.it.,<\/strong> che \u00e8 stata attenzionata anche da alcuni programmi dedicati della TV di Stato, e che organizza ed ospita accurate visite e attivit\u00e0 didattiche specifiche dedicate alle scuole.<\/p>\n\n\n<div class=\"wp-block-image\">\n<figure class=\"alignright size-full is-resized\"><img decoding=\"async\" loading=\"lazy\" src=\"https:\/\/www.leccecronaca.it\/wordpress\/wp-content\/uploads\/2024\/10\/SARDELLA.jpg\" alt=\"\" class=\"wp-image-234599\" width=\"607\" height=\"342\" srcset=\"https:\/\/www.leccecronaca.it\/wordpress\/wp-content\/uploads\/2024\/10\/SARDELLA.jpg 345w, https:\/\/www.leccecronaca.it\/wordpress\/wp-content\/uploads\/2024\/10\/SARDELLA-300x169.jpg 300w\" sizes=\"(max-width: 607px) 100vw, 607px\" \/><\/figure><\/div>\n\n\n<p><\/p>\n\n\n<div class=\"wp-block-image\">\n<figure class=\"alignleft size-full is-resized\"><img decoding=\"async\" loading=\"lazy\" src=\"https:\/\/www.leccecronaca.it\/wordpress\/wp-content\/uploads\/2024\/10\/SCOLARI.jpg\" alt=\"\" class=\"wp-image-234600\" width=\"460\" height=\"346\"\/><\/figure><\/div>\n\n\n<p><\/p>\n\n\n<div class=\"wp-block-image\">\n<figure class=\"alignright size-full is-resized\"><img decoding=\"async\" loading=\"lazy\" src=\"https:\/\/www.leccecronaca.it\/wordpress\/wp-content\/uploads\/2024\/10\/SCOLARI-2.jpg\" alt=\"\" class=\"wp-image-234601\" width=\"463\" height=\"347\" srcset=\"https:\/\/www.leccecronaca.it\/wordpress\/wp-content\/uploads\/2024\/10\/SCOLARI-2.jpg 332w, https:\/\/www.leccecronaca.it\/wordpress\/wp-content\/uploads\/2024\/10\/SCOLARI-2-300x225.jpg 300w\" sizes=\"(max-width: 463px) 100vw, 463px\" \/><\/figure><\/div>\n\n\n<p>Un\u2019impresa relativamente giovane nella tradizione,<strong><em> Melograni Martino<\/em><\/strong>, ma che ha gi\u00e0 saputo imporsi con forza sul mercato locale e nazionale, affacciandosi timidamente, ma con determinazione anche a livello internazionale come marchio originale d\u2019eccellenza e innovazione, sia nella filiera produttiva che nella proposta di un originale connubio tra prodotti di altissima qualit\u00e0 e offerta di intrattenimento. <\/p>\n\n\n\n<p>Elementi vincenti, al giorno d\u2019oggi, che attraggono la curiosit\u00e0 di un pubblico di tutte le et\u00e0, sempre pi\u00f9 attento alla salvaguardia della propria salute, al rispetto e alla tutela del patrimonio ambientale e, perch\u00e9 no, anche a godere di momenti di convivialit\u00e0, allegria, spensieratezza, che rinfrancano mente, cuore e spirito costantemente stressati dal logorio dei ritmi assurdi e incalzanti imposti dal vivere sociale contemporaneo.<\/p>\n\n\n<div class=\"wp-block-image\">\n<figure class=\"alignleft size-full is-resized\"><img decoding=\"async\" loading=\"lazy\" src=\"https:\/\/www.leccecronaca.it\/wordpress\/wp-content\/uploads\/2024\/10\/DANIELE-RAGAZZE.jpg\" alt=\"\" class=\"wp-image-234602\" width=\"489\" height=\"611\" srcset=\"https:\/\/www.leccecronaca.it\/wordpress\/wp-content\/uploads\/2024\/10\/DANIELE-RAGAZZE.jpg 358w, https:\/\/www.leccecronaca.it\/wordpress\/wp-content\/uploads\/2024\/10\/DANIELE-RAGAZZE-240x300.jpg 240w\" sizes=\"(max-width: 489px) 100vw, 489px\" \/><\/figure><\/div>\n\n\n<p><strong>Chapeau,<\/strong> dunque, a Daniele De Pascalis, il quale ha inseguito e dato concretezza ad un sogno, dettato dal bisogno impellente di ritornare alle origini, di realizzare qualcosa di importante per la sua terra, di offrire nuove opportunit\u00e0 di lavoro a chi, proprio come <strong><em>LUI<\/em><\/strong>, ha creduto in quell&#8217;idea, che ora \u00e8 una realt\u00e0 imprenditoriale importante e in continua espansione, con uno sguardo sempre vigile e attento al rispetto di del nostro habitat naturale, purtroppo per decenni sfruttato e bistrattato da chi non ha ancora compreso che tutte le attenzioni che doniamo alla Natura vengono da questa restituite centuplicate in benefici per ciascuno e per tutti. <\/p>\n\n\n\n<p>Per maggiori informazioni sulle iniziative in essere potete visitare il sito web ufficiale dell\u2019azienda raggiungibile al link:<\/p>\n\n\n\n<figure class=\"wp-block-embed alignright is-type-wp-embed is-provider-melograni-martino-coltivazione-di-melagrane-di-prima-qualita wp-block-embed-melograni-martino-coltivazione-di-melagrane-di-prima-qualita\"><div class=\"wp-block-embed__wrapper\">\n<blockquote class=\"wp-embedded-content\" data-secret=\"TTQuEu1EIY\"><a href=\"https:\/\/www.melogranimartino.com\/2022\/06\/11\/melograni-sotto-le-stelle\/\">Melograni sotto le stelle<\/a><\/blockquote><iframe class=\"wp-embedded-content\" sandbox=\"allow-scripts\" security=\"restricted\" style=\"position: absolute; clip: rect(1px, 1px, 1px, 1px);\" title=\"&#8220;Melograni sotto le stelle&#8221; &#8212; Melograni Martino - Coltivazione di melagrane di prima qualit\u00e0\" src=\"https:\/\/www.melogranimartino.com\/2022\/06\/11\/melograni-sotto-le-stelle\/embed\/#?secret=IRO2kKdYHP#?secret=TTQuEu1EIY\" data-secret=\"TTQuEu1EIY\" width=\"500\" height=\"282\" frameborder=\"0\" marginwidth=\"0\" marginheight=\"0\" scrolling=\"no\"><\/iframe>\n<\/div><\/figure>\n<fb:like href='https:\/\/www.leccecronaca.it\/index.php\/2024\/10\/08\/il-melograno-prezioso-frutto-autunnale-alleato-della-salute-nel-salento-diventa-azienda-deccellenza-a-leccecronaca-it-in-esclusiva-il-fondatore-di-melograni-martino-daniele-de-pascalis\/' send='true' layout='button_count' show_faces='true' width='450' height='65' action='recommend' colorscheme='light' font='lucida grande'><\/fb:like><span class=\"fb_share\"><fb:like href=\"https:\/\/www.leccecronaca.it\/index.php\/2024\/10\/08\/il-melograno-prezioso-frutto-autunnale-alleato-della-salute-nel-salento-diventa-azienda-deccellenza-a-leccecronaca-it-in-esclusiva-il-fondatore-di-melograni-martino-daniele-de-pascalis\/\" layout=\"button_count\"><\/fb:like><\/span>","protected":false},"excerpt":{"rendered":"<p>di Carmen Leo______ \u201cSin da piccolo sono sempre stato un grande appassionato di questa bellissima pianta, il melograno. Il mio amore per la campagna, il cercare di ritagliarmi, quando possibile, momenti di piacevole relax, era per me un modo per staccare la spina, quando a Milano svolgevo la professione di consulente aziendale, occupandomi di campagne [&hellip;]<\/p>\n","protected":false},"author":4,"featured_media":0,"comment_status":"open","ping_status":"closed","sticky":false,"template":"","format":"standard","meta":[],"categories":[1,31,75],"tags":[],"_links":{"self":[{"href":"https:\/\/www.leccecronaca.it\/index.php\/wp-json\/wp\/v2\/posts\/234586"}],"collection":[{"href":"https:\/\/www.leccecronaca.it\/index.php\/wp-json\/wp\/v2\/posts"}],"about":[{"href":"https:\/\/www.leccecronaca.it\/index.php\/wp-json\/wp\/v2\/types\/post"}],"author":[{"embeddable":true,"href":"https:\/\/www.leccecronaca.it\/index.php\/wp-json\/wp\/v2\/users\/4"}],"replies":[{"embeddable":true,"href":"https:\/\/www.leccecronaca.it\/index.php\/wp-json\/wp\/v2\/comments?post=234586"}],"version-history":[{"count":8,"href":"https:\/\/www.leccecronaca.it\/index.php\/wp-json\/wp\/v2\/posts\/234586\/revisions"}],"predecessor-version":[{"id":234811,"href":"https:\/\/www.leccecronaca.it\/index.php\/wp-json\/wp\/v2\/posts\/234586\/revisions\/234811"}],"wp:attachment":[{"href":"https:\/\/www.leccecronaca.it\/index.php\/wp-json\/wp\/v2\/media?parent=234586"}],"wp:term":[{"taxonomy":"category","embeddable":true,"href":"https:\/\/www.leccecronaca.it\/index.php\/wp-json\/wp\/v2\/categories?post=234586"},{"taxonomy":"post_tag","embeddable":true,"href":"https:\/\/www.leccecronaca.it\/index.php\/wp-json\/wp\/v2\/tags?post=234586"}],"curies":[{"name":"wp","href":"https:\/\/api.w.org\/{rel}","templated":true}]}}