{"id":234876,"date":"2024-10-15T00:02:00","date_gmt":"2024-10-14T22:02:00","guid":{"rendered":"https:\/\/www.leccecronaca.it\/?p=234876"},"modified":"2024-10-14T13:07:21","modified_gmt":"2024-10-14T11:07:21","slug":"novita-editoriali-esce-la-storia-di-melendugno-con-qualche-errore","status":"publish","type":"post","link":"https:\/\/www.leccecronaca.it\/index.php\/2024\/10\/15\/novita-editoriali-esce-la-storia-di-melendugno-con-qualche-errore\/","title":{"rendered":"NOVITA&#8217; EDITORIALI \/ ESCE LA STORIA DI MELENDUGNO. CON QUALCHE ERRORE"},"content":{"rendered":"\n<p><img decoding=\"async\" loading=\"lazy\" width=\"960\" height=\"720\" class=\"wp-image-234878\" style=\"width: 1500px;\" src=\"https:\/\/www.leccecronaca.it\/wordpress\/wp-content\/uploads\/2024\/10\/17990680_1500273423337347_4969755240087167208_n.jpg\" alt=\"\" srcset=\"https:\/\/www.leccecronaca.it\/wordpress\/wp-content\/uploads\/2024\/10\/17990680_1500273423337347_4969755240087167208_n.jpg 960w, https:\/\/www.leccecronaca.it\/wordpress\/wp-content\/uploads\/2024\/10\/17990680_1500273423337347_4969755240087167208_n-300x225.jpg 300w, https:\/\/www.leccecronaca.it\/wordpress\/wp-content\/uploads\/2024\/10\/17990680_1500273423337347_4969755240087167208_n-768x576.jpg 768w, https:\/\/www.leccecronaca.it\/wordpress\/wp-content\/uploads\/2024\/10\/17990680_1500273423337347_4969755240087167208_n-400x300.jpg 400w\" sizes=\"(max-width: 960px) 100vw, 960px\" \/><\/p>\n\n\n\n<p>di <strong>Raffaele Polo<\/strong>  ______ <\/p>\n\n\n\n<p>Freschissimo di stampa, questo <strong><em>&#8220;Melendugno&#8230;nobilissima&#8221;<\/em><\/strong> di <strong>Giovanni Cisternino<\/strong> (Magic editore, 484 pagine, 40 euro) \u00e8 interamente dedicato alla storia di Melendugno e ci accompagna, attraverso innumerevoli documenti, nella complessa realt\u00e0 che il centro ha avuto, dalle sue origini sino ad oggi. <\/p>\n\n\n\n<p>\u00c9 un lavoro certosino e ricco di notizie e illustrazioni: ancora una volta Cisternino dimostra le sue doti di infaticabile ricercatore e a lui vanno tutte le lodi e gli onori.<\/p>\n\n\n\n<p>Vorremmo, per\u00f2, sottolineare alcuni aspetti che non siamo riusciti a decifrare facilmente, e ci paiono suscettibili di ulteriori chiarimenti. Elenchiamo, brevemente, ci\u00f2 che non ci ha convinto:<\/p>\n\n\n\n<p>anzitutto, l&#8217;autore esclude, nel capitolo dedicato a &#8216;I personaggi illustri di Melendugno da ricordare&#8217;, indicato nell&#8217;indice a pagina 404 ma in realt\u00e0 inserito dalla pagina 410, proprio Rina Durante che, \u00e8 vero, nacque a Saseno, ma \u00e8 la pi\u00f9 famosa rappresentante di quella &#8216;cultura&#8217; melendugnese che,dopo\u00a0 la lunga inimicizia perpetuata per anni con l&#8217;autrice di &#8216;Tutto il teatro a Malandrino&#8217;, ha riparato in tempi attuali, dedicandole la scuola (a spese di Giuseppe Mazzini..) e il busto (nella foto)  nella omonima piazzetta;<\/p>\n\n\n\n<p>discutibile anche, secondo noi, il voler commentare tutte le immagini con didascalie in lettere maiuscole e neretto, e anche il lasciare spesso aperte le parentesi tonde.<\/p>\n\n\n\n<p>E, soprattutto, \u00e8 poco comprensibile l&#8217;introduzione, proprio nel titolo, di quei tre puntini di sospensione. Sembrerebbe che, con bonaria ironia, si voglia affermare che Melendugno tutto \u00e8, fuorch\u00e8 &#8216;nobilissima&#8217;&#8230; senn\u00f2, perch\u00e9 i puntini di sospensione?<\/p>\n\n\n\n<p><\/p>\n\n\n\n<p>Ma sono aspetti decisamente marginali, che nulla tolgono al valore dell&#8217;opera: la storia di Melendugno, ricchissima di avvenimenti, si dipana nelle quasi cinquecento pagine di questo che viene indicato come &#8216;Tomo I&#8217; facendo presagire una continuazione sullo stesso argomento. <\/p>\n\n\n\n<p>Del resto, come scrive l&#8217;autore nella sua prefazione: \u201c Confido, vivamente, che questa seconda edizione- rispetto al precedente lavoro monografico denominato \u201cIl baronato dei D&#8217;Amely nella Melendugno tra il XVIII ed il XX secolo\u201d- riveduta, corretta, ampliata considerevolmente dal punto di vista storico, serva come stimolo ai miei concittadini, per ulteriori approfondimenti e dibattiti, per cercare di scoprire e capire sempre meglio le nostre radici culturali; al contempo sarei orgoglioso se i lettori vorranno apprezzare e compatire questa modesta opera ottenendo un buon risultato\u201d.<\/p>\n\n\n\n<p><img decoding=\"async\" loading=\"lazy\" width=\"1920\" height=\"2560\" class=\"wp-image-234877\" style=\"width: 800px;\" src=\"https:\/\/www.leccecronaca.it\/wordpress\/wp-content\/uploads\/2024\/10\/1728897738cis-scaled.jpg\" alt=\"\" srcset=\"https:\/\/www.leccecronaca.it\/wordpress\/wp-content\/uploads\/2024\/10\/1728897738cis-scaled.jpg 1920w, https:\/\/www.leccecronaca.it\/wordpress\/wp-content\/uploads\/2024\/10\/1728897738cis-225x300.jpg 225w, https:\/\/www.leccecronaca.it\/wordpress\/wp-content\/uploads\/2024\/10\/1728897738cis-768x1024.jpg 768w, https:\/\/www.leccecronaca.it\/wordpress\/wp-content\/uploads\/2024\/10\/1728897738cis-1152x1536.jpg 1152w, https:\/\/www.leccecronaca.it\/wordpress\/wp-content\/uploads\/2024\/10\/1728897738cis-1536x2048.jpg 1536w\" sizes=\"(max-width: 1920px) 100vw, 1920px\" \/><\/p>\n<fb:like href='https:\/\/www.leccecronaca.it\/index.php\/2024\/10\/15\/novita-editoriali-esce-la-storia-di-melendugno-con-qualche-errore\/' send='true' layout='button_count' show_faces='true' width='450' height='65' action='recommend' colorscheme='light' font='lucida grande'><\/fb:like><span class=\"fb_share\"><fb:like href=\"https:\/\/www.leccecronaca.it\/index.php\/2024\/10\/15\/novita-editoriali-esce-la-storia-di-melendugno-con-qualche-errore\/\" layout=\"button_count\"><\/fb:like><\/span>","protected":false},"excerpt":{"rendered":"<p>di Raffaele Polo ______ Freschissimo di stampa, questo &#8220;Melendugno&#8230;nobilissima&#8221; di Giovanni Cisternino (Magic editore, 484 pagine, 40 euro) \u00e8 interamente dedicato alla storia di Melendugno e ci accompagna, attraverso innumerevoli documenti, nella complessa realt\u00e0 che il centro ha avuto, dalle sue origini sino ad oggi. \u00c9 un lavoro certosino e ricco di notizie e illustrazioni: [&hellip;]<\/p>\n","protected":false},"author":4,"featured_media":234878,"comment_status":"open","ping_status":"closed","sticky":false,"template":"","format":"standard","meta":[],"categories":[31,57],"tags":[],"_links":{"self":[{"href":"https:\/\/www.leccecronaca.it\/index.php\/wp-json\/wp\/v2\/posts\/234876"}],"collection":[{"href":"https:\/\/www.leccecronaca.it\/index.php\/wp-json\/wp\/v2\/posts"}],"about":[{"href":"https:\/\/www.leccecronaca.it\/index.php\/wp-json\/wp\/v2\/types\/post"}],"author":[{"embeddable":true,"href":"https:\/\/www.leccecronaca.it\/index.php\/wp-json\/wp\/v2\/users\/4"}],"replies":[{"embeddable":true,"href":"https:\/\/www.leccecronaca.it\/index.php\/wp-json\/wp\/v2\/comments?post=234876"}],"version-history":[{"count":1,"href":"https:\/\/www.leccecronaca.it\/index.php\/wp-json\/wp\/v2\/posts\/234876\/revisions"}],"predecessor-version":[{"id":234879,"href":"https:\/\/www.leccecronaca.it\/index.php\/wp-json\/wp\/v2\/posts\/234876\/revisions\/234879"}],"wp:featuredmedia":[{"embeddable":true,"href":"https:\/\/www.leccecronaca.it\/index.php\/wp-json\/wp\/v2\/media\/234878"}],"wp:attachment":[{"href":"https:\/\/www.leccecronaca.it\/index.php\/wp-json\/wp\/v2\/media?parent=234876"}],"wp:term":[{"taxonomy":"category","embeddable":true,"href":"https:\/\/www.leccecronaca.it\/index.php\/wp-json\/wp\/v2\/categories?post=234876"},{"taxonomy":"post_tag","embeddable":true,"href":"https:\/\/www.leccecronaca.it\/index.php\/wp-json\/wp\/v2\/tags?post=234876"}],"curies":[{"name":"wp","href":"https:\/\/api.w.org\/{rel}","templated":true}]}}