{"id":234963,"date":"2024-10-16T00:03:00","date_gmt":"2024-10-15T22:03:00","guid":{"rendered":"https:\/\/www.leccecronaca.it\/?p=234963"},"modified":"2024-10-15T20:17:44","modified_gmt":"2024-10-15T18:17:44","slug":"trenta-leccesi-hanno-risolto-il-problema-del-sovraindebitamento-grazie-allimpulso-che-ho-dato-allocc","status":"publish","type":"post","link":"https:\/\/www.leccecronaca.it\/index.php\/2024\/10\/16\/trenta-leccesi-hanno-risolto-il-problema-del-sovraindebitamento-grazie-allimpulso-che-ho-dato-allocc\/","title":{"rendered":"\u00abTrenta leccesi hanno risolto il problema del sovraindebitamento grazie all\u2019impulso che ho dato all\u2019Occ\u00bb"},"content":{"rendered":"\n<p><img decoding=\"async\" loading=\"lazy\" width=\"960\" height=\"958\" class=\"wp-image-234964\" style=\"width: 1500px;\" src=\"https:\/\/www.leccecronaca.it\/wordpress\/wp-content\/uploads\/2024\/10\/cg.jpg\" alt=\"\" srcset=\"https:\/\/www.leccecronaca.it\/wordpress\/wp-content\/uploads\/2024\/10\/cg.jpg 960w, https:\/\/www.leccecronaca.it\/wordpress\/wp-content\/uploads\/2024\/10\/cg-300x300.jpg 300w, https:\/\/www.leccecronaca.it\/wordpress\/wp-content\/uploads\/2024\/10\/cg-150x150.jpg 150w, https:\/\/www.leccecronaca.it\/wordpress\/wp-content\/uploads\/2024\/10\/cg-768x766.jpg 768w, https:\/\/www.leccecronaca.it\/wordpress\/wp-content\/uploads\/2024\/10\/cg-60x60.jpg 60w\" sizes=\"(max-width: 960px) 100vw, 960px\" \/><\/p>\n\n\n\n<p>Riceviamo e volentieri pubblichiamo. Il consigliere comunale Christian Gnoni, capogruppo di \u201cCoscienza civica\u201d e gi\u00e0 assessore agli Affari generali, ci manda il seguente comunicato ______<\/p>\n\n\n\n<p>Delle difficolt\u00e0 economiche che travagliano le famiglie leccesi ce ne siamo ampiamente occupati e ci fa piacere che oggi lo riconosca anche questa amministrazione. Da assessore al ramo mi preoccupai di dare impulso all\u2019Organismo di Composizione della Crisi istituito, ma di fatto non operativo. Le continue segnalazioni che pervenivano dai cittadini mi spinsero a considerare con attenzione la questione e, dopo un attento lavoro che port\u00f2 anche alla nomina dell\u2019attuale responsabile dell\u2019Occ, la dottoressa Sabrina Valentino, fu pubblicato il bando che ha consentito di gestire circa trenta procedure per sovraindebitamento dalla fine del 2022 a settembre di quest\u2019anno.<\/p>\n\n\n\n<p>Ho rivitalizzato uno strumento efficace per aiutare chi ha i requisiti a liberarsi dalla morsa dei debiti. Ho sentito di farlo come impegno sociale e morale a sostegno di chi \u00e8 soffocato dai debiti senza averne responsabilit\u00e0. La crisi economica, il Covid, la guerra: le contingenze che mettono in difficolt\u00e0 famiglie e imprese si manifestano continuamente e mettono a dura prova chi deve affrontarle senza avere le spalle larghe. Ringrazio l\u2019assessora al Contenzioso, Maria Luisa Greco, per aver riconosciuto l\u2019importanza del nostro operato perch\u00e9, pur non citando la paternit\u00e0 dell\u2019azione amministrativa che ha portato all\u2019esito felice per 30 leccesi, di fatto ne d\u00e0 atto. Mi auguro che l\u2019azione di questa amministrazione prosegua nel solco tracciato.<\/p>\n<fb:like href='https:\/\/www.leccecronaca.it\/index.php\/2024\/10\/16\/trenta-leccesi-hanno-risolto-il-problema-del-sovraindebitamento-grazie-allimpulso-che-ho-dato-allocc\/' send='true' layout='button_count' show_faces='true' width='450' height='65' action='recommend' colorscheme='light' font='lucida grande'><\/fb:like><span class=\"fb_share\"><fb:like href=\"https:\/\/www.leccecronaca.it\/index.php\/2024\/10\/16\/trenta-leccesi-hanno-risolto-il-problema-del-sovraindebitamento-grazie-allimpulso-che-ho-dato-allocc\/\" layout=\"button_count\"><\/fb:like><\/span>","protected":false},"excerpt":{"rendered":"<p>Riceviamo e volentieri pubblichiamo. Il consigliere comunale Christian Gnoni, capogruppo di \u201cCoscienza civica\u201d e gi\u00e0 assessore agli Affari generali, ci manda il seguente comunicato ______ Delle difficolt\u00e0 economiche che travagliano le famiglie leccesi ce ne siamo ampiamente occupati e ci fa piacere che oggi lo riconosca anche questa amministrazione. Da assessore al ramo mi preoccupai [&hellip;]<\/p>\n","protected":false},"author":4,"featured_media":234964,"comment_status":"open","ping_status":"closed","sticky":false,"template":"","format":"standard","meta":[],"categories":[1,69,76,36],"tags":[],"_links":{"self":[{"href":"https:\/\/www.leccecronaca.it\/index.php\/wp-json\/wp\/v2\/posts\/234963"}],"collection":[{"href":"https:\/\/www.leccecronaca.it\/index.php\/wp-json\/wp\/v2\/posts"}],"about":[{"href":"https:\/\/www.leccecronaca.it\/index.php\/wp-json\/wp\/v2\/types\/post"}],"author":[{"embeddable":true,"href":"https:\/\/www.leccecronaca.it\/index.php\/wp-json\/wp\/v2\/users\/4"}],"replies":[{"embeddable":true,"href":"https:\/\/www.leccecronaca.it\/index.php\/wp-json\/wp\/v2\/comments?post=234963"}],"version-history":[{"count":1,"href":"https:\/\/www.leccecronaca.it\/index.php\/wp-json\/wp\/v2\/posts\/234963\/revisions"}],"predecessor-version":[{"id":234965,"href":"https:\/\/www.leccecronaca.it\/index.php\/wp-json\/wp\/v2\/posts\/234963\/revisions\/234965"}],"wp:featuredmedia":[{"embeddable":true,"href":"https:\/\/www.leccecronaca.it\/index.php\/wp-json\/wp\/v2\/media\/234964"}],"wp:attachment":[{"href":"https:\/\/www.leccecronaca.it\/index.php\/wp-json\/wp\/v2\/media?parent=234963"}],"wp:term":[{"taxonomy":"category","embeddable":true,"href":"https:\/\/www.leccecronaca.it\/index.php\/wp-json\/wp\/v2\/categories?post=234963"},{"taxonomy":"post_tag","embeddable":true,"href":"https:\/\/www.leccecronaca.it\/index.php\/wp-json\/wp\/v2\/tags?post=234963"}],"curies":[{"name":"wp","href":"https:\/\/api.w.org\/{rel}","templated":true}]}}