{"id":235089,"date":"2024-10-19T15:58:08","date_gmt":"2024-10-19T13:58:08","guid":{"rendered":"https:\/\/www.leccecronaca.it\/?p=235089"},"modified":"2024-10-19T15:58:13","modified_gmt":"2024-10-19T13:58:13","slug":"la-polemica-sullapertura-della-darsena-di-san-cataldo-christian-gnoni-contro-la-maggioranza-di-centro-destra-facile-annunciare-effetti-speciali-sul-lavoro-fatto-da-altri","status":"publish","type":"post","link":"https:\/\/www.leccecronaca.it\/index.php\/2024\/10\/19\/la-polemica-sullapertura-della-darsena-di-san-cataldo-christian-gnoni-contro-la-maggioranza-di-centro-destra-facile-annunciare-effetti-speciali-sul-lavoro-fatto-da-altri\/","title":{"rendered":"LA POLEMICA \/ SULL&#8217;APERTURA DELLA  DARSENA DI SAN CATALDO CHRISTIAN GNONI CONTRO LA MAGGIORANZA DI CENTRO-DESTRA: &#8220;Facile annunciare effetti speciali sul lavoro fatto da altri&#8221;"},"content":{"rendered":"\n<p><img decoding=\"async\" loading=\"lazy\" width=\"1138\" height=\"1137\" class=\"wp-image-235090\" style=\"width: 1500px;\" src=\"https:\/\/www.leccecronaca.it\/wordpress\/wp-content\/uploads\/2024\/10\/CRITISN.jpg\" alt=\"\" srcset=\"https:\/\/www.leccecronaca.it\/wordpress\/wp-content\/uploads\/2024\/10\/CRITISN.jpg 1138w, https:\/\/www.leccecronaca.it\/wordpress\/wp-content\/uploads\/2024\/10\/CRITISN-300x300.jpg 300w, https:\/\/www.leccecronaca.it\/wordpress\/wp-content\/uploads\/2024\/10\/CRITISN-1024x1024.jpg 1024w, https:\/\/www.leccecronaca.it\/wordpress\/wp-content\/uploads\/2024\/10\/CRITISN-150x150.jpg 150w, https:\/\/www.leccecronaca.it\/wordpress\/wp-content\/uploads\/2024\/10\/CRITISN-768x767.jpg 768w, https:\/\/www.leccecronaca.it\/wordpress\/wp-content\/uploads\/2024\/10\/CRITISN-60x60.jpg 60w\" sizes=\"(max-width: 1138px) 100vw, 1138px\" \/><\/p>\n\n\n\n<p>Riceviamo e volentieri pubblichiamo. Il consigliere comunale Christian Gnoni (nella foto), capogruppo di \u201cCoscienza civica\u201d e gi\u00e0 assessore agli Affari generali, ci manda il seguente comunicato ______\u00a0<\/p>\n\n\n\n<p>Non ci stupiamo pi\u00f9 per la cantilena del centrodestra pronto ad attribuirsi meriti inesistenti o di scarsa entit\u00e0. Questa volta si tratta dell\u2019apertura della darsena di San Cataldo, finalmente tornata in attivit\u00e0 dopo un lungo iter amministrativo e giudiziario perch\u00e9 ci fu anche la revoca del contratto d\u2019appalto, nel 2018, su impulso della Prefettura di Roma per infiltrazioni mafiose e successivo affidamento dei lavori ad aprile 2019.<\/p>\n\n\n\n<p>Sbandierare ai quattro venti che nel giro di tre mesi abbiano risolto il problema darsena rivendicando questo presunto successo come una vittoria politica, fa sorridere perch\u00e9 nel migliore dei casi siamo dinnanzi a manifesta ingenuit\u00e0.<\/p>\n\n\n\n<p>La realt\u00e0 ci dice che avevamo dichiarato la riapertura della darsena per il 2024 e cos\u00ec \u00e8 stato. Poi, come avviene in democrazia, l\u2019avvicendamento dell\u2019amministrazione ha lasciato nelle mani del centrodestra la chiusura dell\u2019iter e ci saranno ancora tanti cantieri che proseguono o che si apriranno lasciati in \u201ceredit\u00e0\u201d a questa amministrazione.<\/p>\n\n\n\n<p>La puntualizzazione \u00e8 d\u2019obbligo perch\u00e9 il fumo negli occhi che tenta di gettare il centrodestra distoglie dalla loro reale azione di governo i cui effetti positivi ancora non si vedono, anzi. <\/p>\n\n\n\n<p>Mi basta citare il caso degli incarichi gratuiti ai professionisti che ha visto la sollevazione degli Ordini professionali e l\u2019investitura del Tar; per non dimenticare l\u2019ultimo pasticcio del cantiere di via Trinchese aperto e chiuso nel giro di 48 ore mostrando un colpevole dilettantismo perch\u00e9 bastava tenere conto sin da subito che siamo a ridosso delle festivit\u00e0 natalizie: il momento pi\u00f9 importante per il commercio; senza voltare lo sguardo all\u2019erbaccia che invade cigli stradali e marciapiedi o al paradosso di via Frigole dove torna il doppio senso di marcia nonostante il comandante Zacheo abbia ribadito che in questo modo non si garantisce la sicurezza stradale. <\/p>\n\n\n\n<p>Mi auguro che il centrodestra volti pagina mostrando maggiore onest\u00e0 intellettuale e una concreta azione di governo<\/p>\n\n\n\n<p><\/p>\n<fb:like href='https:\/\/www.leccecronaca.it\/index.php\/2024\/10\/19\/la-polemica-sullapertura-della-darsena-di-san-cataldo-christian-gnoni-contro-la-maggioranza-di-centro-destra-facile-annunciare-effetti-speciali-sul-lavoro-fatto-da-altri\/' send='true' layout='button_count' show_faces='true' width='450' height='65' action='recommend' colorscheme='light' font='lucida grande'><\/fb:like><span class=\"fb_share\"><fb:like href=\"https:\/\/www.leccecronaca.it\/index.php\/2024\/10\/19\/la-polemica-sullapertura-della-darsena-di-san-cataldo-christian-gnoni-contro-la-maggioranza-di-centro-destra-facile-annunciare-effetti-speciali-sul-lavoro-fatto-da-altri\/\" layout=\"button_count\"><\/fb:like><\/span>","protected":false},"excerpt":{"rendered":"<p>Riceviamo e volentieri pubblichiamo. Il consigliere comunale Christian Gnoni (nella foto), capogruppo di \u201cCoscienza civica\u201d e gi\u00e0 assessore agli Affari generali, ci manda il seguente comunicato ______\u00a0 Non ci stupiamo pi\u00f9 per la cantilena del centrodestra pronto ad attribuirsi meriti inesistenti o di scarsa entit\u00e0. Questa volta si tratta dell\u2019apertura della darsena di San Cataldo, [&hellip;]<\/p>\n","protected":false},"author":4,"featured_media":235090,"comment_status":"open","ping_status":"closed","sticky":false,"template":"","format":"standard","meta":[],"categories":[69,76,36],"tags":[],"_links":{"self":[{"href":"https:\/\/www.leccecronaca.it\/index.php\/wp-json\/wp\/v2\/posts\/235089"}],"collection":[{"href":"https:\/\/www.leccecronaca.it\/index.php\/wp-json\/wp\/v2\/posts"}],"about":[{"href":"https:\/\/www.leccecronaca.it\/index.php\/wp-json\/wp\/v2\/types\/post"}],"author":[{"embeddable":true,"href":"https:\/\/www.leccecronaca.it\/index.php\/wp-json\/wp\/v2\/users\/4"}],"replies":[{"embeddable":true,"href":"https:\/\/www.leccecronaca.it\/index.php\/wp-json\/wp\/v2\/comments?post=235089"}],"version-history":[{"count":1,"href":"https:\/\/www.leccecronaca.it\/index.php\/wp-json\/wp\/v2\/posts\/235089\/revisions"}],"predecessor-version":[{"id":235091,"href":"https:\/\/www.leccecronaca.it\/index.php\/wp-json\/wp\/v2\/posts\/235089\/revisions\/235091"}],"wp:featuredmedia":[{"embeddable":true,"href":"https:\/\/www.leccecronaca.it\/index.php\/wp-json\/wp\/v2\/media\/235090"}],"wp:attachment":[{"href":"https:\/\/www.leccecronaca.it\/index.php\/wp-json\/wp\/v2\/media?parent=235089"}],"wp:term":[{"taxonomy":"category","embeddable":true,"href":"https:\/\/www.leccecronaca.it\/index.php\/wp-json\/wp\/v2\/categories?post=235089"},{"taxonomy":"post_tag","embeddable":true,"href":"https:\/\/www.leccecronaca.it\/index.php\/wp-json\/wp\/v2\/tags?post=235089"}],"curies":[{"name":"wp","href":"https:\/\/api.w.org\/{rel}","templated":true}]}}